{"id":269419,"date":"2025-09-09T06:00:20","date_gmt":"2025-09-09T04:00:20","guid":{"rendered":"https:\/\/www.quicosenza.it\/news\/?p=269419"},"modified":"2025-09-09T07:32:24","modified_gmt":"2025-09-09T05:32:24","slug":"a-san-lucido-il-memorial-dario-albanese-quattro-giorni-di-sport-emozioni-e-fair-play","status":"publish","type":"post","link":"https:\/\/quicosenza.it\/news\/a-san-lucido-il-memorial-dario-albanese-quattro-giorni-di-sport-emozioni-e-fair-play\/","title":{"rendered":"A San Lucido il &#8220;Memorial Dario Albanese&#8221;: quattro giorni di sport, emozioni e fair play"},"content":{"rendered":"<p>SAN LUCIDO (CS) \u2013 Si \u00e8 concluso con un bilancio straordinariamente positivo il Torneo Memorial \u201c<strong>Dario Albanese<\/strong>\u201d, che si \u00e8 svolto dal 4 al 7 settembre allo stadio comunale \u201cPasquale Provenzano\u201d di San Lucido. <strong>Quattro giorni intensi di sport, emozioni e condivisione<\/strong> hanno trasformato la cittadina tirrenica in un vero punto di riferimento per il calcio giovanile, accogliendo squadre provenienti da tutta Italia e anche dall\u2019estero.<\/p>\n<p>L\u2019evento, patrocinato dalla Regione Calabria e realizzato con il supporto del Comune di San Lucido e della Pro Loco, \u00e8 stato organizzato dall\u2019Atletico San Lucido in memoria di Dario Albanese, figura indimenticabile per il club e l\u2019intera comunit\u00e0. <strong>L\u2019atmosfera festosa<\/strong> ha visto la partecipazione di centinaia di spettatori, tutti accorsi per sostenere i piccoli atleti della categoria Pulcini Misti (annate 2015-2016).<\/p>\n<p><strong>Due i tornei disputati<\/strong>: il <strong>Torneo Acli<\/strong>, che ha visto trionfare il <strong>Crotone<\/strong> Calcio, e il <strong>Torneo FIGC,<\/strong> dominato dall\u2019FC <strong>Inter<\/strong>, che ha superato in una combattutissima finale proprio la squadra pitagorica. Grande spettacolo in campo grazie a un livello tecnico sorprendente e al fair play che ha contraddistinto ogni incontro.<\/p>\n<p>A rendere ancora pi\u00f9 speciale la manifestazione, la partecipazione di club prestigiosi come <strong>l\u2019Inter Milano e il Crotone Calcio<\/strong>, e la presenza della <strong>formazione finlandese JaPS 1947<\/strong>, che ha aggiunto un tocco internazionale alla competizione. La qualit\u00e0 dell\u2019evento \u00e8 stata ulteriormente sottolineata dalla presenza di figure di spicco come Giuliano Rusca, responsabile tecnico dell\u2019attivit\u00e0 di base dell\u2019Inter Milano, il presidente dell\u2019Accademia Inter Marco Messerotti e il direttore generale Vincenzo Tridico.<\/p>\n<p>\u201cSiamo estremamente soddisfatti dell&#8217;esito di questo torneo, che ha superato ogni nostra aspettativa\u201d, ha commentato con entusiasmo Sergio Lanzillotta, presidente dell\u2019Atletico San Lucido. \u201cVedere i ragazzi divertirsi e stringere nuove amicizie, nel ricordo di una persona speciale come Dario, \u00e8 stata la vittoria pi\u00f9 grande. La presenza di squadre cos\u00ec importanti ha reso l&#8217;evento unico, e vogliamo ringraziare tutti coloro che hanno contribuito a renderlo possibile. Questi giorni sono stati una celebrazione dello sport, dell&#8217;amicizia e della lealt\u00e0: i valori che ci guidano e che continueremo a trasmettere alle nuove generazioni\u201d.<\/p>\n","protected":false},"excerpt":{"rendered":"<p>SAN LUCIDO (CS) \u2013 Si \u00e8 concluso con un bilancio straordinariamente positivo il Torneo Memorial \u201cDario Albanese\u201d, che si \u00e8 svolto dal 4 al 7 settembre allo stadio comunale \u201cPasquale Provenzano\u201d di San Lucido. Quattro giorni intensi di sport, emozioni e condivisione hanno trasformato la cittadina tirrenica in un vero punto di riferimento per il [&hellip;]<\/p>\n","protected":false},"author":24,"featured_media":269421,"comment_status":"closed","ping_status":"closed","sticky":false,"template":"","format":"standard","meta":{"_acf_changed":false,"footnotes":"","jetpack_publicize_message":"","jetpack_publicize_feature_enabled":true,"jetpack_social_post_already_shared":false,"jetpack_social_options":{"image_generator_settings":{"template":"highway","default_image_id":0,"font":"","enabled":false},"version":2}},"categories":[20],"tags":[19],"class_list":["post-269419","post","type-post","status-publish","format-standard","has-post-thumbnail","hentry","category-sport","tag-copertina"],"acf":[],"jetpack_publicize_connections":[],"_links":{"self":[{"href":"https:\/\/quicosenza.it\/news\/wp-json\/wp\/v2\/posts\/269419","targetHints":{"allow":["GET"]}}],"collection":[{"href":"https:\/\/quicosenza.it\/news\/wp-json\/wp\/v2\/posts"}],"about":[{"href":"https:\/\/quicosenza.it\/news\/wp-json\/wp\/v2\/types\/post"}],"author":[{"embeddable":true,"href":"https:\/\/quicosenza.it\/news\/wp-json\/wp\/v2\/users\/24"}],"replies":[{"embeddable":true,"href":"https:\/\/quicosenza.it\/news\/wp-json\/wp\/v2\/comments?post=269419"}],"version-history":[{"count":0,"href":"https:\/\/quicosenza.it\/news\/wp-json\/wp\/v2\/posts\/269419\/revisions"}],"wp:featuredmedia":[{"embeddable":true,"href":"https:\/\/quicosenza.it\/news\/wp-json\/wp\/v2\/media\/269421"}],"wp:attachment":[{"href":"https:\/\/quicosenza.it\/news\/wp-json\/wp\/v2\/media?parent=269419"}],"wp:term":[{"taxonomy":"category","embeddable":true,"href":"https:\/\/quicosenza.it\/news\/wp-json\/wp\/v2\/categories?post=269419"},{"taxonomy":"post_tag","embeddable":true,"href":"https:\/\/quicosenza.it\/news\/wp-json\/wp\/v2\/tags?post=269419"}],"curies":[{"name":"wp","href":"https:\/\/api.w.org\/{rel}","templated":true}]}}