{"id":269502,"date":"2025-09-09T15:16:01","date_gmt":"2025-09-09T13:16:01","guid":{"rendered":"https:\/\/www.quicosenza.it\/news\/?p=269502"},"modified":"2025-09-09T15:21:12","modified_gmt":"2025-09-09T13:21:12","slug":"castrovillari-stalla-in-fiamme-giovane-agricoltore-gravemente-ustionato-per-salvare-gli-animali","status":"publish","type":"post","link":"https:\/\/quicosenza.it\/news\/castrovillari-stalla-in-fiamme-giovane-agricoltore-gravemente-ustionato-per-salvare-gli-animali\/","title":{"rendered":"Castrovillari, stalla in fiamme: giovane agricoltore gravemente ustionato per salvare gli animali"},"content":{"rendered":"<p>CASTROVILLARI (CS) &#8211; Coldiretti Calabria esprime profonda vicinanza e solidariet\u00e0 alla famiglia dell&#8217;azienda agricola della contrada Cammarata di Castrovillari, dove<strong> un giovane imprenditore agricolo \u00e8 rimasto gravemente ustionato<\/strong> nel tentativo di salvare i suoi vitelli durante un incendio che ha coinvolto la sua azienda agricola. Un episodio che evidenzia ancora una volta il coraggio degli agricoltori calabresi e, al tempo stesso, il rischio quotidiano legato alla gestione delle attivit\u00e0 nei contesti rurali.<\/p>\n<p>Il <strong>Presidente regionale di Coldiretti Calabria,<\/strong>\u00a0<b>Franco Aceto,<\/b>\u00a0ha ribadito che:\u00a0<i>\u00abquello che \u00e8 accaduto a Castrovillari mostra il grande senso di responsabilit\u00e0 e dedizione che anima le nostre aziende. Il gesto eroico del giovane agricoltore dimostra che dietro ogni impresa agricola ci sono persone capaci di <strong>mettere la vita al servizio del benessere degli animali e della propria comunit\u00e0<\/strong>. Stiamo verificando in che modo prestare supporto concreto alla famiglia colpita e ribadiamo l&#8217;importanza di misure di prevenzione e sostegno per contrastare incendi sempre pi\u00f9 frequenti\u00bb.<\/p>\n<p>Il <strong>Direttore regionale<\/strong>\u00a0<b>Francesco Cosentini<\/b>\u00a0ha aggiunto che \u00ab<i>\u00e8 d&#8217;obbligo una riflessione sulla vulnerabilit\u00e0 di chi lavora quotidianamente nei campi.<strong> \u00c8 necessario adottare strategie efficaci di prevenzione e tutela per gli agricoltori<\/strong> che, con grande dedizione, presidiano il territorio e le aree interne, sempre pi\u00f9 esposte al rischio di spopolamento. Serve un cambio di paradigma nella lotta agli incendi, che continuano a mettere in pericolo vite umane, aziende agricole e biodiversit\u00e0\u00bb.<\/p>\n<p>Le cause sono da accertare, ma di certo si tratta di un nuovo grave episodio in un contesto, sia regionale che nazionale, gi\u00e0 duramente segnato dagli incendi: i<strong> dati Coldiretti evidenziano un aumento del 60% degli ettari bruciati in Italia nel 2025,<\/strong> rispetto alla media degli ultimi vent&#8217;anni, spesso in focolai di origine dolosa.\u00a0 Quasi 57mila ettari di boschi e campi sono stati distrutti dalle fiamme dall&#8217;inizio dell&#8217;anno, complici il caldo intenso, il vento e la scarsa gestione delle aree verdi.<\/p>\n","protected":false},"excerpt":{"rendered":"<p>CASTROVILLARI (CS) &#8211; Coldiretti Calabria esprime profonda vicinanza e solidariet\u00e0 alla famiglia dell&#8217;azienda agricola della contrada Cammarata di Castrovillari, dove un giovane imprenditore agricolo \u00e8 rimasto gravemente ustionato nel tentativo di salvare i suoi vitelli durante un incendio che ha coinvolto la sua azienda agricola. Un episodio che evidenzia ancora una volta il coraggio degli [&hellip;]<\/p>\n","protected":false},"author":58,"featured_media":269504,"comment_status":"closed","ping_status":"closed","sticky":false,"template":"","format":"standard","meta":{"_acf_changed":false,"footnotes":"","jetpack_publicize_message":"","jetpack_publicize_feature_enabled":true,"jetpack_social_post_already_shared":false,"jetpack_social_options":{"image_generator_settings":{"template":"highway","default_image_id":0,"font":"","enabled":false},"version":2}},"categories":[28],"tags":[19],"class_list":["post-269502","post","type-post","status-publish","format-standard","has-post-thumbnail","hentry","category-provincia","tag-copertina"],"acf":[],"jetpack_publicize_connections":[],"_links":{"self":[{"href":"https:\/\/quicosenza.it\/news\/wp-json\/wp\/v2\/posts\/269502","targetHints":{"allow":["GET"]}}],"collection":[{"href":"https:\/\/quicosenza.it\/news\/wp-json\/wp\/v2\/posts"}],"about":[{"href":"https:\/\/quicosenza.it\/news\/wp-json\/wp\/v2\/types\/post"}],"author":[{"embeddable":true,"href":"https:\/\/quicosenza.it\/news\/wp-json\/wp\/v2\/users\/58"}],"replies":[{"embeddable":true,"href":"https:\/\/quicosenza.it\/news\/wp-json\/wp\/v2\/comments?post=269502"}],"version-history":[{"count":0,"href":"https:\/\/quicosenza.it\/news\/wp-json\/wp\/v2\/posts\/269502\/revisions"}],"wp:featuredmedia":[{"embeddable":true,"href":"https:\/\/quicosenza.it\/news\/wp-json\/wp\/v2\/media\/269504"}],"wp:attachment":[{"href":"https:\/\/quicosenza.it\/news\/wp-json\/wp\/v2\/media?parent=269502"}],"wp:term":[{"taxonomy":"category","embeddable":true,"href":"https:\/\/quicosenza.it\/news\/wp-json\/wp\/v2\/categories?post=269502"},{"taxonomy":"post_tag","embeddable":true,"href":"https:\/\/quicosenza.it\/news\/wp-json\/wp\/v2\/tags?post=269502"}],"curies":[{"name":"wp","href":"https:\/\/api.w.org\/{rel}","templated":true}]}}