{"id":269536,"date":"2025-09-09T17:18:56","date_gmt":"2025-09-09T15:18:56","guid":{"rendered":"https:\/\/www.quicosenza.it\/news\/?p=269536"},"modified":"2025-09-09T17:21:17","modified_gmt":"2025-09-09T15:21:17","slug":"palazzetto-dello-sport-di-donnici-dopo-lunghi-anni-sara-demolito-e-ricostruito","status":"publish","type":"post","link":"https:\/\/quicosenza.it\/news\/palazzetto-dello-sport-di-donnici-dopo-lunghi-anni-sara-demolito-e-ricostruito\/","title":{"rendered":"Palazzetto dello sport di Donnici, dopo lunghi anni sar\u00e0 demolito e ricostruito"},"content":{"rendered":"<p>COSENZA &#8211; <strong>&#8220;Sar\u00e0 abbattuto e ricostruito ex novo il Palazzetto dello Sport di Donnici&#8221;.<\/strong> E&#8217; quanto afferma <strong>\u00a0Franz Caruso<\/strong>, approfondendo la notizia annunciata questa mattina, nel corso del Consiglio Comunale, dal delegato ai LLPP &#8220;un settore \u2013 prosegue Franz Caruso \u2013 che ringrazio perch\u00e9 sta svolgendo un ottimo lavoro, per merito del quale \u00e8 stato possibile investire tantissimo in opere pubbliche che cambieranno il volto della citt\u00e0. In particolare, nel settore sportivo, si sta procedendo ad incrementare le strutture dedicate allo sport \u00a0con\u00a0 la realizzazione di nuovi impianti e con l&#8217;adeguamento ed il rifacimento di immobili fatiscenti ed obsoleti, rimasti inutilizzati da anni&#8221;.<\/p>\n<p>&#8220;Il palazzetto dello sport di Donnici \u2013 spiega Franz Caruso &#8211; \u00a0prevede un f<strong>inanziamento di circa 3.804.000 euro,<\/strong> di cui 2.700.000,00 rinvenienti da un finanziamento della Presidenza del Consiglio dei Ministri. <strong>Il Comune di Cosenza ha, infatti, partecipato all&#8217;avviso pubblico &#8221; Sport e Periferie 2025&#8243; con un progetto importante che \u00e8 stato ritenuto meritevole<\/strong> tanto da essere inserito al dodicesimo posto della \u00a0graduatoria scaturita dal bando ed in cui sono presenti oltre 300 comuni italiani. Il progetto mira a trasformare il palazzetto in un&#8217;infrastruttura moderna e multifunzionale, in grado di accogliere attivit\u00e0 scolastiche e associative, rispondendo cos\u00ec alle esigenze del territorio e alle realt\u00e0 sportive locali&#8221;.<\/p>\n<p>&#8220;La scelta di intervenire sul palazzetto di Donnici &#8211; conclude Franz Caruso &#8211; rappresenta una risposta concreta non solo alle esigenze dei residenti di quel territorio, che attendevano da tempo una struttura sportiva adeguata, ma anche di tutto un potenziale di fruitori provenienti dall&#8217;intera citt\u00e0 e da altre zone limitrofe, che potranno finalmente contare su un impianto per troppo tempo inghiottito dal degrado e dall&#8217;abbandono e che ora potr\u00e0 tornare a nuova vita.<strong> L&#8217;intento \u00e8 anche quello di valorizzare le periferie urbane attraverso la\u00a0realizzazione di spazi aggregativi accessibili e inclusivi<\/strong>, capaci di generare effetti positivi sulla coesione sociale e sulle opportunit\u00e0 per i giovani&#8221;.<\/p>\n","protected":false},"excerpt":{"rendered":"<p>COSENZA &#8211; &#8220;Sar\u00e0 abbattuto e ricostruito ex novo il Palazzetto dello Sport di Donnici&#8221;. E&#8217; quanto afferma \u00a0Franz Caruso, approfondendo la notizia annunciata questa mattina, nel corso del Consiglio Comunale, dal delegato ai LLPP &#8220;un settore \u2013 prosegue Franz Caruso \u2013 che ringrazio perch\u00e9 sta svolgendo un ottimo lavoro, per merito del quale \u00e8 stato [&hellip;]<\/p>\n","protected":false},"author":58,"featured_media":261705,"comment_status":"closed","ping_status":"closed","sticky":false,"template":"","format":"standard","meta":{"_acf_changed":false,"footnotes":"","jetpack_publicize_message":"","jetpack_publicize_feature_enabled":true,"jetpack_social_post_already_shared":false,"jetpack_social_options":{"image_generator_settings":{"template":"highway","default_image_id":0,"font":"","enabled":false},"version":2}},"categories":[563,42],"tags":[19],"class_list":["post-269536","post","type-post","status-publish","format-standard","has-post-thumbnail","hentry","category-area-urbana","category-cosenza","tag-copertina"],"acf":[],"jetpack_publicize_connections":[],"_links":{"self":[{"href":"https:\/\/quicosenza.it\/news\/wp-json\/wp\/v2\/posts\/269536","targetHints":{"allow":["GET"]}}],"collection":[{"href":"https:\/\/quicosenza.it\/news\/wp-json\/wp\/v2\/posts"}],"about":[{"href":"https:\/\/quicosenza.it\/news\/wp-json\/wp\/v2\/types\/post"}],"author":[{"embeddable":true,"href":"https:\/\/quicosenza.it\/news\/wp-json\/wp\/v2\/users\/58"}],"replies":[{"embeddable":true,"href":"https:\/\/quicosenza.it\/news\/wp-json\/wp\/v2\/comments?post=269536"}],"version-history":[{"count":0,"href":"https:\/\/quicosenza.it\/news\/wp-json\/wp\/v2\/posts\/269536\/revisions"}],"wp:featuredmedia":[{"embeddable":true,"href":"https:\/\/quicosenza.it\/news\/wp-json\/wp\/v2\/media\/261705"}],"wp:attachment":[{"href":"https:\/\/quicosenza.it\/news\/wp-json\/wp\/v2\/media?parent=269536"}],"wp:term":[{"taxonomy":"category","embeddable":true,"href":"https:\/\/quicosenza.it\/news\/wp-json\/wp\/v2\/categories?post=269536"},{"taxonomy":"post_tag","embeddable":true,"href":"https:\/\/quicosenza.it\/news\/wp-json\/wp\/v2\/tags?post=269536"}],"curies":[{"name":"wp","href":"https:\/\/api.w.org\/{rel}","templated":true}]}}