{"id":269638,"date":"2025-09-10T16:15:29","date_gmt":"2025-09-10T14:15:29","guid":{"rendered":"https:\/\/www.quicosenza.it\/news\/?p=269638"},"modified":"2025-09-10T16:16:09","modified_gmt":"2025-09-10T14:16:09","slug":"asp-cosenza-replica-a-orrico-servizio-logopedia-mai-interrotto-a-rogliano-sara-potenziato","status":"publish","type":"post","link":"https:\/\/quicosenza.it\/news\/asp-cosenza-replica-a-orrico-servizio-logopedia-mai-interrotto-a-rogliano-sara-potenziato\/","title":{"rendered":"Asp Cosenza replica a Orrico: &#8220;Servizio logopedia mai interrotto a Rogliano, sar\u00e0 potenziato&#8221;"},"content":{"rendered":"<p>COSENZA &#8211; L&#8217;Azienda Sanitaria Provinciale di Cosenza &#8220;ritiene doveroso chiarire, con la massima trasparenza, la situazione del reparto di <strong>Neuropsichiatria infantile di Rogliano<\/strong>, al centro di notizie che hanno suscitato preoccupazione tra le famiglie e nell&#8217;opinione pubblica&#8221;. La replica dell&#8217;Asp di Cosenza arriva dopo che ieri la <strong>deputata del M5S Anna Laura Orrico<\/strong> ha presentato un <strong><a href=\"https:\/\/quicosenza.it\/news\/area-urbana\/sanita-negata-anna-laura-orrico-m5s-presenta-un-esposto-in-procura-diritti-trasformati-in-ricatti-e-favori\" target=\"_blank\" rel=\"noopener\">esposto<\/a><\/strong> al Tribunale di Cosenza, denunciando &#8220;otto mesi senza logopedia per i piccoli pazienti nel reparto di neuropsichiatria di Rogliano. Famiglie che non ricevono proprio l&#8217;assistenza domiciliare da almeno tre o quattro anni&#8221;.<\/p>\n<p>L&#8217;ASP &#8211; prosegue la nota &#8211; intende rassicurare: <strong>l<\/strong>a<strong> continuit\u00e0 del servizio logopedico non \u00e8 mai stata interrotta e oggi l&#8217;assistenza \u00e8 garantita da due logopediste operative sin dal 30 giugno.<\/strong>\u00a0La vicenda \u00e8 stata originata da circostanze personali riguardanti la logopedista in servizio fino alla scorsa primavera. Dopo alcuni periodi di malattia di breve durata, a met\u00e0 giugno \u00e8 stata formalizzata la sua interdizione per maternit\u00e0. Dal 17-18 giugno la direzione ha quindi attivato le procedure di sostituzione, garantendo fin da subito una copertura transitoria con personale spostato temporaneamente da altri incarichi.<\/p>\n<p class=\"v1v1MsoNormal\">Oggi il reparto garantisce la <strong>piena operativit\u00e0 con 2 logopediste e proseguir\u00e0 con l&#8217;arrivo di un nuovo operatore a tempo pieno<\/strong>, <strong>in servizio dal 1\u00b0 ottobre 2025<\/strong>. Una pianificazione che non risponde solo all&#8217;esigenza contingente ma guarda anche al futuro, rafforzando in maniera strutturale il servizio e aumentando la capacit\u00e0 di presa in carico delle famiglie. L&#8217;ASP comprende le preoccupazioni dei genitori e di quanti hanno sollevato il problema, ma \u00e8 necessario ribadire con chiarezza che il reparto non ha mai smesso di garantire le prestazioni logopediche. <strong>Parlare di un servizio inesistente o sospeso non corrisponde alla realt\u00e0 dei fatti.<\/strong> Le procedure attivate dimostrano l&#8217;impegno dell&#8217;Azienda a fronteggiare tempestivamente una situazione imprevista e a trasformarla in un&#8217;occasione di potenziamento dell&#8217;organico&#8221;.<\/p>\n<h3><strong>Antonello Graziano: &#8220;Inutile allarmismo&#8221;<\/strong><\/h3>\n<p class=\"v1v1MsoNormal\"><strong>\u00a0<\/strong><strong>Perentorio l&#8217;intervento del Direttore generale Antonello Graziano sull&#8217;argomento: \u00abChi ha sollevato la questione ha agito con approssimazione e superficialit\u00e0, generando inutile allarmismo\u00bb.<\/strong>\u00a0La logopedia rappresenta un tassello fondamentale nei percorsi di crescita e di inclusione dei bambini seguiti dal reparto di Neuropsichiatria infantile. Proprio per questo motivo, la Direzione ha dato priorit\u00e0 assoluta a questa esigenza, pur tra le difficolt\u00e0 legate alla gestione del personale e ai vincoli normativi.<\/p>\n<p class=\"v1v1MsoNormal\">L&#8217;Azienda Sanitaria Provinciale di Cosenza respinge quindi l&#8217;idea che ci sia stata una sospensione delle cure e ribadisce il proprio impegno a garantire con continuit\u00e0 il diritto alla salute dei minori. Il percorso seguito negli ultimi mesi dimostra che la macchina organizzativa, pur tra difficolt\u00e0 e passaggi burocratici, \u00e8 riuscita a tutelare i bambini in carico alla struttura. Il futuro si apre ora con prospettive pi\u00f9 solide e la professionista neo-assunta dimostra la chiara volont\u00e0 di consolidare l&#8217;offerta terapeutica sul territorio&#8221;.<\/p>\n","protected":false},"excerpt":{"rendered":"<p>COSENZA &#8211; L&#8217;Azienda Sanitaria Provinciale di Cosenza &#8220;ritiene doveroso chiarire, con la massima trasparenza, la situazione del reparto di Neuropsichiatria infantile di Rogliano, al centro di notizie che hanno suscitato preoccupazione tra le famiglie e nell&#8217;opinione pubblica&#8221;. La replica dell&#8217;Asp di Cosenza arriva dopo che ieri la deputata del M5S Anna Laura Orrico ha presentato [&hellip;]<\/p>\n","protected":false},"author":58,"featured_media":269641,"comment_status":"closed","ping_status":"closed","sticky":false,"template":"","format":"standard","meta":{"_acf_changed":false,"footnotes":"","jetpack_publicize_message":"","jetpack_publicize_feature_enabled":true,"jetpack_social_post_already_shared":false,"jetpack_social_options":{"image_generator_settings":{"template":"highway","default_image_id":0,"font":"","enabled":false},"version":2}},"categories":[28],"tags":[19],"class_list":["post-269638","post","type-post","status-publish","format-standard","has-post-thumbnail","hentry","category-provincia","tag-copertina"],"acf":[],"jetpack_publicize_connections":[],"_links":{"self":[{"href":"https:\/\/quicosenza.it\/news\/wp-json\/wp\/v2\/posts\/269638","targetHints":{"allow":["GET"]}}],"collection":[{"href":"https:\/\/quicosenza.it\/news\/wp-json\/wp\/v2\/posts"}],"about":[{"href":"https:\/\/quicosenza.it\/news\/wp-json\/wp\/v2\/types\/post"}],"author":[{"embeddable":true,"href":"https:\/\/quicosenza.it\/news\/wp-json\/wp\/v2\/users\/58"}],"replies":[{"embeddable":true,"href":"https:\/\/quicosenza.it\/news\/wp-json\/wp\/v2\/comments?post=269638"}],"version-history":[{"count":0,"href":"https:\/\/quicosenza.it\/news\/wp-json\/wp\/v2\/posts\/269638\/revisions"}],"wp:featuredmedia":[{"embeddable":true,"href":"https:\/\/quicosenza.it\/news\/wp-json\/wp\/v2\/media\/269641"}],"wp:attachment":[{"href":"https:\/\/quicosenza.it\/news\/wp-json\/wp\/v2\/media?parent=269638"}],"wp:term":[{"taxonomy":"category","embeddable":true,"href":"https:\/\/quicosenza.it\/news\/wp-json\/wp\/v2\/categories?post=269638"},{"taxonomy":"post_tag","embeddable":true,"href":"https:\/\/quicosenza.it\/news\/wp-json\/wp\/v2\/tags?post=269638"}],"curies":[{"name":"wp","href":"https:\/\/api.w.org\/{rel}","templated":true}]}}