{"id":269639,"date":"2025-09-10T19:28:08","date_gmt":"2025-09-10T17:28:08","guid":{"rendered":"https:\/\/www.quicosenza.it\/news\/?p=269639"},"modified":"2025-09-10T19:28:42","modified_gmt":"2025-09-10T17:28:42","slug":"tragedia-al-camping-le-giare-25-anni-dopo-fiorita-dolore-in-coraggio-investire-in-sicurezza-e-prevenzione","status":"publish","type":"post","link":"https:\/\/quicosenza.it\/news\/tragedia-al-camping-le-giare-25-anni-dopo-fiorita-dolore-in-coraggio-investire-in-sicurezza-e-prevenzione\/","title":{"rendered":"Tragedia al camping Le Giare, 25 anni dopo. Fiorita: \u00abDolore in coraggio, investire in sicurezza e prevenzione\u00bb"},"content":{"rendered":"<p>CATANZARO &#8211; Sono trascorsi <strong>25 anni dall&#8217;alluvione<\/strong> che nella notte <strong>tra il 9 e il 10 settembre 2000, a Soverato,<\/strong> distrusse il <strong>campeggio Le Giare<\/strong> a causa dello straripamento del torrente Beltrame. A perdere la vita furono <strong>13 persone,<\/strong> disabili e volontari dell&#8217;Unitalsi di Catanzaro, che in quel camping stavano trascorrendo le loro vacanze. Oggi il sindaco di Catanzaro, <strong>Nicola Fiorita,<\/strong> ricorda quella tragedia.<\/p>\n<p>&#8220;Una sera di fine estate, che sarebbe dovuta rimanere nei ricordi come un momento di festa &#8211; afferma il sindaco &#8211; ha <strong>segnato per sempre la memoria di un comunit\u00e0<\/strong> che si ritrova, ogni anno, unita nel ricordo e nel dolore. Storie di famiglie, come quella dei volontari Unitalsi, che si intrecciano, ancora oggi, nel <strong>commemorare chi non c&#8217;\u00e8 pi\u00f9,<\/strong> sottolineando lo straordinario altruismo di quanti, quella notte, sacrificarono finanche la propria vita per salvare quella degli altri&#8221;.<\/p>\n<p>&#8220;La vicenda Le Giare &#8211; prosegue il primo cittadino &#8211; \u00e8 una<strong> ferita che non si \u00e8 mai rimarginata<\/strong> nel cuore e nella mente di chi l&#8217;ha vissuta, ma rappresenta, allo stesso tempo, uno <strong>spartiacque<\/strong> che, dal lontano 2000, guida le coscienze di noi tutti rispetto al tema complesso e sempre urgente del <strong>dissesto idrogeologico<\/strong>. Davanti alla fragilit\u00e0 del territorio calabrese, \u00e8 doveroso che chi riveste ruoli di responsabilit\u00e0, cos\u00ec come ogni singolo cittadino, investa ogni energia possibile nella<strong> cultura della prevenzione e della sicurezza<\/strong>&#8220;.<\/p>\n<p>&#8220;Il ricordo delle tredici vittime &#8211; conclude Fiorita &#8211; continua, da venticinque anni a questa parte, a rappresentare un <strong>monito affinch\u00e9 simili tragedie non si ripetano pi\u00f9,<\/strong> <strong>trasformando il dolore in coraggio,<\/strong> mettendo in campo azioni e comportamenti che guardano al bene delle future generazioni&#8221;.<\/p>\n","protected":false},"excerpt":{"rendered":"<p>CATANZARO &#8211; Sono trascorsi 25 anni dall&#8217;alluvione che nella notte tra il 9 e il 10 settembre 2000, a Soverato, distrusse il campeggio Le Giare a causa dello straripamento del torrente Beltrame. A perdere la vita furono 13 persone, disabili e volontari dell&#8217;Unitalsi di Catanzaro, che in quel camping stavano trascorrendo le loro vacanze. Oggi [&hellip;]<\/p>\n","protected":false},"author":90,"featured_media":269640,"comment_status":"closed","ping_status":"closed","sticky":false,"template":"","format":"standard","meta":{"_acf_changed":false,"footnotes":"","jetpack_publicize_message":"","jetpack_publicize_feature_enabled":true,"jetpack_social_post_already_shared":false,"jetpack_social_options":{"image_generator_settings":{"template":"highway","default_image_id":0,"font":"","enabled":false},"version":2}},"categories":[17],"tags":[],"class_list":["post-269639","post","type-post","status-publish","format-standard","has-post-thumbnail","hentry","category-calabria"],"acf":[],"jetpack_publicize_connections":[],"_links":{"self":[{"href":"https:\/\/quicosenza.it\/news\/wp-json\/wp\/v2\/posts\/269639","targetHints":{"allow":["GET"]}}],"collection":[{"href":"https:\/\/quicosenza.it\/news\/wp-json\/wp\/v2\/posts"}],"about":[{"href":"https:\/\/quicosenza.it\/news\/wp-json\/wp\/v2\/types\/post"}],"author":[{"embeddable":true,"href":"https:\/\/quicosenza.it\/news\/wp-json\/wp\/v2\/users\/90"}],"replies":[{"embeddable":true,"href":"https:\/\/quicosenza.it\/news\/wp-json\/wp\/v2\/comments?post=269639"}],"version-history":[{"count":0,"href":"https:\/\/quicosenza.it\/news\/wp-json\/wp\/v2\/posts\/269639\/revisions"}],"wp:featuredmedia":[{"embeddable":true,"href":"https:\/\/quicosenza.it\/news\/wp-json\/wp\/v2\/media\/269640"}],"wp:attachment":[{"href":"https:\/\/quicosenza.it\/news\/wp-json\/wp\/v2\/media?parent=269639"}],"wp:term":[{"taxonomy":"category","embeddable":true,"href":"https:\/\/quicosenza.it\/news\/wp-json\/wp\/v2\/categories?post=269639"},{"taxonomy":"post_tag","embeddable":true,"href":"https:\/\/quicosenza.it\/news\/wp-json\/wp\/v2\/tags?post=269639"}],"curies":[{"name":"wp","href":"https:\/\/api.w.org\/{rel}","templated":true}]}}