{"id":269642,"date":"2025-09-13T12:00:22","date_gmt":"2025-09-13T10:00:22","guid":{"rendered":"https:\/\/www.quicosenza.it\/news\/?p=269642"},"modified":"2025-09-10T16:38:54","modified_gmt":"2025-09-10T14:38:54","slug":"vendemmia-in-calabria-dati-in-crescita-nel-segno-della-qualita-previsti-109-mila-ettolitri-di-vino","status":"publish","type":"post","link":"https:\/\/quicosenza.it\/news\/vendemmia-in-calabria-dati-in-crescita-nel-segno-della-qualita-previsti-109-mila-ettolitri-di-vino\/","title":{"rendered":"Vendemmia in Calabria, dati in crescita nel segno della qualit\u00e0: previsti 109 mila ettolitri di vino"},"content":{"rendered":"<p>CATANZARO &#8211; Ottime prospettive, in termini di qualit\u00e0 e quantit\u00e0, per la <strong>vendemmia 2025<\/strong> in <strong>Calabria<\/strong> che, secondo le prime previsioni, far\u00e0 segnare un <strong>+15% rispetto all&#8217;anno precedente<\/strong> con <strong>109 mila ettolitri di produzione.<\/strong>\u00a0Sono queste le stime di Assoenologi, Unione italiana vini (Uiv) e Istituto di Servizi per il Mercato Agricolo Alimentare (<a href=\"https:\/\/www.ismea.it\/istituto-di-servizi-per-il-mercato-agricolo-alimentare\" target=\"_blank\" rel=\"noopener\">Ismea<\/a>) in collaborazione col Masaf e le regioni.<\/p>\n<p>&#8220;Dopo le difficolt\u00e0 avute negli ultimi anni &#8211; evidenzia la relazione &#8211; segnate da malattie fungine ed eventi climatici avversi, il <strong>2025 \u00e8 stato favorevole alla crescita e salubrit\u00e0 della vite.<\/strong> L&#8217;andamento climatico ha accompagnato positivamente tutte le fasi di sviluppo, dal germogliamento alla maturazione del grappolo, con uve che presentano un ottimo stato sanitario. Solo delle gelate primaverili in alcuni areali, soprattutto nel Crotonese, hanno provocato qualche perdita&#8221;.<\/p>\n<p>La vendemmia un Calabria \u00e8 gi\u00e0 <strong>iniziata dai primi giorni di agosto<\/strong> con la raccolta delle uve destinate alla produzione delle basi spumanti, quali <strong>Chardonnay, Sauvignon e Pinot,<\/strong> seguite nelle settimane successive dalle variet\u00e0 autoctone. Per la <strong>produzione di <a href=\"https:\/\/quicosenza.it\/news\/calabria\/vinitaly-2024-puntalice-bio-della-senatore-vini-di-ciro-marina-e-il-miglior-rose-biologico\" target=\"_blank\" rel=\"noopener\">Cir\u00f2<\/a><\/strong>, che da poco ha anche ottenuto la prima Docg calabrese per il Cir\u00f2 Classico, le uve Gaglioppo stanno ultimando il percorso di maturazione che le vedr\u00e0 in<strong> raccolta nella seconda met\u00e0 di settembre<\/strong>. &#8220;Se le condizioni meteo si manterranno stabili e favorevoli &#8211; conclude la relazione &#8211; si prospetta dunque una vendemmia ottimale in termini di qualit\u00e0 e quantit\u00e0&#8221;.<\/p>\n","protected":false},"excerpt":{"rendered":"<p>CATANZARO &#8211; Ottime prospettive, in termini di qualit\u00e0 e quantit\u00e0, per la vendemmia 2025 in Calabria che, secondo le prime previsioni, far\u00e0 segnare un +15% rispetto all&#8217;anno precedente con 109 mila ettolitri di produzione.\u00a0Sono queste le stime di Assoenologi, Unione italiana vini (Uiv) e Istituto di Servizi per il Mercato Agricolo Alimentare (Ismea) in collaborazione [&hellip;]<\/p>\n","protected":false},"author":90,"featured_media":269646,"comment_status":"closed","ping_status":"closed","sticky":false,"template":"","format":"standard","meta":{"_acf_changed":false,"footnotes":"","jetpack_publicize_message":"","jetpack_publicize_feature_enabled":true,"jetpack_social_post_already_shared":false,"jetpack_social_options":{"image_generator_settings":{"template":"highway","default_image_id":0,"font":"","enabled":false},"version":2}},"categories":[17],"tags":[19],"class_list":["post-269642","post","type-post","status-publish","format-standard","has-post-thumbnail","hentry","category-calabria","tag-copertina"],"acf":[],"jetpack_publicize_connections":[],"_links":{"self":[{"href":"https:\/\/quicosenza.it\/news\/wp-json\/wp\/v2\/posts\/269642","targetHints":{"allow":["GET"]}}],"collection":[{"href":"https:\/\/quicosenza.it\/news\/wp-json\/wp\/v2\/posts"}],"about":[{"href":"https:\/\/quicosenza.it\/news\/wp-json\/wp\/v2\/types\/post"}],"author":[{"embeddable":true,"href":"https:\/\/quicosenza.it\/news\/wp-json\/wp\/v2\/users\/90"}],"replies":[{"embeddable":true,"href":"https:\/\/quicosenza.it\/news\/wp-json\/wp\/v2\/comments?post=269642"}],"version-history":[{"count":0,"href":"https:\/\/quicosenza.it\/news\/wp-json\/wp\/v2\/posts\/269642\/revisions"}],"wp:featuredmedia":[{"embeddable":true,"href":"https:\/\/quicosenza.it\/news\/wp-json\/wp\/v2\/media\/269646"}],"wp:attachment":[{"href":"https:\/\/quicosenza.it\/news\/wp-json\/wp\/v2\/media?parent=269642"}],"wp:term":[{"taxonomy":"category","embeddable":true,"href":"https:\/\/quicosenza.it\/news\/wp-json\/wp\/v2\/categories?post=269642"},{"taxonomy":"post_tag","embeddable":true,"href":"https:\/\/quicosenza.it\/news\/wp-json\/wp\/v2\/tags?post=269642"}],"curies":[{"name":"wp","href":"https:\/\/api.w.org\/{rel}","templated":true}]}}