{"id":269664,"date":"2025-09-10T19:20:55","date_gmt":"2025-09-10T17:20:55","guid":{"rendered":"https:\/\/www.quicosenza.it\/news\/?p=269664"},"modified":"2025-09-10T19:20:55","modified_gmt":"2025-09-10T17:20:55","slug":"a-cosenza-passerelle-aperte-fashion-show-moda-inclusione-e-solidarieta-a-villa-rendano","status":"publish","type":"post","link":"https:\/\/quicosenza.it\/news\/a-cosenza-passerelle-aperte-fashion-show-moda-inclusione-e-solidarieta-a-villa-rendano\/","title":{"rendered":"A Cosenza Passerelle Aperte \u2013 Fashion Show: moda, inclusione e solidariet\u00e0 a Villa Rendano"},"content":{"rendered":"<p>COSENZA \u2013 I sogni di Saveria, presieduta da Teodolinda Capocasale, presenta <strong>Passerelle Aperte \u2013 Fashion Show<\/strong>,<strong> un evento di beneficenza unico nel suo genere che unisce moda, cultura ed enogastronomia<\/strong>, con l\u2019obiettivo di sostenere i laboratori educativi gratuiti rivolti a bambini e ragazzi con disabilit\u00e0 o provenienti da contesti di disagio socio-economico. La serata, resa possibile grazie alla collaborazione tra <strong>l\u2019Associazione 3&#215;21 e la Fondazione \u201cAttilio ed Elena Giuliani\u201d<\/strong>, guidata dal presidente dott. Walter Pellegrino, si svolger\u00e0 venerd\u00ec 3 ottobre 2025, a partire dalle ore 19:00, nella suggestiva cornice di Villa Rendano a Cosenza, luogo simbolo di arte e storia, che aprir\u00e0 le sue porte a un pubblico speciale.<\/p>\n<p><img loading=\"lazy\" decoding=\"async\" class=\"aligncenter wp-image-269665 \" src=\"https:\/\/quicosenza.it\/news\/wp-content\/uploads\/2025\/09\/36a039b6-b854-495e-993c-70628810cec1.jpg\" alt=\"\" width=\"445\" height=\"791\" title=\"\" srcset=\"https:\/\/quicosenza.it\/news\/wp-content\/uploads\/2025\/09\/36a039b6-b854-495e-993c-70628810cec1.jpg 900w, https:\/\/quicosenza.it\/news\/wp-content\/uploads\/2025\/09\/36a039b6-b854-495e-993c-70628810cec1-169x300.jpg 169w, https:\/\/quicosenza.it\/news\/wp-content\/uploads\/2025\/09\/36a039b6-b854-495e-993c-70628810cec1-576x1024.jpg 576w, https:\/\/quicosenza.it\/news\/wp-content\/uploads\/2025\/09\/36a039b6-b854-495e-993c-70628810cec1-768x1365.jpg 768w, https:\/\/quicosenza.it\/news\/wp-content\/uploads\/2025\/09\/36a039b6-b854-495e-993c-70628810cec1-864x1536.jpg 864w, https:\/\/quicosenza.it\/news\/wp-content\/uploads\/2025\/09\/36a039b6-b854-495e-993c-70628810cec1-236x420.jpg 236w, https:\/\/quicosenza.it\/news\/wp-content\/uploads\/2025\/09\/36a039b6-b854-495e-993c-70628810cec1-150x267.jpg 150w, https:\/\/quicosenza.it\/news\/wp-content\/uploads\/2025\/09\/36a039b6-b854-495e-993c-70628810cec1-300x533.jpg 300w, https:\/\/quicosenza.it\/news\/wp-content\/uploads\/2025\/09\/36a039b6-b854-495e-993c-70628810cec1-696x1237.jpg 696w\" sizes=\"auto, (max-width: 445px) 100vw, 445px\" \/><\/p>\n<p>Un fashion show che abbatte gli stereotipi: sulla passerella, le meravigliose creazioni di Luigia Granata, Designer identitaria, vestiranno modelle di ogni et\u00e0, bellezza e forma, comprese donne con disabilit\u00e0, per trasmettere un messaggio forte e chiaro: la vera bellezza \u00e8 quella che unisce. Degustazione di vini e premi dal territorio Dopo la passerella, gli ospiti saranno accolti in un percorso di degustazione di vini calabresi, offerti da <strong>prestigiose cantine<\/strong>:<\/p>\n<p>\u2022 Cantina Cav. Antonio Malena \u2013 Cir\u00f2 Marina \u2022 Cantina Ippolito \u2013 Cir\u00f2 Marina \u2022 Cantina Colacino \u2013 Marzi (CS) \u2022 Cantina Artese \u2013 Vibo Valentia \u2022 Cantina L\u2019Acino \u2013 San Marco Argentano<\/p>\n<p>Non mancher\u00e0 un <strong>momento di divertimento<\/strong> con l\u2019estrazione di premi messi a disposizione da numerose attivit\u00e0 del territorio, che hanno scelto di sostenere la causa solidale dell\u2019associazione. Un progetto unico in Italia <strong>3&#215;21 \u2013 I sogni di Saveria \u00e8 una realt\u00e0 associativa unica in Italia ed \u00e8 oggi l\u2019unica associazione<\/strong> con una presidente con sindrome di Down, Teodolinda, laureata e impegnata in prima linea per costruire opportunit\u00e0 concrete di crescita, inclusione e lavoro. Due terzi del direttivo dell\u2019associazione sono infatti composti da persone con sindrome di Down, a testimonianza di una missione che diventa realt\u00e0 quotidiana.<\/p>\n","protected":false},"excerpt":{"rendered":"<p>COSENZA \u2013 I sogni di Saveria, presieduta da Teodolinda Capocasale, presenta Passerelle Aperte \u2013 Fashion Show, un evento di beneficenza unico nel suo genere che unisce moda, cultura ed enogastronomia, con l\u2019obiettivo di sostenere i laboratori educativi gratuiti rivolti a bambini e ragazzi con disabilit\u00e0 o provenienti da contesti di disagio socio-economico. La serata, resa [&hellip;]<\/p>\n","protected":false},"author":58,"featured_media":155618,"comment_status":"closed","ping_status":"closed","sticky":false,"template":"","format":"standard","meta":{"_acf_changed":false,"footnotes":"","jetpack_publicize_message":"","jetpack_publicize_feature_enabled":true,"jetpack_social_post_already_shared":false,"jetpack_social_options":{"image_generator_settings":{"template":"highway","default_image_id":0,"font":"","enabled":false},"version":2}},"categories":[563,42],"tags":[],"class_list":["post-269664","post","type-post","status-publish","format-standard","has-post-thumbnail","hentry","category-area-urbana","category-cosenza"],"acf":[],"jetpack_publicize_connections":[],"_links":{"self":[{"href":"https:\/\/quicosenza.it\/news\/wp-json\/wp\/v2\/posts\/269664","targetHints":{"allow":["GET"]}}],"collection":[{"href":"https:\/\/quicosenza.it\/news\/wp-json\/wp\/v2\/posts"}],"about":[{"href":"https:\/\/quicosenza.it\/news\/wp-json\/wp\/v2\/types\/post"}],"author":[{"embeddable":true,"href":"https:\/\/quicosenza.it\/news\/wp-json\/wp\/v2\/users\/58"}],"replies":[{"embeddable":true,"href":"https:\/\/quicosenza.it\/news\/wp-json\/wp\/v2\/comments?post=269664"}],"version-history":[{"count":0,"href":"https:\/\/quicosenza.it\/news\/wp-json\/wp\/v2\/posts\/269664\/revisions"}],"wp:featuredmedia":[{"embeddable":true,"href":"https:\/\/quicosenza.it\/news\/wp-json\/wp\/v2\/media\/155618"}],"wp:attachment":[{"href":"https:\/\/quicosenza.it\/news\/wp-json\/wp\/v2\/media?parent=269664"}],"wp:term":[{"taxonomy":"category","embeddable":true,"href":"https:\/\/quicosenza.it\/news\/wp-json\/wp\/v2\/categories?post=269664"},{"taxonomy":"post_tag","embeddable":true,"href":"https:\/\/quicosenza.it\/news\/wp-json\/wp\/v2\/tags?post=269664"}],"curies":[{"name":"wp","href":"https:\/\/api.w.org\/{rel}","templated":true}]}}