{"id":269677,"date":"2025-09-12T07:00:47","date_gmt":"2025-09-12T05:00:47","guid":{"rendered":"https:\/\/www.quicosenza.it\/news\/?p=269677"},"modified":"2025-09-13T09:29:29","modified_gmt":"2025-09-13T07:29:29","slug":"brunori-sas-e-tornato-a-casa-il-concerto-nel-cuore-di-san-fili-del-gentiluomo-intriso-di-poesia","status":"publish","type":"post","link":"https:\/\/quicosenza.it\/news\/brunori-sas-e-tornato-a-casa-il-concerto-nel-cuore-di-san-fili-del-gentiluomo-intriso-di-poesia\/","title":{"rendered":"Brunori Sas \u00e8 tornato a casa: il concerto nel cuore di San Fili del &#8220;gentiluomo intriso di poesia&#8221;"},"content":{"rendered":"<p>SAN FILI (CS) &#8211; Dopo aver calcato il prestigioso <a href=\"https:\/\/quicosenza.it\/news\/provincia\/sanremo-2025-vince-olly-brunori-al-3-posto-la-sua-dolce-carezza-in-musica-ha-sfiorato-tutta-litalia\">palco di Sanremo<\/a>, e riempito piazze e teatri Dario \u00e8 tornato a casa, a <a href=\"https:\/\/quicosenza.it\/news\/provincia\/da-sanremo-a-san-fili-dario-brunori-torna-a-casa-e-regala-una-serata-di-musica-e-parole\">San Fili<\/a>, tra quelle colline che lo hanno visto crescere, in quella familiarit\u00e0 che ha ispirato molte delle sue canzoni, il <strong>suo mondo pi\u00f9 autentico<\/strong>. Non \u00e8 stata una tappa qualunque del suo tour, ma un ritorno alle origini, un abbraccio sincero alla terra dove tutto \u00e8 cominciato. <strong>Una serata di emozione e nostalgia, di sorrisi e ironia<\/strong>, perch\u00e8 Brunori sas \u00e8 cos\u00ec, potremmo definirlo &#8220;<strong>una sagoma<\/strong>&#8221; nel rapporto con il pubblico. E il suo concerto \u00e8 stato dedicato interamente alla sua citt\u00e0 e alla comunit\u00e0 che lo ha sempre accompagnato con discrezione e orgoglio. Un pubblico raccolto e intimo rispetto ai grandi numeri che Dario Brunori \u00e8 solito fare, ma partecipe, fatto di volti familiari, generazioni diverse unite da un filo invisibile ma potente: <strong>la musica e l\u2019identit\u00e0 condivisa.<\/strong><\/p>\n<p><img loading=\"lazy\" decoding=\"async\" class=\" wp-image-269775 aligncenter\" src=\"https:\/\/quicosenza.it\/news\/wp-content\/uploads\/2025\/09\/brunori-04.jpg\" alt=\"\" width=\"486\" height=\"274\" title=\"\" srcset=\"https:\/\/quicosenza.it\/news\/wp-content\/uploads\/2025\/09\/brunori-04.jpg 970w, https:\/\/quicosenza.it\/news\/wp-content\/uploads\/2025\/09\/brunori-04-300x169.jpg 300w, https:\/\/quicosenza.it\/news\/wp-content\/uploads\/2025\/09\/brunori-04-768x432.jpg 768w, https:\/\/quicosenza.it\/news\/wp-content\/uploads\/2025\/09\/brunori-04-746x420.jpg 746w, https:\/\/quicosenza.it\/news\/wp-content\/uploads\/2025\/09\/brunori-04-150x84.jpg 150w, https:\/\/quicosenza.it\/news\/wp-content\/uploads\/2025\/09\/brunori-04-696x392.jpg 696w\" sizes=\"auto, (max-width: 486px) 100vw, 486px\" \/><\/p>\n<p><strong>Un palco semplice, essenziale e sullo sfondo gli alberi mossi dal vento.<\/strong> Nessun orpello, solo la natura, qualche luce calda e un paese intero ad acclamarlo. <strong>San Fili ha accolto Dario con l\u2019entusiasmo di chi riabbraccia uno di famiglia.<\/strong> Il concerto, annunciato come un ringraziamento del cantautore al suo paese natale, \u00e8 stato molto di pi\u00f9: una festa intima, ironica e affettuosa, in cui musica e parole si sono mescolate al sapore delle storie di casa, dal polpettone ai racconti sul suo pap\u00e0, e poi la sua famiglia e i ragazzi del paese.<\/p>\n<p>A dare il via alla serata la sua &#8220;<strong>benedizione&#8221;: <\/strong>da una finestra affacciata sul palco del concerto prima; poi, rivolta ai <strong>bambini che lo hanno omaggiato con un dono<\/strong>: \u201cnel nome del padre, del figlio e dello spirito sas\u201d. Una conferma di quel tono leggero che ha attraversato tutto il concerto.<\/p>\n<p><img loading=\"lazy\" decoding=\"async\" class=\" wp-image-269780 aligncenter\" src=\"https:\/\/quicosenza.it\/news\/wp-content\/uploads\/2025\/09\/brunori-09.jpg\" alt=\"\" width=\"559\" height=\"346\" title=\"\" srcset=\"https:\/\/quicosenza.it\/news\/wp-content\/uploads\/2025\/09\/brunori-09.jpg 970w, https:\/\/quicosenza.it\/news\/wp-content\/uploads\/2025\/09\/brunori-09-300x186.jpg 300w, https:\/\/quicosenza.it\/news\/wp-content\/uploads\/2025\/09\/brunori-09-768x475.jpg 768w, https:\/\/quicosenza.it\/news\/wp-content\/uploads\/2025\/09\/brunori-09-679x420.jpg 679w, https:\/\/quicosenza.it\/news\/wp-content\/uploads\/2025\/09\/brunori-09-150x93.jpg 150w, https:\/\/quicosenza.it\/news\/wp-content\/uploads\/2025\/09\/brunori-09-696x431.jpg 696w, https:\/\/quicosenza.it\/news\/wp-content\/uploads\/2025\/09\/brunori-09-356x220.jpg 356w\" sizes=\"auto, (max-width: 559px) 100vw, 559px\" \/><\/p>\n<h3>\u201cUn cantautore, un sanfilese e un gentiluomo intriso di poesia\u201d<\/h3>\n<p>A fare gli &#8220;onori di Brunori&#8221; il sindaco di San Fili, Linda Cribari che prima del live, lo ha definito \u201cun grande cantautore, un sanfilese e un <strong>gentiluomo intriso di poesia<\/strong>\u201d. Lo stesso Dario, con la sua solita ironia ha accolto con entusiasmo tale definizione: \u201cDa domani mi presenter\u00f2 cos\u00ec\u201d.<\/p>\n<p>Un mazzo di fiori ha sancito ufficialmente l\u2019affetto della comunit\u00e0, che gi\u00e0 nel 2021 gli aveva conferito la benemerenza civica per i suoi meriti artistici. <strong>\u201cAbbiamo un concittadino straordinario che ci ama e che noi amiamo,\u201d<\/strong> ha detto il primo cittadino.<\/p>\n<p>Tra una battuta e l&#8217;altra, c&#8217;\u00e8 stato anche il racconto su come sia diventato famoso ormai, <strong>quell&#8217;albero di noci<\/strong>, diventato &#8220;meta silenziosa di piccoli pellegrinaggi&#8221; dopo il Festival di Sanremo. E&#8217; vicino alla sua casa, dove Dario si rifugia con la famiglia dopo l\u2019esposizione mediatica per ritrovare la sua normalit\u00e0. E ci tiene a ringraziare San Fili per aver sempre protetto lui, la sua amata Simona e la sua piccola Fiammetta.<\/p>\n<p><img loading=\"lazy\" decoding=\"async\" class=\" wp-image-269783 aligncenter\" src=\"https:\/\/quicosenza.it\/news\/wp-content\/uploads\/2025\/09\/brunori-012.jpg\" alt=\"\" width=\"502\" height=\"311\" title=\"\" srcset=\"https:\/\/quicosenza.it\/news\/wp-content\/uploads\/2025\/09\/brunori-012.jpg 970w, https:\/\/quicosenza.it\/news\/wp-content\/uploads\/2025\/09\/brunori-012-300x186.jpg 300w, https:\/\/quicosenza.it\/news\/wp-content\/uploads\/2025\/09\/brunori-012-768x475.jpg 768w, https:\/\/quicosenza.it\/news\/wp-content\/uploads\/2025\/09\/brunori-012-679x420.jpg 679w, https:\/\/quicosenza.it\/news\/wp-content\/uploads\/2025\/09\/brunori-012-150x93.jpg 150w, https:\/\/quicosenza.it\/news\/wp-content\/uploads\/2025\/09\/brunori-012-696x431.jpg 696w, https:\/\/quicosenza.it\/news\/wp-content\/uploads\/2025\/09\/brunori-012-356x220.jpg 356w\" sizes=\"auto, (max-width: 502px) 100vw, 502px\" \/><\/p>\n<p>\u201cDevo molto a questo albero &#8211; ironizza &#8211; e <strong>credo si possa fare davvero un pellegrinaggio:<\/strong> santuario di Paola, albero delle noci e giro pizza\u201d. Nelle sue parole ci sono i racconti del paese, prima e dopo il suo grande successo. Ci sono anche i selfie e le citofonate &#8220;anonime&#8221; al suo indirizzo.<\/p>\n<p>Prima di passare ad ascoltare le sue canzoni, si svolge una sorta di &#8220;<strong>offertorio laico<\/strong>&#8221; per Brunori. La consegna di <strong>tanti doni e omaggi da parte dei suoi concittadini<\/strong>: un albero delle noci ricamato, una tela dipinta, un ritratto, un bassorilievo e persino una maglia celebrativa del centenario del San Fili Calcio: \u201cL\u2019anno prossimo il centravanti sar\u00f2 io\u201d, scherza Dario.<\/p>\n<p><img loading=\"lazy\" decoding=\"async\" class=\"wp-image-269779 aligncenter\" src=\"https:\/\/quicosenza.it\/news\/wp-content\/uploads\/2025\/09\/brunori-08.jpg\" alt=\"\" width=\"488\" height=\"316\" title=\"\" srcset=\"https:\/\/quicosenza.it\/news\/wp-content\/uploads\/2025\/09\/brunori-08.jpg 970w, https:\/\/quicosenza.it\/news\/wp-content\/uploads\/2025\/09\/brunori-08-300x195.jpg 300w, https:\/\/quicosenza.it\/news\/wp-content\/uploads\/2025\/09\/brunori-08-768x498.jpg 768w, https:\/\/quicosenza.it\/news\/wp-content\/uploads\/2025\/09\/brunori-08-648x420.jpg 648w, https:\/\/quicosenza.it\/news\/wp-content\/uploads\/2025\/09\/brunori-08-150x97.jpg 150w, https:\/\/quicosenza.it\/news\/wp-content\/uploads\/2025\/09\/brunori-08-696x451.jpg 696w\" sizes=\"auto, (max-width: 488px) 100vw, 488px\" \/><\/p>\n<h3>\u201cPossiamo iniziare a fare qualche canzoncina?\u201d<\/h3>\n<p>Accompagnato da altri due sanfilesi doc, Mirko Onofrio e Simona Marrazzo, e da Gianluca Bennardo e Luigi Paese, il concerto pu\u00f2 iniziare. Primo brano \u00e8 \u201c<strong>Come stai<\/strong>\u201d, nato in un momento doloroso e difficile, dopo la perdita del padre: \u201c\u00c8 stata la mia rinascita\u201d, ha detto. Tante le canzoni nella scaletta dedicata alla sua San Fili. Ci sono &#8220;Italian Dandy&#8221;, &#8220;Paolo&#8221;, &#8220;Lamezia Milano&#8221;, &#8220;La ghigliottina&#8221;, &#8220;Per due che come noi&#8221;, &#8220;Il costume da torero&#8221;, &#8220;Kurt Cobain&#8221;, &#8220;Canzone contro la paura&#8221;, &#8220;Fin&#8217;ara Luna&#8221; e le immancabili \u201cL\u2019albero delle noci\u201d e &#8220;Guardia 82&#8221;.<\/p>\n<p><img loading=\"lazy\" decoding=\"async\" class=\" wp-image-269785 aligncenter\" src=\"https:\/\/quicosenza.it\/news\/wp-content\/uploads\/2025\/09\/brunori-013.jpg\" alt=\"\" width=\"520\" height=\"322\" title=\"\" srcset=\"https:\/\/quicosenza.it\/news\/wp-content\/uploads\/2025\/09\/brunori-013.jpg 970w, https:\/\/quicosenza.it\/news\/wp-content\/uploads\/2025\/09\/brunori-013-300x186.jpg 300w, https:\/\/quicosenza.it\/news\/wp-content\/uploads\/2025\/09\/brunori-013-768x475.jpg 768w, https:\/\/quicosenza.it\/news\/wp-content\/uploads\/2025\/09\/brunori-013-679x420.jpg 679w, https:\/\/quicosenza.it\/news\/wp-content\/uploads\/2025\/09\/brunori-013-150x93.jpg 150w, https:\/\/quicosenza.it\/news\/wp-content\/uploads\/2025\/09\/brunori-013-696x431.jpg 696w, https:\/\/quicosenza.it\/news\/wp-content\/uploads\/2025\/09\/brunori-013-356x220.jpg 356w\" sizes=\"auto, (max-width: 520px) 100vw, 520px\" \/><\/p>\n<p>Nel presentare la canzone &#8220;<strong>L&#8217;uomo nero&#8221;<\/strong>, una dedica profonda <strong>al popolo palestinese<\/strong> e alla tragedia umana alla quale il mondo sta assistendo: &#8220;Le canzoni non cambiano le cose, lo so. E forse ci siamo svegliati tardi e abbiamo avuto paura di esporre le nostre idee, a volte divisive. Ora \u00e8 il momento di fare qualcosa per quello che sta accadendo&#8221;. Con un tono sempre in equilibrio tra leggerezza e profondit\u00e0, ha scherzato anche sul <strong>comfort della serata:<\/strong> \u201c<strong>Questo \u00e8 il concerto pi\u00f9 comodo della storia, mi sono fatto la doccia a casa e sono salito sul palco. Casa e putiga!<\/strong>\u201d.<\/p>\n<p><img loading=\"lazy\" decoding=\"async\" class=\" wp-image-269777 aligncenter\" src=\"https:\/\/quicosenza.it\/news\/wp-content\/uploads\/2025\/09\/brunori-06.jpg\" alt=\"\" width=\"581\" height=\"327\" title=\"\" srcset=\"https:\/\/quicosenza.it\/news\/wp-content\/uploads\/2025\/09\/brunori-06.jpg 970w, https:\/\/quicosenza.it\/news\/wp-content\/uploads\/2025\/09\/brunori-06-300x169.jpg 300w, https:\/\/quicosenza.it\/news\/wp-content\/uploads\/2025\/09\/brunori-06-768x432.jpg 768w, https:\/\/quicosenza.it\/news\/wp-content\/uploads\/2025\/09\/brunori-06-746x420.jpg 746w, https:\/\/quicosenza.it\/news\/wp-content\/uploads\/2025\/09\/brunori-06-150x84.jpg 150w, https:\/\/quicosenza.it\/news\/wp-content\/uploads\/2025\/09\/brunori-06-696x392.jpg 696w\" sizes=\"auto, (max-width: 581px) 100vw, 581px\" \/><\/p>\n<h3>Un ritorno che sa di famiglia<\/h3>\n<p>La serata si \u00e8 chiusa come era iniziata: con affetto, risate, sorrisi e un grazie sentito.\u00a0<strong>Brunori \u00e8 di San Fili, e San Fili \u00e8 nel cuore di Dario<\/strong>. Lo protegge, lo celebra, lo ascolta, lo accompagna e lo accarezza come quegli alberi che facevano da sfondo al palco.\u00a0 Dario Brunori ha cantato per la sua gente i ricordi, la poesia, le <strong>storie di provincia che nei suoi testi diventano universali. <\/strong>Un cantautore che ha scritto canzoni arrivate lontano ma tutto \u00e8 nato l\u00ec, dove c&#8217;\u00e8 &#8220;L&#8217;<a href=\"https:\/\/quicosenza.it\/news\/provincia\/lalbero-delle-noci-il-videoclip-di-brunori-con-la-figlia-girato-allarcadinoe-di-carolei-video\">albero delle noci<\/a>&#8220;. Dario Brunori ha ricordato a tutti, che la vera bellezza \u00e8 spesso nascosta proprio nei luoghi da cui veniamo.<\/p>\n<p><img loading=\"lazy\" decoding=\"async\" class=\" wp-image-269776 aligncenter\" src=\"https:\/\/quicosenza.it\/news\/wp-content\/uploads\/2025\/09\/brunori-05.jpg\" alt=\"\" width=\"516\" height=\"296\" title=\"\" srcset=\"https:\/\/quicosenza.it\/news\/wp-content\/uploads\/2025\/09\/brunori-05.jpg 970w, https:\/\/quicosenza.it\/news\/wp-content\/uploads\/2025\/09\/brunori-05-300x172.jpg 300w, https:\/\/quicosenza.it\/news\/wp-content\/uploads\/2025\/09\/brunori-05-768x440.jpg 768w, https:\/\/quicosenza.it\/news\/wp-content\/uploads\/2025\/09\/brunori-05-733x420.jpg 733w, https:\/\/quicosenza.it\/news\/wp-content\/uploads\/2025\/09\/brunori-05-150x86.jpg 150w, https:\/\/quicosenza.it\/news\/wp-content\/uploads\/2025\/09\/brunori-05-696x399.jpg 696w\" sizes=\"auto, (max-width: 516px) 100vw, 516px\" \/> <img loading=\"lazy\" decoding=\"async\" class=\" wp-image-269782 aligncenter\" src=\"https:\/\/quicosenza.it\/news\/wp-content\/uploads\/2025\/09\/brunori-011.jpg\" alt=\"\" width=\"505\" height=\"312\" title=\"\" srcset=\"https:\/\/quicosenza.it\/news\/wp-content\/uploads\/2025\/09\/brunori-011.jpg 970w, https:\/\/quicosenza.it\/news\/wp-content\/uploads\/2025\/09\/brunori-011-300x186.jpg 300w, https:\/\/quicosenza.it\/news\/wp-content\/uploads\/2025\/09\/brunori-011-768x475.jpg 768w, https:\/\/quicosenza.it\/news\/wp-content\/uploads\/2025\/09\/brunori-011-679x420.jpg 679w, https:\/\/quicosenza.it\/news\/wp-content\/uploads\/2025\/09\/brunori-011-150x93.jpg 150w, https:\/\/quicosenza.it\/news\/wp-content\/uploads\/2025\/09\/brunori-011-696x431.jpg 696w, https:\/\/quicosenza.it\/news\/wp-content\/uploads\/2025\/09\/brunori-011-356x220.jpg 356w\" sizes=\"auto, (max-width: 505px) 100vw, 505px\" \/><\/p>\n<p>&nbsp;<\/p>\n","protected":false},"excerpt":{"rendered":"<p>SAN FILI (CS) &#8211; Dopo aver calcato il prestigioso palco di Sanremo, e riempito piazze e teatri Dario \u00e8 tornato a casa, a San Fili, tra quelle colline che lo hanno visto crescere, in quella familiarit\u00e0 che ha ispirato molte delle sue canzoni, il suo mondo pi\u00f9 autentico. Non \u00e8 stata una tappa qualunque del [&hellip;]<\/p>\n","protected":false},"author":19,"featured_media":269784,"comment_status":"closed","ping_status":"closed","sticky":false,"template":"","format":"standard","meta":{"_acf_changed":false,"footnotes":"","jetpack_publicize_message":"","jetpack_publicize_feature_enabled":true,"jetpack_social_post_already_shared":false,"jetpack_social_options":{"image_generator_settings":{"template":"highway","default_image_id":0,"font":"","enabled":false},"version":2}},"categories":[28],"tags":[19],"class_list":["post-269677","post","type-post","status-publish","format-standard","has-post-thumbnail","hentry","category-provincia","tag-copertina"],"acf":[],"jetpack_publicize_connections":[],"_links":{"self":[{"href":"https:\/\/quicosenza.it\/news\/wp-json\/wp\/v2\/posts\/269677","targetHints":{"allow":["GET"]}}],"collection":[{"href":"https:\/\/quicosenza.it\/news\/wp-json\/wp\/v2\/posts"}],"about":[{"href":"https:\/\/quicosenza.it\/news\/wp-json\/wp\/v2\/types\/post"}],"author":[{"embeddable":true,"href":"https:\/\/quicosenza.it\/news\/wp-json\/wp\/v2\/users\/19"}],"replies":[{"embeddable":true,"href":"https:\/\/quicosenza.it\/news\/wp-json\/wp\/v2\/comments?post=269677"}],"version-history":[{"count":0,"href":"https:\/\/quicosenza.it\/news\/wp-json\/wp\/v2\/posts\/269677\/revisions"}],"wp:featuredmedia":[{"embeddable":true,"href":"https:\/\/quicosenza.it\/news\/wp-json\/wp\/v2\/media\/269784"}],"wp:attachment":[{"href":"https:\/\/quicosenza.it\/news\/wp-json\/wp\/v2\/media?parent=269677"}],"wp:term":[{"taxonomy":"category","embeddable":true,"href":"https:\/\/quicosenza.it\/news\/wp-json\/wp\/v2\/categories?post=269677"},{"taxonomy":"post_tag","embeddable":true,"href":"https:\/\/quicosenza.it\/news\/wp-json\/wp\/v2\/tags?post=269677"}],"curies":[{"name":"wp","href":"https:\/\/api.w.org\/{rel}","templated":true}]}}