{"id":269678,"date":"2025-09-11T09:10:18","date_gmt":"2025-09-11T07:10:18","guid":{"rendered":"https:\/\/www.quicosenza.it\/news\/?p=269678"},"modified":"2025-09-11T08:46:50","modified_gmt":"2025-09-11T06:46:50","slug":"ponte-sullo-stretto-marilina-intrieri-il-disagio-del-centrosinistra-in-calabria-tra-pd-e-m5s","status":"publish","type":"post","link":"https:\/\/quicosenza.it\/news\/ponte-sullo-stretto-marilina-intrieri-il-disagio-del-centrosinistra-in-calabria-tra-pd-e-m5s\/","title":{"rendered":"Ponte sullo Stretto, Marilina Intrieri \u00abil disagio del centrosinistra in Calabria tra Pd e M5S\u00bb"},"content":{"rendered":"<p>COSENZA &#8211; &#8220;L\u2019alleanza Pd M5S regge ma la netta contrariet\u00e0 dei grillini all\u2019opera rischia di pesare sulle prossime elezioni. Il partito guidato da Elly Schlein deve decidere se rivolgersi ai riformisti e sull\u2019opera si gioca gran parte del consenso dei moderati. Il Ponte sullo Stretto non \u00e8 soltanto un progetto infrastrutturale&#8221;. E&#8217; quanto dichiara in una nota l\u2019ex parlamentare e giornalista Marilina Intrieri. &#8220;In Calabria, pi\u00f9 che altrove, \u00e8 diventato un simbolo politico e identitario che mette in luce le fragilit\u00e0 del centrosinistra e il difficile equilibrio tra Partito Democratico e Movimento 5 Stelle&#8221;.<\/p>\n<p>&#8220;Emblematiche le dichiarazioni di Enzo Bianco, gi\u00e0 ministro e sindaco di Catania, figura storica del riformismo democratico, riportate da \u201cLa Sicilia\u201d: il Ponte \u00e8 un\u2019opera \u201cutile da sostenere\u201d che va accompagnata da un deciso potenziamento delle reti ferroviarie e da una modernizzazione dei collegamenti interni&#8221;.<\/p>\n<p>&#8220;Bianco richiama cos\u00ec una tradizione riformista e cattolica che ha sempre visto nello sviluppo infrastrutturale un\u2019occasione di crescita e di coesione nazionale e al tempo stesso, mette in guardia dal rischio di un isolamento politico e culturale se si lasciasse questo tema interamente alla destra&#8221;.<\/p>\n<p>&#8220;La posizione del Pd &#8211; prosegue Intrieri &#8211; stretto tra anime diverse, resta incerta dinnanzi alla posizione del M5S che, invece, continua a rivendicare un <strong>\u201cNo Ponte\u201d senza sfumature. <\/strong>\u00c8 una frattura che potrebbe pesare alle urne: moderati, imprenditori e ceto professionale chiedono infrastrutture e guardano con crescente attenzione a chi offre risposte concrete. Per una parte consistente dell\u2019elettorato, soprattutto moderato, il Ponte rappresenta un\u2019occasione di lavoro e di piena integrazione con l\u2019Europa&#8221;.<\/p>\n<p>Molti osservatori sottolineano che un Pd troppo timoroso di perdere pezzi rischia di restare paralizzato. Eppure, la lezione dei riformisti, dai Ds alla Margherita, ai cattolici democratici fino alle esperienze di governo di Amato e Prodi insegna che il consenso si costruisce sulla capacit\u00e0 di proposta, non sul rinvio.<\/p>\n<p>&#8220;Il <strong>centrosinistra corre un pericolo evidente<\/strong>: lasciare che il ponte diventi bandiera esclusiva della destra. <strong>Fratelli d\u2019Italia e Forza Italia<\/strong> sono gi\u00e0 pronti a presentarsi come unici interpreti delle aspirazioni di sviluppo. <strong>Per il Pd e i suoi alleati sarebbe una perdita pesante<\/strong>: significherebbe alienarsi proprio quella parte di elettorato moderato che, in Calabria, pu\u00f2 decidere la partita&#8221;.<\/p>\n<p>&#8220;La <strong>tradizione riformista<\/strong> insegna che il consenso non nasce dall\u2019attesa, ma dalla capacit\u00e0 di indicare un percorso. Continuare a rinviare o rifugiarsi nei compromessi tattici pu\u00f2 forse tenere insieme, per un po\u2019, Pd e 5 Stelle, ma <strong>non basta a convincere gli elettori. <\/strong>La sfida del Ponte, quindi &#8211; conclude Marilina Intrieri &#8211; rappresenta il vero banco di prova per il centrosinistra calabrese: o il Pd avr\u00e0 il coraggio di parlare con chiarezza al Paese reale, raccogliendo la domanda di modernit\u00e0 e sviluppo, oppure rester\u00e0 prigioniero dei veti interni, consegnando alla destra il monopolio del futuro&#8221;.<\/p>\n","protected":false},"excerpt":{"rendered":"<p>COSENZA &#8211; &#8220;L\u2019alleanza Pd M5S regge ma la netta contrariet\u00e0 dei grillini all\u2019opera rischia di pesare sulle prossime elezioni. Il partito guidato da Elly Schlein deve decidere se rivolgersi ai riformisti e sull\u2019opera si gioca gran parte del consenso dei moderati. Il Ponte sullo Stretto non \u00e8 soltanto un progetto infrastrutturale&#8221;. E&#8217; quanto dichiara in [&hellip;]<\/p>\n","protected":false},"author":42,"featured_media":269679,"comment_status":"closed","ping_status":"closed","sticky":false,"template":"","format":"standard","meta":{"_acf_changed":false,"footnotes":"","jetpack_publicize_message":"","jetpack_publicize_feature_enabled":true,"jetpack_social_post_already_shared":false,"jetpack_social_options":{"image_generator_settings":{"template":"highway","default_image_id":0,"font":"","enabled":false},"version":2}},"categories":[17],"tags":[19],"class_list":["post-269678","post","type-post","status-publish","format-standard","has-post-thumbnail","hentry","category-calabria","tag-copertina"],"acf":[],"jetpack_publicize_connections":[],"_links":{"self":[{"href":"https:\/\/quicosenza.it\/news\/wp-json\/wp\/v2\/posts\/269678","targetHints":{"allow":["GET"]}}],"collection":[{"href":"https:\/\/quicosenza.it\/news\/wp-json\/wp\/v2\/posts"}],"about":[{"href":"https:\/\/quicosenza.it\/news\/wp-json\/wp\/v2\/types\/post"}],"author":[{"embeddable":true,"href":"https:\/\/quicosenza.it\/news\/wp-json\/wp\/v2\/users\/42"}],"replies":[{"embeddable":true,"href":"https:\/\/quicosenza.it\/news\/wp-json\/wp\/v2\/comments?post=269678"}],"version-history":[{"count":0,"href":"https:\/\/quicosenza.it\/news\/wp-json\/wp\/v2\/posts\/269678\/revisions"}],"wp:featuredmedia":[{"embeddable":true,"href":"https:\/\/quicosenza.it\/news\/wp-json\/wp\/v2\/media\/269679"}],"wp:attachment":[{"href":"https:\/\/quicosenza.it\/news\/wp-json\/wp\/v2\/media?parent=269678"}],"wp:term":[{"taxonomy":"category","embeddable":true,"href":"https:\/\/quicosenza.it\/news\/wp-json\/wp\/v2\/categories?post=269678"},{"taxonomy":"post_tag","embeddable":true,"href":"https:\/\/quicosenza.it\/news\/wp-json\/wp\/v2\/tags?post=269678"}],"curies":[{"name":"wp","href":"https:\/\/api.w.org\/{rel}","templated":true}]}}