{"id":269701,"date":"2025-09-11T13:00:31","date_gmt":"2025-09-11T11:00:31","guid":{"rendered":"https:\/\/www.quicosenza.it\/news\/?p=269701"},"modified":"2025-09-11T13:34:04","modified_gmt":"2025-09-11T11:34:04","slug":"a-bisignano-ritorna-la-fiera-di-soverano-un-evento-tradizionale-tra-cultura-commercio-e-convivialita","status":"publish","type":"post","link":"https:\/\/quicosenza.it\/news\/a-bisignano-ritorna-la-fiera-di-soverano-un-evento-tradizionale-tra-cultura-commercio-e-convivialita\/","title":{"rendered":"A Bisignano ritorna la Fiera di Soverano: un evento tradizionale tra cultura, commercio e convivialit\u00e0"},"content":{"rendered":"<p>BISIGNANO (CS) &#8211; La fiera di Soverano \u00e8 appuntamento fisso a Bisignano, che quest&#8217;anno si terr\u00e0 dal 12 al 14 settembre. Un&#8217;iniziativa che si distingue non solo per il suo fascino storico e paesaggistico, ma anche per uno degli eventi pi\u00f9 attesi dell&#8217;anno, come un&#8217;occasione unica per residenti e visitatori di immergersi in un&#8217;atmosfera di festa, scoprendo le tradizioni locali e condividendo momenti di convivialit\u00e0.<\/p>\n<p>Organizzata dall&#8217;associazione FAAS, col patrocinio del comune di Bisignano, diventa cos\u00ec un&#8217;ottima occasione per salutare l&#8217;estate, con un <strong>cartello ricco di eventi e manifestazioni<\/strong> <strong>collegate<\/strong>.<\/p>\n<h3>La Fiera di Soverano<\/h3>\n<p>Affonda le sue radici in tempi antichi, originariamente nata come mercato agricolo, nel corso degli anni ha saputo evolversi mantenendo intatti i suoi valori di scambio e socializzazione. Oggi, la fiera \u00e8 un <strong>evento che celebra la cultura, l&#8217;artigianato e le produzioni locali<\/strong>, attirando ogni anno un gran numero di visitatori con stands di artigianato locale, con oggetti fatti a mano che riflettono le tradizioni e l&#8217;abilit\u00e0 degli artigiani della zona, ma anche e soprattutto prodotti di ogni comparto agricolo.<\/p>\n<p>Offrir\u00e0 <strong>spettacoli, musica dal vivo, degustazioni e attivit\u00e0 per grandi e piccini<\/strong>. Non mancheranno nei tre giorni, infatti, le esibizioni di gruppi, danze tradizionali e momenti di intrattenimento che rendono l&#8217;atmosfera festosa e coinvolgente. La fiera \u00e8 un&#8217;occasione di scoperta e socializzazione, rappresenta anche un momento di incontro tra generazioni, un&#8217;occasione per riscoprire le radici e rafforzare il senso di comunit\u00e0. \u00c8 un evento che promuove le produzioni locali, sostenendo gli agricoltori e gli artigiani del territorio.<\/p>\n<p><img loading=\"lazy\" decoding=\"async\" class=\" wp-image-269702 aligncenter\" src=\"https:\/\/quicosenza.it\/news\/wp-content\/uploads\/2025\/09\/fiera-soverano-2025-02.jpg\" alt=\"fiera soverano 2025 02\" width=\"484\" height=\"645\" title=\"\" srcset=\"https:\/\/quicosenza.it\/news\/wp-content\/uploads\/2025\/09\/fiera-soverano-2025-02.jpg 970w, https:\/\/quicosenza.it\/news\/wp-content\/uploads\/2025\/09\/fiera-soverano-2025-02-225x300.jpg 225w, https:\/\/quicosenza.it\/news\/wp-content\/uploads\/2025\/09\/fiera-soverano-2025-02-768x1024.jpg 768w, https:\/\/quicosenza.it\/news\/wp-content\/uploads\/2025\/09\/fiera-soverano-2025-02-315x420.jpg 315w, https:\/\/quicosenza.it\/news\/wp-content\/uploads\/2025\/09\/fiera-soverano-2025-02-150x200.jpg 150w, https:\/\/quicosenza.it\/news\/wp-content\/uploads\/2025\/09\/fiera-soverano-2025-02-300x400.jpg 300w, https:\/\/quicosenza.it\/news\/wp-content\/uploads\/2025\/09\/fiera-soverano-2025-02-696x928.jpg 696w\" sizes=\"auto, (max-width: 484px) 100vw, 484px\" \/><\/p>\n<p>La fiera di Soverano rappresenta quindi un vero e proprio patrimonio culturale, un&#8217;occasione per vivere tradizioni autentiche, gustare prodotti genuini e condividere momenti di gioia con la comunit\u00e0 locale. Nelle prossime ore, inoltre, saranno ufficializzati i nomi che comporranno il <strong>tradizionale dibattito incentrato sul mondo agricolo, fissato per domenica 14 alle ore 11.<\/strong><\/p>\n","protected":false},"excerpt":{"rendered":"<p>BISIGNANO (CS) &#8211; La fiera di Soverano \u00e8 appuntamento fisso a Bisignano, che quest&#8217;anno si terr\u00e0 dal 12 al 14 settembre. Un&#8217;iniziativa che si distingue non solo per il suo fascino storico e paesaggistico, ma anche per uno degli eventi pi\u00f9 attesi dell&#8217;anno, come un&#8217;occasione unica per residenti e visitatori di immergersi in un&#8217;atmosfera di [&hellip;]<\/p>\n","protected":false},"author":42,"featured_media":269703,"comment_status":"closed","ping_status":"closed","sticky":false,"template":"","format":"standard","meta":{"_acf_changed":false,"footnotes":"","jetpack_publicize_message":"","jetpack_publicize_feature_enabled":true,"jetpack_social_post_already_shared":false,"jetpack_social_options":{"image_generator_settings":{"template":"highway","default_image_id":0,"font":"","enabled":false},"version":2}},"categories":[28],"tags":[],"class_list":["post-269701","post","type-post","status-publish","format-standard","has-post-thumbnail","hentry","category-provincia"],"acf":[],"jetpack_publicize_connections":[],"_links":{"self":[{"href":"https:\/\/quicosenza.it\/news\/wp-json\/wp\/v2\/posts\/269701","targetHints":{"allow":["GET"]}}],"collection":[{"href":"https:\/\/quicosenza.it\/news\/wp-json\/wp\/v2\/posts"}],"about":[{"href":"https:\/\/quicosenza.it\/news\/wp-json\/wp\/v2\/types\/post"}],"author":[{"embeddable":true,"href":"https:\/\/quicosenza.it\/news\/wp-json\/wp\/v2\/users\/42"}],"replies":[{"embeddable":true,"href":"https:\/\/quicosenza.it\/news\/wp-json\/wp\/v2\/comments?post=269701"}],"version-history":[{"count":0,"href":"https:\/\/quicosenza.it\/news\/wp-json\/wp\/v2\/posts\/269701\/revisions"}],"wp:featuredmedia":[{"embeddable":true,"href":"https:\/\/quicosenza.it\/news\/wp-json\/wp\/v2\/media\/269703"}],"wp:attachment":[{"href":"https:\/\/quicosenza.it\/news\/wp-json\/wp\/v2\/media?parent=269701"}],"wp:term":[{"taxonomy":"category","embeddable":true,"href":"https:\/\/quicosenza.it\/news\/wp-json\/wp\/v2\/categories?post=269701"},{"taxonomy":"post_tag","embeddable":true,"href":"https:\/\/quicosenza.it\/news\/wp-json\/wp\/v2\/tags?post=269701"}],"curies":[{"name":"wp","href":"https:\/\/api.w.org\/{rel}","templated":true}]}}