{"id":269886,"date":"2025-09-12T19:22:06","date_gmt":"2025-09-12T17:22:06","guid":{"rendered":"https:\/\/www.quicosenza.it\/news\/?p=269886"},"modified":"2025-09-12T19:43:31","modified_gmt":"2025-09-12T17:43:31","slug":"addio-al-piccolo-francesco-domani-i-funerali-del-bimbo-morto-dopo-il-tragico-incidente-in-un-parco-giochi","status":"publish","type":"post","link":"https:\/\/quicosenza.it\/news\/addio-al-piccolo-francesco-domani-i-funerali-del-bimbo-morto-dopo-il-tragico-incidente-in-un-parco-giochi\/","title":{"rendered":"Addio al piccolo Francesco, domani i funerali del bimbo morto dopo il tragico incidente in un parco giochi"},"content":{"rendered":"<p>VIBO VALENTIA &#8211; Non solo una citt\u00e0 in lutto, ma tutta la Calabria piange la scomparsa di un bambino, che aveva solo tre anni, e che ha perso la vita per le conseguenze di un incidente avvenuto mentre stava semplicemente <a href=\"https:\/\/quicosenza.it\/news\/calabria\/grave-incidente-in-parco-giochi-bimbo-di-3-anni-schiacciato-da-una-trave-indagini-in-corso\">giocando in un parco<\/a>. Vibo Valentia si stringe nel dolore e si prepara all\u2019ultimo saluto a <strong>Francesco Mirabelli<\/strong>, rimasto schiacciato da un tronco venerd\u00ec scorso mentre si trovava nel parco urbano &#8216;Moderata Durant&#8217;.<\/p>\n<p>I funerali saranno celebrati <strong>domani alle 17 nel Duomo di San Leoluca. Il piccolo era ricoverato<\/strong> all\u2019ospedale <a href=\"https:\/\/quicosenza.it\/news\/calabria\/grave-incidente-in-unarea-giochi-il-bimbo-di-3-anni-al-bambino-gesu-in-rianimazione-parco-sequestrato\">Bambino Ges\u00f9<\/a> di Roma, dopo il trasferimento dall&#8217;ospedale Iazzolino a causa delle sue gravissime condizioni. Il suo cuoricino ha <a href=\"https:\/\/quicosenza.it\/news\/calabria\/e-morto-il-piccolo-francesco-il-bimbo-di-3-anni-e-mezzo-travolto-da-una-trave-nel-parco-urbano-di-vibo\">smesso di battere<\/a>.<\/p>\n<p>Il sindaco di Vibo, Vincenzo Francesco Romeo, <strong>nel proclamare il lutto cittadino<\/strong> ha dichiarato sui social &#8220;la tragedia del piccolo Francesco mi ha provato profondamente e da convinto credente ho pregato e nutrito la speranza, fino all\u2019ultimo istante, che il piccolo Francesco potesse tornare tra le braccia dei suoi genitori. <strong>Sono costernato e questo mio sentimento lo sento condiviso da tutta la cittadinanza<\/strong>. Esprimo il cordoglio mio personale e di tutta l\u2019amministrazione comunale nei confronti della famiglia e prego che il Signore possa dare forza ai suoi genitori e a tutti i suoi cari&#8221;.<\/p>\n<p>La comunit\u00e0 vibonese \u00e8 sconvolta, e sui social si moltiplicano i messaggi di dolore, ma anche di rabbia e incredulit\u00e0 per una tragedia inspiegabile.\u00a0<strong>Francesco avrebbe compiuto quattro anni il prossimo 31 ottobre.<\/strong> Venerd\u00ec era in un luogo che doveva essere dedicato a lui e ai bambini. Un momento di spensieratezza che si \u00e8 trasformato in una tragedia immane. La Procura di Vibo Valentia, guidata da Camillo Falvo, ha avviato un\u2019indagine per far luce su eventuali responsabilit\u00e0 legate alla sicurezza e alla manutenzione del parco. Troppe le domande ancora senza risposta.<\/p>\n","protected":false},"excerpt":{"rendered":"<p>VIBO VALENTIA &#8211; Non solo una citt\u00e0 in lutto, ma tutta la Calabria piange la scomparsa di un bambino, che aveva solo tre anni, e che ha perso la vita per le conseguenze di un incidente avvenuto mentre stava semplicemente giocando in un parco. Vibo Valentia si stringe nel dolore e si prepara all\u2019ultimo saluto [&hellip;]<\/p>\n","protected":false},"author":42,"featured_media":269888,"comment_status":"closed","ping_status":"closed","sticky":false,"template":"","format":"standard","meta":{"_acf_changed":false,"footnotes":"","jetpack_publicize_message":"","jetpack_publicize_feature_enabled":true,"jetpack_social_post_already_shared":false,"jetpack_social_options":{"image_generator_settings":{"template":"highway","default_image_id":0,"font":"","enabled":false},"version":2}},"categories":[17],"tags":[19],"class_list":["post-269886","post","type-post","status-publish","format-standard","has-post-thumbnail","hentry","category-calabria","tag-copertina"],"acf":[],"jetpack_publicize_connections":[],"_links":{"self":[{"href":"https:\/\/quicosenza.it\/news\/wp-json\/wp\/v2\/posts\/269886","targetHints":{"allow":["GET"]}}],"collection":[{"href":"https:\/\/quicosenza.it\/news\/wp-json\/wp\/v2\/posts"}],"about":[{"href":"https:\/\/quicosenza.it\/news\/wp-json\/wp\/v2\/types\/post"}],"author":[{"embeddable":true,"href":"https:\/\/quicosenza.it\/news\/wp-json\/wp\/v2\/users\/42"}],"replies":[{"embeddable":true,"href":"https:\/\/quicosenza.it\/news\/wp-json\/wp\/v2\/comments?post=269886"}],"version-history":[{"count":0,"href":"https:\/\/quicosenza.it\/news\/wp-json\/wp\/v2\/posts\/269886\/revisions"}],"wp:featuredmedia":[{"embeddable":true,"href":"https:\/\/quicosenza.it\/news\/wp-json\/wp\/v2\/media\/269888"}],"wp:attachment":[{"href":"https:\/\/quicosenza.it\/news\/wp-json\/wp\/v2\/media?parent=269886"}],"wp:term":[{"taxonomy":"category","embeddable":true,"href":"https:\/\/quicosenza.it\/news\/wp-json\/wp\/v2\/categories?post=269886"},{"taxonomy":"post_tag","embeddable":true,"href":"https:\/\/quicosenza.it\/news\/wp-json\/wp\/v2\/tags?post=269886"}],"curies":[{"name":"wp","href":"https:\/\/api.w.org\/{rel}","templated":true}]}}