{"id":269889,"date":"2025-09-12T18:12:40","date_gmt":"2025-09-12T16:12:40","guid":{"rendered":"https:\/\/www.quicosenza.it\/news\/?p=269889"},"modified":"2025-09-12T18:12:40","modified_gmt":"2025-09-12T16:12:40","slug":"cosenza-calcio-la-protesta-silenziosa-dei-giornalisti-contro-la-societa-oggi-incontro-con-il-sindaco","status":"publish","type":"post","link":"https:\/\/quicosenza.it\/news\/cosenza-calcio-la-protesta-silenziosa-dei-giornalisti-contro-la-societa-oggi-incontro-con-il-sindaco\/","title":{"rendered":"Cosenza Calcio, la protesta &#8220;silenziosa&#8221; dei giornalisti contro la societ\u00e0. Oggi incontro con il Sindaco"},"content":{"rendered":"<p>COSENZA &#8211; Una rappresentanza del<strong> Club cronisti calabresi &#8220;Antonino Catera&#8221;<\/strong> \u00e8 stata ricevuta dal Sindaco di Cosenza, <strong>Franz Caruso<\/strong>. Nell&#8217;incontro, che si \u00e8 tenuto oggi venerd\u00ec 12 settembre nel salone di rappresentanza di Palazzo dei Bruzi, gli operatori dell&#8217;informazione hanno portato a conoscenza del primo cittadino la forma di<a href=\"https:\/\/quicosenza.it\/news\/sport\/cosenza-calcio-giornalisti-compatti-niente-conferenze-e-interviste-finche-guarascio-non-rispondera\" target=\"_blank\" rel=\"noopener\"> protesta<\/a> <strong>attuata da un mese circa a questa parte nei confronti della societ\u00e0<\/strong> Cosenza Calcio.<\/p>\n<p>Sono state evidenziate tutte le<strong> mancanze di rispetto perpetrate dalla propriet\u00e0 che \u00e8 a capo del club rossobl\u00f9 nel corso degli anni<\/strong> a discapito della tifoseria, della cittadinanza, delle istituzioni, della stampa e di un&#8217;intera comunit\u00e0, oggi ostaggio di questa autentica tirannia.<\/p>\n<p>Concorde sull&#8217;aspetto della comunit\u00e0, <strong>pesantemente danneggiata nella sua immagine da una lunga serie di atteggiamenti<\/strong> e <strong>comportamenti a dir poco disdicevoli<\/strong>, che continuano a manifestarsi quotidianamente, <strong>il Sindaco ha ricordato le diverse dichiarazioni e posizioni assunte a tutela della citt\u00e0 e dei colori rossobl\u00f9<\/strong>. Posizioni che non ha mancato di ribadire con forza a margine dell&#8217;incontro, dai toni molto cordiali, nel corso del quale si sono prospettate <strong>le diverse altre azioni ed iniziative<\/strong> che il Club intender\u00e0 porre in essere.<\/p>\n<p>&nbsp;<\/p>\n","protected":false},"excerpt":{"rendered":"<p>COSENZA &#8211; Una rappresentanza del Club cronisti calabresi &#8220;Antonino Catera&#8221; \u00e8 stata ricevuta dal Sindaco di Cosenza, Franz Caruso. Nell&#8217;incontro, che si \u00e8 tenuto oggi venerd\u00ec 12 settembre nel salone di rappresentanza di Palazzo dei Bruzi, gli operatori dell&#8217;informazione hanno portato a conoscenza del primo cittadino la forma di protesta attuata da un mese circa [&hellip;]<\/p>\n","protected":false},"author":24,"featured_media":269891,"comment_status":"closed","ping_status":"closed","sticky":false,"template":"","format":"standard","meta":{"_acf_changed":false,"footnotes":"","jetpack_publicize_message":"","jetpack_publicize_feature_enabled":true,"jetpack_social_post_already_shared":false,"jetpack_social_options":{"image_generator_settings":{"template":"highway","default_image_id":0,"font":"","enabled":false},"version":2}},"categories":[20],"tags":[],"class_list":["post-269889","post","type-post","status-publish","format-standard","has-post-thumbnail","hentry","category-sport"],"acf":[],"jetpack_publicize_connections":[],"_links":{"self":[{"href":"https:\/\/quicosenza.it\/news\/wp-json\/wp\/v2\/posts\/269889","targetHints":{"allow":["GET"]}}],"collection":[{"href":"https:\/\/quicosenza.it\/news\/wp-json\/wp\/v2\/posts"}],"about":[{"href":"https:\/\/quicosenza.it\/news\/wp-json\/wp\/v2\/types\/post"}],"author":[{"embeddable":true,"href":"https:\/\/quicosenza.it\/news\/wp-json\/wp\/v2\/users\/24"}],"replies":[{"embeddable":true,"href":"https:\/\/quicosenza.it\/news\/wp-json\/wp\/v2\/comments?post=269889"}],"version-history":[{"count":0,"href":"https:\/\/quicosenza.it\/news\/wp-json\/wp\/v2\/posts\/269889\/revisions"}],"wp:featuredmedia":[{"embeddable":true,"href":"https:\/\/quicosenza.it\/news\/wp-json\/wp\/v2\/media\/269891"}],"wp:attachment":[{"href":"https:\/\/quicosenza.it\/news\/wp-json\/wp\/v2\/media?parent=269889"}],"wp:term":[{"taxonomy":"category","embeddable":true,"href":"https:\/\/quicosenza.it\/news\/wp-json\/wp\/v2\/categories?post=269889"},{"taxonomy":"post_tag","embeddable":true,"href":"https:\/\/quicosenza.it\/news\/wp-json\/wp\/v2\/tags?post=269889"}],"curies":[{"name":"wp","href":"https:\/\/api.w.org\/{rel}","templated":true}]}}