{"id":269964,"date":"2025-09-15T07:00:54","date_gmt":"2025-09-15T05:00:54","guid":{"rendered":"https:\/\/www.quicosenza.it\/news\/?p=269964"},"modified":"2025-09-13T16:32:25","modified_gmt":"2025-09-13T14:32:25","slug":"cosenza-riprendono-i-concerti-del-conservatorio-tutte-le-date-tra-settembre-ed-ottobre","status":"publish","type":"post","link":"https:\/\/quicosenza.it\/news\/cosenza-riprendono-i-concerti-del-conservatorio-tutte-le-date-tra-settembre-ed-ottobre\/","title":{"rendered":"Cosenza, riprendono i concerti del Conservatorio: tutte le date tra settembre ed ottobre"},"content":{"rendered":"<p>COSENZA &#8211; Sul finire dell&#8217;estate riprendono i concerti promossi dallo storico Istituto superiore cosentino di Studi Musicali diretto da <strong>Francesco Perri,<\/strong> il<strong> conservatorio &#8220;Stanislao Giacomantonio&#8221;.<\/strong> Si riprende a pieno ritmo il percorso artistico con una serie di <strong>iniziative<\/strong> che partono <strong>mercoled\u00ec 17 settembre, alle ore 20.30 presso il Chiostro del Conservatorio,<\/strong> con un concerto dall&#8217;allusivo titolo<strong> Nuit du Tango<\/strong>, in cui accanto alla viola di <strong>Virginia Luca<\/strong> si uniranno le percussioni di <strong>Christian Guerra<\/strong> e <strong>Michele Potenza.<\/strong><\/p>\n<p>L&#8217;allusione \u00e8 presto svelata: si tratta di un <strong>chiaro omaggio all&#8217;Argentina di Astor Piazzolla<\/strong> poich\u00e9 il programma prevede diverse sue composizioni, tra cui Chanson de la naissance e Chanson du Popo tratte da Famille d&#8217;Artistes; Meditango; El viaje; Milonga for three; Caf\u00e8 1930 tratto da Histoire du Tango. Il riverbero tanguero continua con Losa di Emmanuel S\u00e9journ\u00e9 e due composizioni di Mauro Montalbetti: Voices; Sesler.<\/p>\n<p>Si continua poi il\u00a0<strong>26 settembre, alle 20.30,<\/strong> presso il <strong>duomo cattadrale di Santa Maria Assunta<\/strong> con <strong>Quinta Vox &#8211; l&#8217;unione e l&#8217;alternanza<\/strong> (Letizia Butterin, pr\u00e6centor; Ilaria Centorrino, organo).<\/p>\n<h3>Cosenza, i concerti del conservatorio: gli appuntamenti di ottobre<\/h3>\n<p>Il <strong>1\u00b0 ottobre<\/strong>, invece, l&#8217;appuntamento \u00e8 alle 20.30 <strong>all&#8217;auditorium Casa della Musica<\/strong> con <strong>Mondi Antitetici<\/strong> (Orchestra sinfonica del Conservatorio di Cosenza e Classe di Esercitazioni orchestrali, Giulio Marazia direttore).<\/p>\n<p>Il 6 ottobre, alle 20 e 30, un nuovo appuntamento <strong>all&#8217;auditorium Casa della Musica<\/strong> con <strong>Il pianoforte di Alfonso Rendano e Sergej Rachmaninov<\/strong> (Rodolfo Rubino, pianoforte).<\/p>\n<p>Il <strong>10 ottobre<\/strong> alle 20.30 presso l&#8217;Oratorio del Rosario nel <strong>complesso monumentale di San Domenico<\/strong> in scena <strong>&#8220;&#8230; Lo stupore del tasto e con le mani, e con la penna&#8221;<\/strong> (Orchestra degli allievi del Dipartimento di Musica antica del Conservatorio di Cosenza &#8220;BaroKos&#8221;; Patrizio Germone, konzertmeister; Emanuele Cardi, direttore all&#8217;organo).<\/p>\n<p>Il <strong>14 ottobre,<\/strong> invece, alle 20. 30 sar\u00e0 la volta di <strong>L&#8217;equilibrio instabile: Ravel, Schumann e la Musica della Mente<\/strong> (Alessandro Acri, violino; Giancarlo Grande, pianoforte) presso <strong>l&#8217;auditorium Casa della Musica.\u00a0<\/strong><\/p>\n<p>Il <strong>15 ottobre<\/strong> alle 20.30 all&#8217;Oratorio del Rosario presso il <strong>complesso monumentale di San Domenico<\/strong> \u00e8 in programma <strong>Oblio e Reminiscenza<\/strong> (Marina Notaro, saxofoni; Classe di Esercitazioni corali e Laboratorio Corale-Schola Cantorum del Conservatorio di Cosenza, Letizia Butterin direttore).<\/p>\n<h3>Si continua con tanti altri concerti<\/h3>\n<p>Il <strong>16 ottobre<\/strong> ci si sposta <strong>all&#8217;Unical<\/strong>, presso l&#8217;Auditorium. Alle 20.30 il <strong>Concerto dei Solisti <\/strong>con l&#8217;orchestra del Conservatorio di Cosenza.<\/p>\n<p>Il 25 ottobre, alle 19 sar\u00e0 la volta di <strong>Musica in danza &#8211; VI edizione Extravagante Satie.\u00a0<\/strong> A<strong>ll&#8217;auditorium Casa della Musica<\/strong> un concerto coreografico nel centenario della morte di Erik Satie (Michele Ferraro, coreografia; Ida Zicari, pianoforte; con la partecipazione straordinaria di Daniela Morrone nel ruolo della Guerra; si ringrazia il Liceo coreutico &#8220;Lucrezia Della Valle&#8221; di Cosenza).<\/p>\n<p>Il <strong>23 ottobre<\/strong> alle 20. 30, <strong>all&#8217;auditorium Casa della Musica<\/strong>: <strong>Around America &#8211; Gershwin&#8217;s Rhapsody in Blue<\/strong> (CSE &#8220;Cosenza Saxophone Ensemble&#8221;, Stefano Pecci; direttore Angelo Arciglione, pianoforte).<\/p>\n<p>Il 24 ottobre alle 20.30 presso il <strong>duomo cattadrale di Santa Maria Assunta<\/strong> sar\u00e0 la volta di <strong>Amicizia in Musica:<\/strong> i quintetti con due viole di Michael Haydn e Wolfgang Amadeus Mozart (Alberto Maria Ruta e Rossella Bertucci, violini; Virginia Luca e Francesca Turcato, viole; Fabio Fausone, violoncello).<\/p>\n<p>Il 29 ottobre alle 20.30 un nuovo appuntamento <strong>all&#8217;auditorium Casa della Musica<\/strong> con <strong>Omaggio a Ravel, Bizet, Satie<\/strong> (Ensemble di Flauti del &#8220;Giacomantonio&#8221;).<\/p>\n<p>Il 30 ottobre alle 20. 30 <strong>all&#8217;auditorium Casa della Musica<\/strong>: <strong>Da Amburgo a Napoli: itinerari cameristici<\/strong> (Fabio Fausone, violoncello; Virginia Luca, viola; Antonello Maio, pianoforte).<\/p>\n<p>Il ciclo di appuntamenti si chiude il 31 ottobre alle 20.30 presso l&#8217;Oratorio del Rosario nel <strong>complesso monumentale di San Domenico con &#8220;SILENZIO, AURE VOLANTI&#8221;<\/strong> che prevede cantate e sonate per le celebrazioni dei <strong>300 anni di Alessandro Scarlatti<\/strong> (Goffredo Degli Esposti, flauto dolce; Anna Lycia Gialdi, chalumeau soprano e basso; Francesca Lombardi Mazzulli, soprano; Mauro Pinciaroli, arciliuto; Angelo Trancone, clavicembalo; con la partecipazione degli allievi delle classi di Flauto dolce, Violino barocco e Arte Scenica).<\/p>\n","protected":false},"excerpt":{"rendered":"<p>COSENZA &#8211; Sul finire dell&#8217;estate riprendono i concerti promossi dallo storico Istituto superiore cosentino di Studi Musicali diretto da Francesco Perri, il conservatorio &#8220;Stanislao Giacomantonio&#8221;. Si riprende a pieno ritmo il percorso artistico con una serie di iniziative che partono mercoled\u00ec 17 settembre, alle ore 20.30 presso il Chiostro del Conservatorio, con un concerto dall&#8217;allusivo [&hellip;]<\/p>\n","protected":false},"author":90,"featured_media":152597,"comment_status":"closed","ping_status":"closed","sticky":false,"template":"","format":"standard","meta":{"_acf_changed":false,"footnotes":"","jetpack_publicize_message":"","jetpack_publicize_feature_enabled":true,"jetpack_social_post_already_shared":false,"jetpack_social_options":{"image_generator_settings":{"template":"highway","default_image_id":0,"font":"","enabled":false},"version":2}},"categories":[563,42],"tags":[19],"class_list":["post-269964","post","type-post","status-publish","format-standard","has-post-thumbnail","hentry","category-area-urbana","category-cosenza","tag-copertina"],"acf":[],"jetpack_publicize_connections":[],"_links":{"self":[{"href":"https:\/\/quicosenza.it\/news\/wp-json\/wp\/v2\/posts\/269964","targetHints":{"allow":["GET"]}}],"collection":[{"href":"https:\/\/quicosenza.it\/news\/wp-json\/wp\/v2\/posts"}],"about":[{"href":"https:\/\/quicosenza.it\/news\/wp-json\/wp\/v2\/types\/post"}],"author":[{"embeddable":true,"href":"https:\/\/quicosenza.it\/news\/wp-json\/wp\/v2\/users\/90"}],"replies":[{"embeddable":true,"href":"https:\/\/quicosenza.it\/news\/wp-json\/wp\/v2\/comments?post=269964"}],"version-history":[{"count":0,"href":"https:\/\/quicosenza.it\/news\/wp-json\/wp\/v2\/posts\/269964\/revisions"}],"wp:featuredmedia":[{"embeddable":true,"href":"https:\/\/quicosenza.it\/news\/wp-json\/wp\/v2\/media\/152597"}],"wp:attachment":[{"href":"https:\/\/quicosenza.it\/news\/wp-json\/wp\/v2\/media?parent=269964"}],"wp:term":[{"taxonomy":"category","embeddable":true,"href":"https:\/\/quicosenza.it\/news\/wp-json\/wp\/v2\/categories?post=269964"},{"taxonomy":"post_tag","embeddable":true,"href":"https:\/\/quicosenza.it\/news\/wp-json\/wp\/v2\/tags?post=269964"}],"curies":[{"name":"wp","href":"https:\/\/api.w.org\/{rel}","templated":true}]}}