{"id":269989,"date":"2025-09-14T18:00:50","date_gmt":"2025-09-14T16:00:50","guid":{"rendered":"https:\/\/www.quicosenza.it\/news\/?p=269989"},"modified":"2025-09-14T18:12:17","modified_gmt":"2025-09-14T16:12:17","slug":"praia-a-mare-lultimo-desiderio-di-andrea-de-lorenzo-e-realta-lecografo-sara-donato-allospedale","status":"publish","type":"post","link":"https:\/\/quicosenza.it\/news\/praia-a-mare-lultimo-desiderio-di-andrea-de-lorenzo-e-realta-lecografo-sara-donato-allospedale\/","title":{"rendered":"Praia a mare, l&#8217;ultimo desiderio di Andrea De Lorenzo \u00e8 realt\u00e0: l&#8217;ecografo sar\u00e0 donato all&#8217;ospedale"},"content":{"rendered":"<p>PRAIA A MARE (CS) &#8211; L&#8217;<a href=\"https:\/\/quicosenza.it\/news\/tirreno\/morte-andrea-de-lorenzo-oggi-a-praia-a-mare-i-funerali-la-famiglia-chiede-di-realizzare-il-suo-ultimo-desiderio\" target=\"_blank\" rel=\"noopener\">ultimo desiderio<\/a> di <strong>Andrea De Lorenzo<\/strong> sta per diventare realt\u00e0 anche se lui non c&#8217;\u00e8 pi\u00f9. Il giovane infermiere, fratello del sindaco di Praia a Mare, scomparso lo scorso 22 agosto in seguito ad un<a href=\"https:\/\/quicosenza.it\/news\/tirreno\/tragedia-praia-a-mare-morto-andrea-de-lorenzo-coinvolto-in-un-incidente-era-il-fratello-del-sindaco\" target=\"_blank\" rel=\"noopener\"> incidente stradale,<\/a> tanto si \u00e8 battuto per sostenere l&#8217;ospedale della cittadina tirrenica nel quale lavorara e oggi uno dei suoi pi\u00f9 grandi desideri diventa realt\u00e0 grazie all&#8217;affetto e alla generosit\u00e0 dei suoi concittadini e non solo.<\/p>\n<p><strong>Mercoled\u00ec 17 settembre, alle 11.30,\u00a0<\/strong>nell&#8217;atrio del quarto piano dell&#8217;ospedale di Praia a Mare, l\u2019associazione \u201cNoi per Filippo\u201d e la famiglia di Andrea consegneranno al reparto di Medicina un ecografo di ultima generazione. La moderna <strong>apparecchiatura<\/strong> \u00e8 stata acquistata grazie al <strong>ricavato<\/strong> dell\u2019evento benefico &#8220;<a href=\"https:\/\/quicosenza.it\/news\/tirreno\/pizza-solidale-per-un-cuore-buono-a-praia-a-mare-una-raccolta-fondi-per-donare-un-ecografo-allospedale\" target=\"_blank\" rel=\"noopener\">Pizza solidale per un cuore buono<\/a>&#8220;, organizzato dall&#8217;associazione &#8220;Noi per Filippo&#8221; insieme al Lions L.C. Amantea, Belvedere, Riviera dei cedri, Diamante, Alto tirreno cosentino lo scorso mese di agosto e dalle donazioni raccolte con l&#8217;iniziativa &#8220;La speranza di Andrea&#8221;.<\/p>\n<p><img loading=\"lazy\" decoding=\"async\" class=\"aligncenter wp-image-269990 \" src=\"https:\/\/quicosenza.it\/news\/wp-content\/uploads\/2025\/09\/548922471_777860364995468_4492301950646309048_n.jpg\" alt=\"\" width=\"529\" height=\"529\" title=\"\" srcset=\"https:\/\/quicosenza.it\/news\/wp-content\/uploads\/2025\/09\/548922471_777860364995468_4492301950646309048_n.jpg 2048w, https:\/\/quicosenza.it\/news\/wp-content\/uploads\/2025\/09\/548922471_777860364995468_4492301950646309048_n-300x300.jpg 300w, https:\/\/quicosenza.it\/news\/wp-content\/uploads\/2025\/09\/548922471_777860364995468_4492301950646309048_n-1024x1024.jpg 1024w, https:\/\/quicosenza.it\/news\/wp-content\/uploads\/2025\/09\/548922471_777860364995468_4492301950646309048_n-150x150.jpg 150w, https:\/\/quicosenza.it\/news\/wp-content\/uploads\/2025\/09\/548922471_777860364995468_4492301950646309048_n-768x768.jpg 768w, https:\/\/quicosenza.it\/news\/wp-content\/uploads\/2025\/09\/548922471_777860364995468_4492301950646309048_n-1536x1536.jpg 1536w, https:\/\/quicosenza.it\/news\/wp-content\/uploads\/2025\/09\/548922471_777860364995468_4492301950646309048_n-420x420.jpg 420w, https:\/\/quicosenza.it\/news\/wp-content\/uploads\/2025\/09\/548922471_777860364995468_4492301950646309048_n-696x696.jpg 696w, https:\/\/quicosenza.it\/news\/wp-content\/uploads\/2025\/09\/548922471_777860364995468_4492301950646309048_n-1068x1068.jpg 1068w, https:\/\/quicosenza.it\/news\/wp-content\/uploads\/2025\/09\/548922471_777860364995468_4492301950646309048_n-1920x1920.jpg 1920w\" sizes=\"auto, (max-width: 529px) 100vw, 529px\" \/><\/p>\n<p>L&#8217;annuncio arriva direttamente sui social dall&#8217;associazione\u00a0\u201cNoi per Filippo\u201d\u00a0\u00a0presieduta da\u00a0<strong>Franco Matellicani <\/strong>che spiega che &#8220;la donazione rappresenta un <strong>gesto concreto di solidariet\u00e0 e un importante contributo al potenziamento delle strutture sanitarie locali,<\/strong> frutto dell&#8217;impegno condiviso tra cittadini, volontari e le famiglie di Filippo e Andrea&#8221;.<\/p>\n<p>Alla cerimonia di consegna parteciperanno il sindaco di Praia a Mare e fratello di Andrea, <strong>Antonino De Lorenzo,<\/strong> il presidente dell&#8217;associazione &#8220;Noi per Filippo&#8221;,<strong> Francesco Matellicani,<\/strong> i familiari di Andrea, il dirigente, il direttore sanitario e i medici del reparto di Medicina dell&#8217;ospedale di Praia a Mare.<\/p>\n","protected":false},"excerpt":{"rendered":"<p>PRAIA A MARE (CS) &#8211; L&#8217;ultimo desiderio di Andrea De Lorenzo sta per diventare realt\u00e0 anche se lui non c&#8217;\u00e8 pi\u00f9. Il giovane infermiere, fratello del sindaco di Praia a Mare, scomparso lo scorso 22 agosto in seguito ad un incidente stradale, tanto si \u00e8 battuto per sostenere l&#8217;ospedale della cittadina tirrenica nel quale lavorara [&hellip;]<\/p>\n","protected":false},"author":90,"featured_media":269991,"comment_status":"closed","ping_status":"closed","sticky":false,"template":"","format":"standard","meta":{"_acf_changed":false,"footnotes":"","jetpack_publicize_message":"","jetpack_publicize_feature_enabled":true,"jetpack_social_post_already_shared":false,"jetpack_social_options":{"image_generator_settings":{"template":"highway","default_image_id":0,"font":"","enabled":false},"version":2}},"categories":[576],"tags":[19],"class_list":["post-269989","post","type-post","status-publish","format-standard","has-post-thumbnail","hentry","category-tirreno","tag-copertina"],"acf":[],"jetpack_publicize_connections":[],"_links":{"self":[{"href":"https:\/\/quicosenza.it\/news\/wp-json\/wp\/v2\/posts\/269989","targetHints":{"allow":["GET"]}}],"collection":[{"href":"https:\/\/quicosenza.it\/news\/wp-json\/wp\/v2\/posts"}],"about":[{"href":"https:\/\/quicosenza.it\/news\/wp-json\/wp\/v2\/types\/post"}],"author":[{"embeddable":true,"href":"https:\/\/quicosenza.it\/news\/wp-json\/wp\/v2\/users\/90"}],"replies":[{"embeddable":true,"href":"https:\/\/quicosenza.it\/news\/wp-json\/wp\/v2\/comments?post=269989"}],"version-history":[{"count":0,"href":"https:\/\/quicosenza.it\/news\/wp-json\/wp\/v2\/posts\/269989\/revisions"}],"wp:featuredmedia":[{"embeddable":true,"href":"https:\/\/quicosenza.it\/news\/wp-json\/wp\/v2\/media\/269991"}],"wp:attachment":[{"href":"https:\/\/quicosenza.it\/news\/wp-json\/wp\/v2\/media?parent=269989"}],"wp:term":[{"taxonomy":"category","embeddable":true,"href":"https:\/\/quicosenza.it\/news\/wp-json\/wp\/v2\/categories?post=269989"},{"taxonomy":"post_tag","embeddable":true,"href":"https:\/\/quicosenza.it\/news\/wp-json\/wp\/v2\/tags?post=269989"}],"curies":[{"name":"wp","href":"https:\/\/api.w.org\/{rel}","templated":true}]}}