{"id":270032,"date":"2025-09-16T07:00:59","date_gmt":"2025-09-16T05:00:59","guid":{"rendered":"https:\/\/www.quicosenza.it\/news\/?p=270032"},"modified":"2025-09-16T07:12:27","modified_gmt":"2025-09-16T05:12:27","slug":"settembre-rendese-2025-al-via-con-il-concerto-di-noemi-il-festival-piu-longevo-della-calabria","status":"publish","type":"post","link":"https:\/\/quicosenza.it\/news\/settembre-rendese-2025-al-via-con-il-concerto-di-noemi-il-festival-piu-longevo-della-calabria\/","title":{"rendered":"Settembre Rendese 2025: al via con il concerto di Noemi il festival pi\u00f9 longevo della Calabria"},"content":{"rendered":"<p>RENDE (CS) \u2013 Sessant\u2019anni di storia per il Settembre Rendese, il festival pi\u00f9 longevo della Calabria, che \u00e8 pronto a festeggiare un compleanno speciale con un calendario ricco di eventi che animeranno la citt\u00e0 <strong>dal 17 al 27 settembre 2025<\/strong>. Un traguardo storico per una manifestazione che da sei decenni rappresenta un punto di riferimento per la cultura, la musica e lo spettacolo nel Sud Italia. Organizzata dal Comune di Rende e con la direzione artistica firmata da Alfredo De Luca, l\u2019edizione 2025 si preannuncia come una delle pi\u00f9 significative di sempre. Un omaggio alla storia del festival, ma anche uno sguardo verso il futuro, con una <strong>proposta artistica trasversale, inclusiva e itinerante<\/strong> che coinvolger\u00e0 sia il <strong>centro storico che le aree pi\u00f9 movimentate della citt\u00e0.<\/strong><\/p>\n<p>L\u2019inaugurazione ufficiale \u00e8 fissata per mercoled\u00ec 17 settembre, con una protagonista d\u2019eccezione: Noemi. La cantautrice romana, reduce dai successi estivi e dalla sua partecipazione al Festival di Sanremo, salir\u00e0 sul palco allestito in Via Rossini, nel cuore della nuova Rende, per un concerto che si preannuncia imperdibile. <strong>Tra gli eventi clou<\/strong> del <a href=\"https:\/\/quicosenza.it\/news\/area-urbana\/settembre-rendese-noemi-gipsy-kings-coma-cose-un-programma-ricco-e-trasversale-tra-musica-arte-e-memoria\">programma<\/a> spicca il ritorno nel suggestivo centro storico, dove <strong>venerd\u00ec 19 settembre<\/strong>, in <strong>Piazza degli Eroi, si esibir\u00e0 Pablo Reyes<\/strong>, artista internazionale legato al progetto Gipsy Kings. Un\u2019esibizione speciale che render\u00e0 <strong>omaggio a Domenico Modugno<\/strong>, figura iconica della musica italiana, e che promette di emozionare il pubblico con un mix di sonorit\u00e0 mediterranee e atmosfere gitane.<\/p>\n<p>L\u2019obiettivo dell\u2019Amministrazione \u00e8 di valorizzare il patrimonio artistico e identitario della citt\u00e0 attraverso un\u2019offerta culturale accessibile e di qualit\u00e0. Il festival continuer\u00e0 cos\u00ec a essere uno spazio di incontro tra generazioni, linguaggi e tradizioni, confermandosi come uno degli appuntamenti pi\u00f9 attesi dell\u2019autunno calabrese.<\/p>\n","protected":false},"excerpt":{"rendered":"<p>RENDE (CS) \u2013 Sessant\u2019anni di storia per il Settembre Rendese, il festival pi\u00f9 longevo della Calabria, che \u00e8 pronto a festeggiare un compleanno speciale con un calendario ricco di eventi che animeranno la citt\u00e0 dal 17 al 27 settembre 2025. Un traguardo storico per una manifestazione che da sei decenni rappresenta un punto di riferimento [&hellip;]<\/p>\n","protected":false},"author":42,"featured_media":270034,"comment_status":"closed","ping_status":"closed","sticky":false,"template":"","format":"standard","meta":{"_acf_changed":false,"footnotes":"","jetpack_publicize_message":"","jetpack_publicize_feature_enabled":true,"jetpack_social_post_already_shared":false,"jetpack_social_options":{"image_generator_settings":{"template":"highway","default_image_id":0,"font":"","enabled":false},"version":2}},"categories":[563],"tags":[],"class_list":["post-270032","post","type-post","status-publish","format-standard","has-post-thumbnail","hentry","category-area-urbana"],"acf":[],"jetpack_publicize_connections":[],"_links":{"self":[{"href":"https:\/\/quicosenza.it\/news\/wp-json\/wp\/v2\/posts\/270032","targetHints":{"allow":["GET"]}}],"collection":[{"href":"https:\/\/quicosenza.it\/news\/wp-json\/wp\/v2\/posts"}],"about":[{"href":"https:\/\/quicosenza.it\/news\/wp-json\/wp\/v2\/types\/post"}],"author":[{"embeddable":true,"href":"https:\/\/quicosenza.it\/news\/wp-json\/wp\/v2\/users\/42"}],"replies":[{"embeddable":true,"href":"https:\/\/quicosenza.it\/news\/wp-json\/wp\/v2\/comments?post=270032"}],"version-history":[{"count":0,"href":"https:\/\/quicosenza.it\/news\/wp-json\/wp\/v2\/posts\/270032\/revisions"}],"wp:featuredmedia":[{"embeddable":true,"href":"https:\/\/quicosenza.it\/news\/wp-json\/wp\/v2\/media\/270034"}],"wp:attachment":[{"href":"https:\/\/quicosenza.it\/news\/wp-json\/wp\/v2\/media?parent=270032"}],"wp:term":[{"taxonomy":"category","embeddable":true,"href":"https:\/\/quicosenza.it\/news\/wp-json\/wp\/v2\/categories?post=270032"},{"taxonomy":"post_tag","embeddable":true,"href":"https:\/\/quicosenza.it\/news\/wp-json\/wp\/v2\/tags?post=270032"}],"curies":[{"name":"wp","href":"https:\/\/api.w.org\/{rel}","templated":true}]}}