{"id":270062,"date":"2025-09-15T13:30:56","date_gmt":"2025-09-15T11:30:56","guid":{"rendered":"https:\/\/www.quicosenza.it\/news\/?p=270062"},"modified":"2025-09-15T13:18:59","modified_gmt":"2025-09-15T11:18:59","slug":"salario-minimo-in-tutti-gli-appalti-del-comune-di-rende-la-proposta-di-rossella-gallo","status":"publish","type":"post","link":"https:\/\/quicosenza.it\/news\/salario-minimo-in-tutti-gli-appalti-del-comune-di-rende-la-proposta-di-rossella-gallo\/","title":{"rendered":"Salario minimo in tutti gli appalti del Comune di Rende, la proposta di Rossella Gallo"},"content":{"rendered":"<p>RENDE &#8211; Una proposta di delibera per introdurre il salario minimo in tutti gli appalti del Comune di Rende. A presentarla la consigliera Rossella Gallo, capogruppo del Movimento 5 Stelle-Sinistra per Rende; iniziativa che era uno dei punti programmatici della coalizione guidata da Gallo, e che <strong>mira a garantire condizioni di lavoro pi\u00f9 eque e dignitose<\/strong>, chiedendo di impegnare concretamente l&#8217;amministrazione comunale ad applicare una <strong>norma di civilt\u00e0 gi\u00e0 in vigore in molti paesi dell&#8217;Unione Europea e in diverse citt\u00e0 italiane come Firenze e Foggia.<\/strong><\/p>\n<h3>La proposta<\/h3>\n<p>Prevede che il <strong>Comune di Rende sia obbligato<\/strong>, in tutti gli appalti pubblici, a indicare che al personale impiegato sia applicato il contratto collettivo maggiormente attinente all&#8217;attivit\u00e0 svolta, garantendo un <strong>trattamento economico minimo non inferiore a 10 euro l&#8217;ora<\/strong>, al lordo degli oneri di legge.<\/p>\n<p>Se il consiglio comunale approver\u00e0 la delibera, Rende si impegner\u00e0 anche a effettuare una <strong>ricognizione di tutti i contratti in essere a partire dal 2022<\/strong>, verificando le condizioni economiche e normative applicate, per poi definire azioni conseguenti. L&#8217;amministrazione si impegner\u00e0 inoltre a verificare costantemente il rispetto del contratto, redigendo ogni sei mesi un report relativo agli appalti in essere e alle verifiche sui contratti.<\/p>\n<p>&#8220;Questa delibera dimostra il nostro impegno concreto a mantenere le promesse fatte agli elettori,&#8221; ha dichiarato Rossella Gallo. &#8220;Il nostro gruppo, che include il Movimento 5 Stelle, AVS e Rifondazione Comunista, continuer\u00e0 a lavorare per i <strong>diritti dei lavoratori<\/strong>. Questa \u00e8 una battaglia che portiamo avanti anche a livello regionale, sostenendo tale proposta nell&#8217;ambito della campagna elettorale &#8216;Tridico Presidente&#8217;, il quale ha fatto del salario minimo uno dei suoi punti programmatici principali, portato avanti da tutto il fronte progressista&#8221;.<\/p>\n","protected":false},"excerpt":{"rendered":"<p>RENDE &#8211; Una proposta di delibera per introdurre il salario minimo in tutti gli appalti del Comune di Rende. A presentarla la consigliera Rossella Gallo, capogruppo del Movimento 5 Stelle-Sinistra per Rende; iniziativa che era uno dei punti programmatici della coalizione guidata da Gallo, e che mira a garantire condizioni di lavoro pi\u00f9 eque e [&hellip;]<\/p>\n","protected":false},"author":42,"featured_media":256747,"comment_status":"closed","ping_status":"closed","sticky":false,"template":"","format":"standard","meta":{"_acf_changed":false,"footnotes":"","jetpack_publicize_message":"","jetpack_publicize_feature_enabled":true,"jetpack_social_post_already_shared":false,"jetpack_social_options":{"image_generator_settings":{"template":"highway","default_image_id":0,"font":"","enabled":false},"version":2}},"categories":[563],"tags":[19],"class_list":["post-270062","post","type-post","status-publish","format-standard","has-post-thumbnail","hentry","category-area-urbana","tag-copertina"],"acf":[],"jetpack_publicize_connections":[],"_links":{"self":[{"href":"https:\/\/quicosenza.it\/news\/wp-json\/wp\/v2\/posts\/270062","targetHints":{"allow":["GET"]}}],"collection":[{"href":"https:\/\/quicosenza.it\/news\/wp-json\/wp\/v2\/posts"}],"about":[{"href":"https:\/\/quicosenza.it\/news\/wp-json\/wp\/v2\/types\/post"}],"author":[{"embeddable":true,"href":"https:\/\/quicosenza.it\/news\/wp-json\/wp\/v2\/users\/42"}],"replies":[{"embeddable":true,"href":"https:\/\/quicosenza.it\/news\/wp-json\/wp\/v2\/comments?post=270062"}],"version-history":[{"count":0,"href":"https:\/\/quicosenza.it\/news\/wp-json\/wp\/v2\/posts\/270062\/revisions"}],"wp:featuredmedia":[{"embeddable":true,"href":"https:\/\/quicosenza.it\/news\/wp-json\/wp\/v2\/media\/256747"}],"wp:attachment":[{"href":"https:\/\/quicosenza.it\/news\/wp-json\/wp\/v2\/media?parent=270062"}],"wp:term":[{"taxonomy":"category","embeddable":true,"href":"https:\/\/quicosenza.it\/news\/wp-json\/wp\/v2\/categories?post=270062"},{"taxonomy":"post_tag","embeddable":true,"href":"https:\/\/quicosenza.it\/news\/wp-json\/wp\/v2\/tags?post=270062"}],"curies":[{"name":"wp","href":"https:\/\/api.w.org\/{rel}","templated":true}]}}