{"id":270072,"date":"2025-09-16T08:17:40","date_gmt":"2025-09-16T06:17:40","guid":{"rendered":"https:\/\/www.quicosenza.it\/news\/?p=270072"},"modified":"2025-09-16T08:17:40","modified_gmt":"2025-09-16T06:17:40","slug":"ritorno-tra-i-banchi-anche-a-cosenza-suona-la-campanella-un-nuovo-anno-scolastico-tra-sogni-e-speranze","status":"publish","type":"post","link":"https:\/\/quicosenza.it\/news\/ritorno-tra-i-banchi-anche-a-cosenza-suona-la-campanella-un-nuovo-anno-scolastico-tra-sogni-e-speranze\/","title":{"rendered":"Ritorno tra i banchi: anche a Cosenza suona la campanella. Un nuovo anno scolastico tra sogni e speranze"},"content":{"rendered":"<p>COSENZA &#8211; Un&#8217;avventura che ricomincia. Sono <strong>oltre 250.000 gli studenti calabresi (89.023 quelli cosentini) <\/strong>che tornano oggi tra i banchi di scuola per l&#8217;inizio del nuovo anno scolastico. <strong>Anche a Cosenza<\/strong>, come in tutta la Calabria, stamattina le strade si sono riempite di zaini colorati, di passi veloci e di sorrisi e perch\u00e8 no, anche qualche sbadiglio. E&#8217; il rito dell\u2019inizio, quello che ogni mese di settembre rinnova l\u2019emozione di una comunit\u00e0 intera che accompagna i suoi ragazzi nel cammino della crescita.<\/p>\n<p><img loading=\"lazy\" decoding=\"async\" class=\" wp-image-270111 aligncenter\" src=\"https:\/\/quicosenza.it\/news\/wp-content\/uploads\/2025\/09\/scuola-misasi-via-roma-cosenza-primo-giorno-16-sett-02.jpg\" alt=\"\" width=\"491\" height=\"304\" title=\"\" srcset=\"https:\/\/quicosenza.it\/news\/wp-content\/uploads\/2025\/09\/scuola-misasi-via-roma-cosenza-primo-giorno-16-sett-02.jpg 970w, https:\/\/quicosenza.it\/news\/wp-content\/uploads\/2025\/09\/scuola-misasi-via-roma-cosenza-primo-giorno-16-sett-02-300x186.jpg 300w, https:\/\/quicosenza.it\/news\/wp-content\/uploads\/2025\/09\/scuola-misasi-via-roma-cosenza-primo-giorno-16-sett-02-768x475.jpg 768w, https:\/\/quicosenza.it\/news\/wp-content\/uploads\/2025\/09\/scuola-misasi-via-roma-cosenza-primo-giorno-16-sett-02-679x420.jpg 679w, https:\/\/quicosenza.it\/news\/wp-content\/uploads\/2025\/09\/scuola-misasi-via-roma-cosenza-primo-giorno-16-sett-02-150x93.jpg 150w, https:\/\/quicosenza.it\/news\/wp-content\/uploads\/2025\/09\/scuola-misasi-via-roma-cosenza-primo-giorno-16-sett-02-696x431.jpg 696w, https:\/\/quicosenza.it\/news\/wp-content\/uploads\/2025\/09\/scuola-misasi-via-roma-cosenza-primo-giorno-16-sett-02-356x220.jpg 356w\" sizes=\"auto, (max-width: 491px) 100vw, 491px\" \/><\/p>\n<p>Davanti ai cancelli delle scuole si sono intrecciati abbracci, incoraggiamenti, mani strette tra genitori e figli. <strong>C\u2019\u00e8 chi ha varcato per la prima volta la soglia di una classe,<\/strong> con gli occhi pieni di curiosit\u00e0 e un po\u2019 di timore, e chi invece \u00e8 tornato a sedersi accanto ai compagni di sempre, pronto a ritrovare la quotidianit\u00e0 fatta di libri, risate e sogni condivisi.<\/p>\n<p><img loading=\"lazy\" decoding=\"async\" class=\" wp-image-270113 aligncenter\" src=\"https:\/\/quicosenza.it\/news\/wp-content\/uploads\/2025\/09\/scuola-zumbini-cosenza-primo-giorno-16-sett-01.jpg\" alt=\"\" width=\"528\" height=\"327\" title=\"\" srcset=\"https:\/\/quicosenza.it\/news\/wp-content\/uploads\/2025\/09\/scuola-zumbini-cosenza-primo-giorno-16-sett-01.jpg 970w, https:\/\/quicosenza.it\/news\/wp-content\/uploads\/2025\/09\/scuola-zumbini-cosenza-primo-giorno-16-sett-01-300x186.jpg 300w, https:\/\/quicosenza.it\/news\/wp-content\/uploads\/2025\/09\/scuola-zumbini-cosenza-primo-giorno-16-sett-01-768x475.jpg 768w, https:\/\/quicosenza.it\/news\/wp-content\/uploads\/2025\/09\/scuola-zumbini-cosenza-primo-giorno-16-sett-01-679x420.jpg 679w, https:\/\/quicosenza.it\/news\/wp-content\/uploads\/2025\/09\/scuola-zumbini-cosenza-primo-giorno-16-sett-01-150x93.jpg 150w, https:\/\/quicosenza.it\/news\/wp-content\/uploads\/2025\/09\/scuola-zumbini-cosenza-primo-giorno-16-sett-01-696x431.jpg 696w, https:\/\/quicosenza.it\/news\/wp-content\/uploads\/2025\/09\/scuola-zumbini-cosenza-primo-giorno-16-sett-01-356x220.jpg 356w\" sizes=\"auto, (max-width: 528px) 100vw, 528px\" \/><\/p>\n<p>Un anno che non sar\u00e0 fatto solo di lezioni, <strong>ma di scoperte e di crescita personale<\/strong>. Perch\u00e9 la scuola, qui come ovunque, non \u00e8 soltanto un luogo di apprendimento ma \u00e8 il <strong>cuore pulsante della comunit\u00e0<\/strong>, \u00e8 lo spazio dove si costruisce il futuro e i sogni di ogni bambino e di adolescente: coloro che saranno il futuro della Calabria.<\/p>\n<p><img loading=\"lazy\" decoding=\"async\" class=\" wp-image-270109 aligncenter\" src=\"https:\/\/quicosenza.it\/news\/wp-content\/uploads\/2025\/09\/scientifico-scorza-primo-giorno-scuola-16-settembre.jpg\" alt=\"\" width=\"520\" height=\"322\" title=\"\" srcset=\"https:\/\/quicosenza.it\/news\/wp-content\/uploads\/2025\/09\/scientifico-scorza-primo-giorno-scuola-16-settembre.jpg 970w, https:\/\/quicosenza.it\/news\/wp-content\/uploads\/2025\/09\/scientifico-scorza-primo-giorno-scuola-16-settembre-300x186.jpg 300w, https:\/\/quicosenza.it\/news\/wp-content\/uploads\/2025\/09\/scientifico-scorza-primo-giorno-scuola-16-settembre-768x475.jpg 768w, https:\/\/quicosenza.it\/news\/wp-content\/uploads\/2025\/09\/scientifico-scorza-primo-giorno-scuola-16-settembre-679x420.jpg 679w, https:\/\/quicosenza.it\/news\/wp-content\/uploads\/2025\/09\/scientifico-scorza-primo-giorno-scuola-16-settembre-150x93.jpg 150w, https:\/\/quicosenza.it\/news\/wp-content\/uploads\/2025\/09\/scientifico-scorza-primo-giorno-scuola-16-settembre-696x431.jpg 696w, https:\/\/quicosenza.it\/news\/wp-content\/uploads\/2025\/09\/scientifico-scorza-primo-giorno-scuola-16-settembre-356x220.jpg 356w\" sizes=\"auto, (max-width: 520px) 100vw, 520px\" \/><\/p>\n<p><img loading=\"lazy\" decoding=\"async\" class=\" wp-image-270114 aligncenter\" src=\"https:\/\/quicosenza.it\/news\/wp-content\/uploads\/2025\/09\/istituto-tecnico-industriale-monaco-primo-giorno-cosenza-01.jpg\" alt=\"\" width=\"519\" height=\"321\" title=\"\" srcset=\"https:\/\/quicosenza.it\/news\/wp-content\/uploads\/2025\/09\/istituto-tecnico-industriale-monaco-primo-giorno-cosenza-01.jpg 970w, https:\/\/quicosenza.it\/news\/wp-content\/uploads\/2025\/09\/istituto-tecnico-industriale-monaco-primo-giorno-cosenza-01-300x186.jpg 300w, https:\/\/quicosenza.it\/news\/wp-content\/uploads\/2025\/09\/istituto-tecnico-industriale-monaco-primo-giorno-cosenza-01-768x475.jpg 768w, https:\/\/quicosenza.it\/news\/wp-content\/uploads\/2025\/09\/istituto-tecnico-industriale-monaco-primo-giorno-cosenza-01-679x420.jpg 679w, https:\/\/quicosenza.it\/news\/wp-content\/uploads\/2025\/09\/istituto-tecnico-industriale-monaco-primo-giorno-cosenza-01-150x93.jpg 150w, https:\/\/quicosenza.it\/news\/wp-content\/uploads\/2025\/09\/istituto-tecnico-industriale-monaco-primo-giorno-cosenza-01-696x431.jpg 696w, https:\/\/quicosenza.it\/news\/wp-content\/uploads\/2025\/09\/istituto-tecnico-industriale-monaco-primo-giorno-cosenza-01-356x220.jpg 356w\" sizes=\"auto, (max-width: 519px) 100vw, 519px\" \/><\/p>\n","protected":false},"excerpt":{"rendered":"<p>COSENZA &#8211; Un&#8217;avventura che ricomincia. Sono oltre 250.000 gli studenti calabresi (89.023 quelli cosentini) che tornano oggi tra i banchi di scuola per l&#8217;inizio del nuovo anno scolastico. Anche a Cosenza, come in tutta la Calabria, stamattina le strade si sono riempite di zaini colorati, di passi veloci e di sorrisi e perch\u00e8 no, anche [&hellip;]<\/p>\n","protected":false},"author":58,"featured_media":270108,"comment_status":"closed","ping_status":"closed","sticky":false,"template":"","format":"standard","meta":{"_acf_changed":false,"footnotes":"","jetpack_publicize_message":"","jetpack_publicize_feature_enabled":true,"jetpack_social_post_already_shared":false,"jetpack_social_options":{"image_generator_settings":{"template":"highway","default_image_id":0,"font":"","enabled":false},"version":2}},"categories":[563,42],"tags":[19],"class_list":["post-270072","post","type-post","status-publish","format-standard","has-post-thumbnail","hentry","category-area-urbana","category-cosenza","tag-copertina"],"acf":[],"jetpack_publicize_connections":[],"_links":{"self":[{"href":"https:\/\/quicosenza.it\/news\/wp-json\/wp\/v2\/posts\/270072","targetHints":{"allow":["GET"]}}],"collection":[{"href":"https:\/\/quicosenza.it\/news\/wp-json\/wp\/v2\/posts"}],"about":[{"href":"https:\/\/quicosenza.it\/news\/wp-json\/wp\/v2\/types\/post"}],"author":[{"embeddable":true,"href":"https:\/\/quicosenza.it\/news\/wp-json\/wp\/v2\/users\/58"}],"replies":[{"embeddable":true,"href":"https:\/\/quicosenza.it\/news\/wp-json\/wp\/v2\/comments?post=270072"}],"version-history":[{"count":0,"href":"https:\/\/quicosenza.it\/news\/wp-json\/wp\/v2\/posts\/270072\/revisions"}],"wp:featuredmedia":[{"embeddable":true,"href":"https:\/\/quicosenza.it\/news\/wp-json\/wp\/v2\/media\/270108"}],"wp:attachment":[{"href":"https:\/\/quicosenza.it\/news\/wp-json\/wp\/v2\/media?parent=270072"}],"wp:term":[{"taxonomy":"category","embeddable":true,"href":"https:\/\/quicosenza.it\/news\/wp-json\/wp\/v2\/categories?post=270072"},{"taxonomy":"post_tag","embeddable":true,"href":"https:\/\/quicosenza.it\/news\/wp-json\/wp\/v2\/tags?post=270072"}],"curies":[{"name":"wp","href":"https:\/\/api.w.org\/{rel}","templated":true}]}}