{"id":270116,"date":"2025-09-20T06:30:39","date_gmt":"2025-09-20T04:30:39","guid":{"rendered":"https:\/\/www.quicosenza.it\/news\/?p=270116"},"modified":"2025-09-20T06:54:05","modified_gmt":"2025-09-20T04:54:05","slug":"musica-bandistica-domani-il-1-raduno-citta-di-mendicino-tradizione-cultura-e-comunita","status":"publish","type":"post","link":"https:\/\/quicosenza.it\/news\/musica-bandistica-domani-il-1-raduno-citta-di-mendicino-tradizione-cultura-e-comunita\/","title":{"rendered":"Musica bandistica, domani il 1\u00b0 Raduno \u201cCitt\u00e0 di Mendicino\u201d: tradizione, cultura e comunit\u00e0"},"content":{"rendered":"<p>MENDICINO (CS) &#8211; Domenica 21 settembre, Mendicino si trasformer\u00e0 in un centro di riferimento della musica bandistica, unendo la magia del suo territorio, la bellezza del Parco degli Enotri, alle note senza tempo delle bande calabresi. Il programma del raduno prevede un percorso suggestivo che partir\u00e0 dalla <strong>Chiesa di San Pietro in Mendicino<\/strong>, da dove le bande partecipanti sfileranno per <strong>Piazza Municipio e Piazza Duomo<\/strong>. La giornata trover\u00e0 poi il suo culmine nel magnifico scenario del Parco degli Enotri, che ospiter\u00e0 il concerto conclusivo: qui le formazioni esprimeranno il meglio del loro repertorio musicale.<\/p>\n<h3>La \u201cBanda Citt\u00e0 di Mendicino 1885\u201d: una storia lunga quasi 150 anni<\/h3>\n<p>Fondata nel lontano <strong>1885<\/strong>, la <strong>Banda Musicale \u201cCitt\u00e0 di Mendicino\u201d<\/strong> \u00e8 una delle realt\u00e0 pi\u00f9 longeve e rappresentative della Calabria. Da quasi un secolo e mezzo accompagna la vita sociale e religiosa del paese, diventando un simbolo identitario e un punto di riferimento culturale. Sotto la direzione del <strong>Maestro Maurizio Filippelli<\/strong>, la banda ha saputo coniugare il rispetto della tradizione con una costante apertura all\u2019innovazione, conquistando riconoscimenti e inviti in numerose citt\u00e0 italiane. Grazie al lavoro instancabile del Maestro e all\u2019impegno dei suoi musicisti, la formazione mendicinese si \u00e8 guadagnata un ruolo di prestigio anche al di fuori dei confini locali, continuando a crescere ed attrarre nuove generazioni di giovani talenti locali.<\/p>\n<h3>Le bande ospiti<\/h3>\n<p>Con la Banda Musicale Citt\u00e0 di Mendicino 1885, che si occuper\u00e0 dell\u2019accoglienza, saranno presenti altre importanti realt\u00e0 bandistiche calabresi: la Banda Musicale Giuseppe Verdi di Santa Maria del Cedro, diretta dal Maestro Angelo Durante; l\u2019Associazione Bandistica Antonio De Bartolo di Corigliano-Rossano, diretta dal Maestro Domenico Di Vasto; il Complesso Bandistico San Francesco di Paola (Paola), diretto dal Maestro Giorgio Di Stilo; la Banda Musicale Raimondo Reda 1994 di Mendicino, diretta dal Maestro <strong>Giuseppe Madrigrano.<\/strong><\/p>\n<p>Il raduno rappresenta non solo un\u2019occasione musicale, ma un momento d\u2019incontro per l\u2019intera comunit\u00e0 mendicinese. L\u2019impegno congiunto di tutti coloro che hanno reso possibile l\u2019evento testimonia come la musica possa essere strumento di coesione, capace di valorizzare il territorio e rafforzare i legami sociali.<\/p>\n","protected":false},"excerpt":{"rendered":"<p>MENDICINO (CS) &#8211; Domenica 21 settembre, Mendicino si trasformer\u00e0 in un centro di riferimento della musica bandistica, unendo la magia del suo territorio, la bellezza del Parco degli Enotri, alle note senza tempo delle bande calabresi. Il programma del raduno prevede un percorso suggestivo che partir\u00e0 dalla Chiesa di San Pietro in Mendicino, da dove [&hellip;]<\/p>\n","protected":false},"author":42,"featured_media":270117,"comment_status":"closed","ping_status":"closed","sticky":false,"template":"","format":"standard","meta":{"_acf_changed":false,"footnotes":"","jetpack_publicize_message":"","jetpack_publicize_feature_enabled":true,"jetpack_social_post_already_shared":false,"jetpack_social_options":{"image_generator_settings":{"template":"highway","default_image_id":0,"font":"","enabled":false},"version":2}},"categories":[28],"tags":[19],"class_list":["post-270116","post","type-post","status-publish","format-standard","has-post-thumbnail","hentry","category-provincia","tag-copertina"],"acf":[],"jetpack_publicize_connections":[],"_links":{"self":[{"href":"https:\/\/quicosenza.it\/news\/wp-json\/wp\/v2\/posts\/270116","targetHints":{"allow":["GET"]}}],"collection":[{"href":"https:\/\/quicosenza.it\/news\/wp-json\/wp\/v2\/posts"}],"about":[{"href":"https:\/\/quicosenza.it\/news\/wp-json\/wp\/v2\/types\/post"}],"author":[{"embeddable":true,"href":"https:\/\/quicosenza.it\/news\/wp-json\/wp\/v2\/users\/42"}],"replies":[{"embeddable":true,"href":"https:\/\/quicosenza.it\/news\/wp-json\/wp\/v2\/comments?post=270116"}],"version-history":[{"count":0,"href":"https:\/\/quicosenza.it\/news\/wp-json\/wp\/v2\/posts\/270116\/revisions"}],"wp:featuredmedia":[{"embeddable":true,"href":"https:\/\/quicosenza.it\/news\/wp-json\/wp\/v2\/media\/270117"}],"wp:attachment":[{"href":"https:\/\/quicosenza.it\/news\/wp-json\/wp\/v2\/media?parent=270116"}],"wp:term":[{"taxonomy":"category","embeddable":true,"href":"https:\/\/quicosenza.it\/news\/wp-json\/wp\/v2\/categories?post=270116"},{"taxonomy":"post_tag","embeddable":true,"href":"https:\/\/quicosenza.it\/news\/wp-json\/wp\/v2\/tags?post=270116"}],"curies":[{"name":"wp","href":"https:\/\/api.w.org\/{rel}","templated":true}]}}