{"id":270167,"date":"2025-09-16T15:00:03","date_gmt":"2025-09-16T13:00:03","guid":{"rendered":"https:\/\/www.quicosenza.it\/news\/?p=270167"},"modified":"2025-09-16T14:05:31","modified_gmt":"2025-09-16T12:05:31","slug":"mani-creative-il-welfare-che-restituisce-dignita-e-bellezza-alle-fragilita-sociali","status":"publish","type":"post","link":"https:\/\/quicosenza.it\/news\/mani-creative-il-welfare-che-restituisce-dignita-e-bellezza-alle-fragilita-sociali\/","title":{"rendered":"&#8220;Mani Creative&#8221;, il welfare che restituisce dignit\u00e0 e bellezza alle fragilit\u00e0 sociali"},"content":{"rendered":"<p>COSENZA &#8211; In Calabria, <strong>l&#8217;arte<\/strong> \u00e8 diventata <strong>strumento di welfare di prossimit\u00e0,<\/strong> capace di alleviare ferite invisibili e di <strong>aprire spazi di relazione<\/strong> laddove spesso dominano isolamento e silenzio. \u00c8 questo il cuore del progetto <strong>&#8220;Mani Creative: welfare di prossimit\u00e0 attraverso l&#8217;Arte e il Fare&#8221;<\/strong>, promosso da <strong>L&#8217;Arte in Corso,<\/strong> l&#8217;associazione di promozione sociale presieduta da <strong>Debora Falcone<\/strong>, con il sostegno del Fondo di Beneficenza di Intesa Sanpaolo, nella provincia di Cosenza, che per il secondo anno consecutivo ha scelto di sostenere l&#8217;iniziativa nell&#8217;ambito delle Nuove Linee Guida 2025\u20132026.<\/p>\n<h3>&#8220;Mani Creative&#8221;: l&#8217;arte arriva nelle case-famiglia e case rifugio<\/h3>\n<p>Il progetto ha coinvolto per tutta l&#8217;estate i <strong>residenti di case-famiglia e case rifugio<\/strong> della provincia di Cosenza. <strong>Donne, uomini, ragazzi e bambini<\/strong> in condizioni di vulnerabilit\u00e0 sociale hanno partecipato a un percorso di <strong>laboratori creativi e arteterapici.<\/strong> Non semplici attivit\u00e0 manuali, ma <strong>esperienze di ricostruzione identitaria<\/strong>: plasmare l&#8217;argilla, dipingere un volto, comporre un mosaico significa, metaforicamente, riordinare i frammenti della propria vita, dare forma a emozioni spesso indicibili, riconoscersi come capaci di creare.<\/p>\n<p>Ogni incontro ha rappresentato una piccola rivoluzione interiore: chi non parlava da tempo ha trovato un modo per esprimersi con i colori; chi si percepiva invisibile ha riscoperto di avere uno sguardo che vale e mani che possono generare bellezza. In un territorio dove l&#8217;accesso ai servizi sociosanitari \u00e8 spesso limitato, &#8220;Mani Creative&#8221; ha dimostrato che il <strong>welfare di prossimit\u00e0<\/strong> non deve per forza passare da grandi strutture, ma pu\u00f2 <strong>radicarsi in spazi intimi, comunitari, quotidiani.<\/strong><\/p>\n<p>La dimensione laboratoriale ha favorito non solo l&#8217;autostima e la comunicazione emotiva, ma anche la coesione sociale: utenti, operatori e famiglie hanno costruito legami nuovi, fondati sulla fiducia reciproca e sulla condivisione. \u00c8 un <strong>modello replicabile,<\/strong> che mostra come la cultura possa diventare parte integrante delle politiche sociali: non &#8220;ornamento&#8221; o &#8220;intrattenimento&#8221;, ma cura e prevenzione, al pari di ogni altro servizio essenziale.<\/p>\n<p>La grande lezione di &#8220;Mani Creative&#8221; \u00e8 che <strong>l&#8217;arte non appartiene soltanto ai musei o ai palcoscenici,<\/strong> ma alla <strong>vita quotidiana<\/strong> delle <strong>persone comuni.<\/strong> I partecipanti di questo progetto hanno scoperto che <strong>creare significa esistere in modo nuovo,<\/strong> riappropriarsi della propria dignit\u00e0, sentirsi parte di un orizzonte pi\u00f9 grande.<\/p>\n<h3>L&#8217;arte come pratica stabile di welfare comunitario<\/h3>\n<p>&#8220;L&#8217;Arte in Corso&#8221; intende proseguire su questa strada, ampliando il progetto e trasformandolo in una<strong> pratica stabile di welfare comunitario.<\/strong> In programma, una mostra finale aperta al pubblico, che render\u00e0 visibile il lavoro svolto dai partecipanti e restituir\u00e0 alla collettivit\u00e0 il valore di ci\u00f2 che \u00e8 stato costruito insieme.<\/p>\n<p>La presidente Debora Falcone ha specificato che &#8220;sono <strong>numerosi i progetti<\/strong> su cui stiamo <strong>lavorando<\/strong>. Ma per dare continuit\u00e0 a questa esperienza serve il contributo del territorio: imprenditori, fondazioni, enti pubblici e cittadini sono invitati a sostenere un&#8217;iniziativa che non si limita a &#8220;fare del bene&#8221;, ma rigenera persone e comunit\u00e0 attraverso la forza generativa dell&#8217;arte&#8221;.<\/p>\n<p>&#8220;Mani Creative&#8221;, ha spiegato la presidente, &#8220;ha gi\u00e0 piantato un seme che chiede di essere coltivato. Sostenere questo progetto significa credere in un&#8217;idea di societ\u00e0 in cui la bellezza non \u00e8 privilegio, ma diritto; in cui la fragilit\u00e0 non \u00e8 stigma, ma possibilit\u00e0 di rinascita; in cui l&#8217;arte, da sempre specchio dell&#8217;umanit\u00e0, diventa anche la sua medicina pi\u00f9 autentica&#8221;.<\/p>\n","protected":false},"excerpt":{"rendered":"<p>COSENZA &#8211; In Calabria, l&#8217;arte \u00e8 diventata strumento di welfare di prossimit\u00e0, capace di alleviare ferite invisibili e di aprire spazi di relazione laddove spesso dominano isolamento e silenzio. \u00c8 questo il cuore del progetto &#8220;Mani Creative: welfare di prossimit\u00e0 attraverso l&#8217;Arte e il Fare&#8221;, promosso da L&#8217;Arte in Corso, l&#8217;associazione di promozione sociale presieduta [&hellip;]<\/p>\n","protected":false},"author":90,"featured_media":270169,"comment_status":"closed","ping_status":"closed","sticky":false,"template":"","format":"standard","meta":{"_acf_changed":false,"footnotes":"","jetpack_publicize_message":"","jetpack_publicize_feature_enabled":true,"jetpack_social_post_already_shared":false,"jetpack_social_options":{"image_generator_settings":{"template":"highway","default_image_id":0,"font":"","enabled":false},"version":2}},"categories":[28],"tags":[19],"class_list":["post-270167","post","type-post","status-publish","format-standard","has-post-thumbnail","hentry","category-provincia","tag-copertina"],"acf":[],"jetpack_publicize_connections":[],"_links":{"self":[{"href":"https:\/\/quicosenza.it\/news\/wp-json\/wp\/v2\/posts\/270167","targetHints":{"allow":["GET"]}}],"collection":[{"href":"https:\/\/quicosenza.it\/news\/wp-json\/wp\/v2\/posts"}],"about":[{"href":"https:\/\/quicosenza.it\/news\/wp-json\/wp\/v2\/types\/post"}],"author":[{"embeddable":true,"href":"https:\/\/quicosenza.it\/news\/wp-json\/wp\/v2\/users\/90"}],"replies":[{"embeddable":true,"href":"https:\/\/quicosenza.it\/news\/wp-json\/wp\/v2\/comments?post=270167"}],"version-history":[{"count":0,"href":"https:\/\/quicosenza.it\/news\/wp-json\/wp\/v2\/posts\/270167\/revisions"}],"wp:featuredmedia":[{"embeddable":true,"href":"https:\/\/quicosenza.it\/news\/wp-json\/wp\/v2\/media\/270169"}],"wp:attachment":[{"href":"https:\/\/quicosenza.it\/news\/wp-json\/wp\/v2\/media?parent=270167"}],"wp:term":[{"taxonomy":"category","embeddable":true,"href":"https:\/\/quicosenza.it\/news\/wp-json\/wp\/v2\/categories?post=270167"},{"taxonomy":"post_tag","embeddable":true,"href":"https:\/\/quicosenza.it\/news\/wp-json\/wp\/v2\/tags?post=270167"}],"curies":[{"name":"wp","href":"https:\/\/api.w.org\/{rel}","templated":true}]}}