{"id":270190,"date":"2025-09-16T17:43:39","date_gmt":"2025-09-16T15:43:39","guid":{"rendered":"https:\/\/www.quicosenza.it\/news\/?p=270190"},"modified":"2025-09-16T17:43:39","modified_gmt":"2025-09-16T15:43:39","slug":"rende-la-giunta-comunale-avvia-la-stabilizzazione-di-venti-tirocinanti","status":"publish","type":"post","link":"https:\/\/quicosenza.it\/news\/rende-la-giunta-comunale-avvia-la-stabilizzazione-di-venti-tirocinanti\/","title":{"rendered":"Rende, la Giunta comunale avvia la stabilizzazione di venti tirocinanti"},"content":{"rendered":"<p>RENDE (CS) \u2013 Con grande senso di responsabilit\u00e0, la<strong> Giunta comunale di Rende<\/strong> ha deliberato l&#8217;adesione alla procedura di<strong> stabilizzazione per venti TIS (Tirocini di Inclusione Sociale)<\/strong> attualmente in servizio presso l&#8217;ente. La decisione segue un&#8217;attenta e approfondita valutazione dei costi che il Comune dovr\u00e0 sostenere, tenendo in considerazione anche i possibili scenari futuri legati al venir meno del contributo regionale.<\/p>\n<p>&#8220;Si tratta di una scelta ponderata \u2013 ha dichiarato la Giunta \u2013 che guarda non solo all&#8217;immediato, ma anche alla sostenibilit\u00e0 dell&#8217;ente nel medio e lungo periodo. \u00c8<strong> nostro auspicio che la Regione possa intervenire con un provvedimento definitivo<\/strong> per la storicizzazione delle risorse, cos\u00ec da garantire continuit\u00e0 e stabilit\u00e0&#8221;.<\/p>\n<p>L&#8217;Amministrazione comunale sottolinea, inoltre, l&#8217;importanza di dare un <strong>giusto riconoscimento e una piena dignit\u00e0 professionale<\/strong> a lavoratori che, in questi anni, hanno dimostrato concretamente sul campo il proprio valore e la propria capacit\u00e0, meritando cos\u00ec l&#8217;inquadramento all&#8217;interno del personale comunale.<\/p>\n","protected":false},"excerpt":{"rendered":"<p>RENDE (CS) \u2013 Con grande senso di responsabilit\u00e0, la Giunta comunale di Rende ha deliberato l&#8217;adesione alla procedura di stabilizzazione per venti TIS (Tirocini di Inclusione Sociale) attualmente in servizio presso l&#8217;ente. La decisione segue un&#8217;attenta e approfondita valutazione dei costi che il Comune dovr\u00e0 sostenere, tenendo in considerazione anche i possibili scenari futuri legati [&hellip;]<\/p>\n","protected":false},"author":58,"featured_media":263212,"comment_status":"closed","ping_status":"closed","sticky":false,"template":"","format":"standard","meta":{"_acf_changed":false,"footnotes":"","jetpack_publicize_message":"","jetpack_publicize_feature_enabled":true,"jetpack_social_post_already_shared":false,"jetpack_social_options":{"image_generator_settings":{"template":"highway","default_image_id":0,"font":"","enabled":false},"version":2}},"categories":[563,44],"tags":[19],"class_list":["post-270190","post","type-post","status-publish","format-standard","has-post-thumbnail","hentry","category-area-urbana","category-rende","tag-copertina"],"acf":[],"jetpack_publicize_connections":[],"_links":{"self":[{"href":"https:\/\/quicosenza.it\/news\/wp-json\/wp\/v2\/posts\/270190","targetHints":{"allow":["GET"]}}],"collection":[{"href":"https:\/\/quicosenza.it\/news\/wp-json\/wp\/v2\/posts"}],"about":[{"href":"https:\/\/quicosenza.it\/news\/wp-json\/wp\/v2\/types\/post"}],"author":[{"embeddable":true,"href":"https:\/\/quicosenza.it\/news\/wp-json\/wp\/v2\/users\/58"}],"replies":[{"embeddable":true,"href":"https:\/\/quicosenza.it\/news\/wp-json\/wp\/v2\/comments?post=270190"}],"version-history":[{"count":0,"href":"https:\/\/quicosenza.it\/news\/wp-json\/wp\/v2\/posts\/270190\/revisions"}],"wp:featuredmedia":[{"embeddable":true,"href":"https:\/\/quicosenza.it\/news\/wp-json\/wp\/v2\/media\/263212"}],"wp:attachment":[{"href":"https:\/\/quicosenza.it\/news\/wp-json\/wp\/v2\/media?parent=270190"}],"wp:term":[{"taxonomy":"category","embeddable":true,"href":"https:\/\/quicosenza.it\/news\/wp-json\/wp\/v2\/categories?post=270190"},{"taxonomy":"post_tag","embeddable":true,"href":"https:\/\/quicosenza.it\/news\/wp-json\/wp\/v2\/tags?post=270190"}],"curies":[{"name":"wp","href":"https:\/\/api.w.org\/{rel}","templated":true}]}}