{"id":270292,"date":"2025-09-17T16:30:47","date_gmt":"2025-09-17T14:30:47","guid":{"rendered":"https:\/\/www.quicosenza.it\/news\/?p=270292"},"modified":"2025-09-17T16:34:28","modified_gmt":"2025-09-17T14:34:28","slug":"incendiata-nella-notte-lauto-di-raffaella-angotti-presidente-del-centro-antiviolenza-di-crotone","status":"publish","type":"post","link":"https:\/\/quicosenza.it\/news\/incendiata-nella-notte-lauto-di-raffaella-angotti-presidente-del-centro-antiviolenza-di-crotone\/","title":{"rendered":"Incendiata nella notte l&#8217;auto di Raffaella Angotti, presidente del centro antiviolenza di Crotone"},"content":{"rendered":"<p>CROTONE &#8211; Questa notte un <strong>incendio<\/strong> ha distrutto <strong>l&#8217;autovettura di Raffaella Angotti<\/strong>, presidente della <strong>cooperativa sociale Noemi<\/strong> che si occupa, tra le altre cose, di gestire il <strong>centro antiviolenza Udite Agar<\/strong> di <strong>Crotone<\/strong> attraverso il quale d\u00e0 assistenza a molte donne. La vettura era parcheggiata sotto casa della presidente nel popoloso quartiere Tufolo di Crotone. A dare notizia di quello che \u00e8 successo nella notte, tramite i social, la cooperativa sociale Noemi. Ora i <strong>carabinieri<\/strong> del comando provinciale di Crotone <strong>stanno indagando sull&#8217;incendio.\u00a0<\/strong><\/p>\n<p>&#8220;Questa notte &#8211; si legge nel post &#8211; \u00e8 stato compiuto un <strong>atto vandalico<\/strong> ai danni dell&#8217;auto della nostra presidente Raffaella Angotti. Tutti noi soci, operatori e volontari della cooperativa &#8216;Noemi&#8217; siamo vicini alla nostra presidente e condanniamo fortemente l&#8217;accaduto, certi di stare sempre dalla parte giusta e di operare con seriet\u00e0 e correttezza a fianco dei minori, delle donne e delle famiglie del nostro territorio&#8221;.<\/p>\n<p>Solidariet\u00e0 a Raffaella Angotti \u00e8 stata espressa dalla Cooperativa Sociale Agor\u00e0 Kroton: &#8220;Condanniamo con fermezza questo <strong>gesto vile e intimidatorio<\/strong> &#8211; \u00e8 scritto in una nota &#8211; che colpisce non solo una persona, ma <strong>l&#8217;intera comunit\u00e0 sociale<\/strong> che ogni giorno lavora con dedizione e coraggio a fianco dei pi\u00f9 fragili: minori, donne, famiglie. Attaccare chi si impegna per il bene comune \u00e8 un segnale inquietante che non pu\u00f2 lasciarci indifferenti&#8221;.<\/p>\n<p>Il presidente di Agor\u00e0 Kroton, Gregorio Mungari Cotruzzol\u00e0, si dice certo che Angotti e gli operatori della cooperativa Noemi &#8220;continueranno a svolgere il loro lavoro con la stessa passione e integrit\u00e0 che li contraddistingue. Di fronte a chi cerca di seminare paura, noi scegliamo di moltiplicare solidariet\u00e0. Continueremo a camminare insieme, fianco a fianco, perch\u00e9 la forza del sociale \u00e8 pi\u00f9 grande di qualsiasi gesto di violenza&#8221;.<\/p>\n","protected":false},"excerpt":{"rendered":"<p>CROTONE &#8211; Questa notte un incendio ha distrutto l&#8217;autovettura di Raffaella Angotti, presidente della cooperativa sociale Noemi che si occupa, tra le altre cose, di gestire il centro antiviolenza Udite Agar di Crotone attraverso il quale d\u00e0 assistenza a molte donne. La vettura era parcheggiata sotto casa della presidente nel popoloso quartiere Tufolo di Crotone. [&hellip;]<\/p>\n","protected":false},"author":90,"featured_media":270294,"comment_status":"closed","ping_status":"closed","sticky":false,"template":"","format":"standard","meta":{"_acf_changed":false,"footnotes":"","jetpack_publicize_message":"","jetpack_publicize_feature_enabled":true,"jetpack_social_post_already_shared":false,"jetpack_social_options":{"image_generator_settings":{"template":"highway","default_image_id":0,"font":"","enabled":false},"version":2}},"categories":[17],"tags":[19],"class_list":["post-270292","post","type-post","status-publish","format-standard","has-post-thumbnail","hentry","category-calabria","tag-copertina"],"acf":[],"jetpack_publicize_connections":[],"_links":{"self":[{"href":"https:\/\/quicosenza.it\/news\/wp-json\/wp\/v2\/posts\/270292","targetHints":{"allow":["GET"]}}],"collection":[{"href":"https:\/\/quicosenza.it\/news\/wp-json\/wp\/v2\/posts"}],"about":[{"href":"https:\/\/quicosenza.it\/news\/wp-json\/wp\/v2\/types\/post"}],"author":[{"embeddable":true,"href":"https:\/\/quicosenza.it\/news\/wp-json\/wp\/v2\/users\/90"}],"replies":[{"embeddable":true,"href":"https:\/\/quicosenza.it\/news\/wp-json\/wp\/v2\/comments?post=270292"}],"version-history":[{"count":0,"href":"https:\/\/quicosenza.it\/news\/wp-json\/wp\/v2\/posts\/270292\/revisions"}],"wp:featuredmedia":[{"embeddable":true,"href":"https:\/\/quicosenza.it\/news\/wp-json\/wp\/v2\/media\/270294"}],"wp:attachment":[{"href":"https:\/\/quicosenza.it\/news\/wp-json\/wp\/v2\/media?parent=270292"}],"wp:term":[{"taxonomy":"category","embeddable":true,"href":"https:\/\/quicosenza.it\/news\/wp-json\/wp\/v2\/categories?post=270292"},{"taxonomy":"post_tag","embeddable":true,"href":"https:\/\/quicosenza.it\/news\/wp-json\/wp\/v2\/tags?post=270292"}],"curies":[{"name":"wp","href":"https:\/\/api.w.org\/{rel}","templated":true}]}}