{"id":270409,"date":"2025-09-18T17:30:32","date_gmt":"2025-09-18T15:30:32","guid":{"rendered":"https:\/\/www.quicosenza.it\/news\/?p=270409"},"modified":"2025-09-18T17:35:36","modified_gmt":"2025-09-18T15:35:36","slug":"mendicinocs-caos-davanti-alla-scuola-elementare-genitori-e-insegnanti-si-prendano-provvedimenti","status":"publish","type":"post","link":"https:\/\/quicosenza.it\/news\/mendicinocs-caos-davanti-alla-scuola-elementare-genitori-e-insegnanti-si-prendano-provvedimenti\/","title":{"rendered":"Mendicino, caos davanti alla scuola elementare. Genitori e insegnanti: \u00absi prendano provvedimenti\u00bb"},"content":{"rendered":"<p>MENDICINO (CS) &#8211; Riceviamo e pubblichiamo la <strong>segnalazione giunta alla nostra redazione da parte di alcuni genitori e insegnanti<\/strong> del <strong>plesso della scuola primaria di Mendicino, ex sede com,<\/strong> in contrada Tivolille.<\/p>\n<p>&#8220;<strong>La situazione della scuola elementare di Mendicino \u00e8 ormai diventata insostenibile.<\/strong> Ogni giorno, per accompagnare e riprendere i propri figli, i genitori sono <strong>costretti a lunghe attese<\/strong> <strong>che sfiorano la mezz\u2019ora sia all\u2019ingresso che all\u2019uscita, in un contesto caotico,<\/strong> privo di parcheggi adeguati e senza alcuna forma di organizzazione efficace.<\/p>\n<p>La <strong>presenza degli ausiliari del traffico, purtroppo, si rivela del tutto inutile<\/strong> di fronte a una viabilit\u00e0 ingestibile, dove le tensioni tra genitori sfociano spesso in litigi. A farne le spese sono soprattutto i bambini, costretti a restare in macchina, al caldo, affamati dopo ore di lezione, in un clima tutt\u2019altro che sereno. E se oggi il problema \u00e8 il caldo, non osiamo immaginare cosa accadr\u00e0 con l\u2019arrivo della pioggia.<\/p>\n<p>A peggiorare la situazione, l\u2019assenza totale di una comunicazione chiara e concreta da parte della dirigenza scolastica e dell\u2019amministrazione comunale. Nessuna scusa, nessuna proposta, nessun accenno a possibili soluzioni. Le mamme che lavorano si trovano costrette, loro malgrado, a ritirare i figli mezz\u2019ora prima del previsto pur di riuscire a tornare al lavoro in tempo, con enormi sacrifici personali e professionali.<\/p>\n<p>Grave anche la condizione dell\u2019edificio scolastico: una struttura fatiscente, piena di lesioni visibili, priva di adeguate misure di sicurezza per i bambini. <strong>Di sera, l\u2019area della scuola si trasforma in un punto di ritrovo per incontri tutt\u2019altro che adatti a un contesto educativ<\/strong>o.<\/p>\n<p>Di fronte a questo scenario preoccupante, le famiglie non chiedono pi\u00f9, ma esigono risposte e soluzioni concrete. \u00c8 inaccettabile che nel 2025 una scuola pubblica presenti tali criticit\u00e0 senza che nessuno si assuma la responsabilit\u00e0 di intervenire. <strong>Chiediamo al Comune di Mendicino, alla dirigenza scolastica e alle istituzioni competenti di ascoltare le famiglie,<\/strong> t<strong>utelare i bambini e restituire dignit\u00e0<\/strong> a un luogo che dovrebbe rappresentare il futuro della nostra comunit\u00e0, non il suo abbandono&#8221;.<\/p>\n","protected":false},"excerpt":{"rendered":"<p>MENDICINO (CS) &#8211; Riceviamo e pubblichiamo la segnalazione giunta alla nostra redazione da parte di alcuni genitori e insegnanti del plesso della scuola primaria di Mendicino, ex sede com, in contrada Tivolille. &#8220;La situazione della scuola elementare di Mendicino \u00e8 ormai diventata insostenibile. Ogni giorno, per accompagnare e riprendere i propri figli, i genitori sono [&hellip;]<\/p>\n","protected":false},"author":21,"featured_media":270416,"comment_status":"closed","ping_status":"closed","sticky":false,"template":"","format":"standard","meta":{"_acf_changed":false,"footnotes":"","jetpack_publicize_message":"","jetpack_publicize_feature_enabled":true,"jetpack_social_post_already_shared":false,"jetpack_social_options":{"image_generator_settings":{"template":"highway","default_image_id":0,"font":"","enabled":false},"version":2}},"categories":[28],"tags":[19],"class_list":["post-270409","post","type-post","status-publish","format-standard","has-post-thumbnail","hentry","category-provincia","tag-copertina"],"acf":[],"jetpack_publicize_connections":[],"_links":{"self":[{"href":"https:\/\/quicosenza.it\/news\/wp-json\/wp\/v2\/posts\/270409","targetHints":{"allow":["GET"]}}],"collection":[{"href":"https:\/\/quicosenza.it\/news\/wp-json\/wp\/v2\/posts"}],"about":[{"href":"https:\/\/quicosenza.it\/news\/wp-json\/wp\/v2\/types\/post"}],"author":[{"embeddable":true,"href":"https:\/\/quicosenza.it\/news\/wp-json\/wp\/v2\/users\/21"}],"replies":[{"embeddable":true,"href":"https:\/\/quicosenza.it\/news\/wp-json\/wp\/v2\/comments?post=270409"}],"version-history":[{"count":0,"href":"https:\/\/quicosenza.it\/news\/wp-json\/wp\/v2\/posts\/270409\/revisions"}],"wp:featuredmedia":[{"embeddable":true,"href":"https:\/\/quicosenza.it\/news\/wp-json\/wp\/v2\/media\/270416"}],"wp:attachment":[{"href":"https:\/\/quicosenza.it\/news\/wp-json\/wp\/v2\/media?parent=270409"}],"wp:term":[{"taxonomy":"category","embeddable":true,"href":"https:\/\/quicosenza.it\/news\/wp-json\/wp\/v2\/categories?post=270409"},{"taxonomy":"post_tag","embeddable":true,"href":"https:\/\/quicosenza.it\/news\/wp-json\/wp\/v2\/tags?post=270409"}],"curies":[{"name":"wp","href":"https:\/\/api.w.org\/{rel}","templated":true}]}}