{"id":270429,"date":"2025-09-19T15:00:04","date_gmt":"2025-09-19T13:00:04","guid":{"rendered":"https:\/\/www.quicosenza.it\/news\/?p=270429"},"modified":"2025-09-19T14:40:55","modified_gmt":"2025-09-19T12:40:55","slug":"lintervista-pasquale-tridico-e-pronto-a-cambiare-la-calabria-con-una-mission-di-rinascita-e-rivoluzione-sociale","status":"publish","type":"post","link":"https:\/\/quicosenza.it\/news\/lintervista-pasquale-tridico-e-pronto-a-cambiare-la-calabria-con-una-mission-di-rinascita-e-rivoluzione-sociale\/","title":{"rendered":"L\u2019intervista &#8211; Pasquale Tridico \u00e8 pronto a cambiare la Calabria con una &#8220;mission&#8221; di rinascita e rivoluzione sociale"},"content":{"rendered":"<p>COSENZA \u2013 Non solo politica <strong>ma una vera e propria missione con una scelta di cuore<\/strong>. Pasquale Tridico, europarlamentare del Movimento 5 Stelle, da cosentino e calabrese, ha scelto di <strong>candidarsi alla guida della Regione <\/strong>accettando la candidatura per il campo largo di centrosinistra. Nel corso del suo tour elettorale, che ha toccato anche la citt\u00e0 di Cosenza, lo abbiamo incontrato e intervistato. Un uomo che ha scelto di tornare nella sua terra con l\u2019obiettivo dichiarato di contribuire a<strong> una vera rivoluzione sociale ed economica<\/strong> per la Calabria.<\/p>\n<p data-start=\"472\" data-end=\"849\">L&#8217;ex presidente dell&#8217;Inps vanta un profilo politico e accademico di primo piano: <strong data-start=\"562\" data-end=\"600\">economista e docente universitario<\/strong>, \u00e8 stato <strong>presidente dell\u2019INPS<\/strong> dal marzo 2019 al maggio 2023, guidando l\u2019istituto in anni complessi e cruciali. Successivamente \u00e8 stato eletto <strong data-start=\"747\" data-end=\"793\">europarlamentare con il Movimento 5 Stelle<\/strong>, portando la voce del Sud e della Calabria in Europa. Calabrese, originario della provincia di Cosenza, Tridico \u00e8 nato a <strong data-start=\"997\" data-end=\"1010\">Scala Coeli<\/strong>, uno dei borghi pi\u00f9 suggestivi della provincia. <strong>Rivendica con orgoglio le sue radici<\/strong> e oggi si presenta come un candidato pronto a mettere competenze, esperienza e passione al servizio della terra.<\/p>\n<p data-start=\"472\" data-end=\"849\"><img loading=\"lazy\" decoding=\"async\" class=\"wp-image-270468 aligncenter\" src=\"https:\/\/quicosenza.it\/news\/wp-content\/uploads\/2025\/09\/4a232bec-40cd-4bf3-9240-e7375e43f5c7.jpg\" alt=\"\" width=\"419\" height=\"462\" title=\"\" srcset=\"https:\/\/quicosenza.it\/news\/wp-content\/uploads\/2025\/09\/4a232bec-40cd-4bf3-9240-e7375e43f5c7.jpg 1220w, https:\/\/quicosenza.it\/news\/wp-content\/uploads\/2025\/09\/4a232bec-40cd-4bf3-9240-e7375e43f5c7-272x300.jpg 272w, https:\/\/quicosenza.it\/news\/wp-content\/uploads\/2025\/09\/4a232bec-40cd-4bf3-9240-e7375e43f5c7-930x1024.jpg 930w, https:\/\/quicosenza.it\/news\/wp-content\/uploads\/2025\/09\/4a232bec-40cd-4bf3-9240-e7375e43f5c7-768x846.jpg 768w, https:\/\/quicosenza.it\/news\/wp-content\/uploads\/2025\/09\/4a232bec-40cd-4bf3-9240-e7375e43f5c7-381x420.jpg 381w, https:\/\/quicosenza.it\/news\/wp-content\/uploads\/2025\/09\/4a232bec-40cd-4bf3-9240-e7375e43f5c7-150x165.jpg 150w, https:\/\/quicosenza.it\/news\/wp-content\/uploads\/2025\/09\/4a232bec-40cd-4bf3-9240-e7375e43f5c7-300x330.jpg 300w, https:\/\/quicosenza.it\/news\/wp-content\/uploads\/2025\/09\/4a232bec-40cd-4bf3-9240-e7375e43f5c7-696x767.jpg 696w, https:\/\/quicosenza.it\/news\/wp-content\/uploads\/2025\/09\/4a232bec-40cd-4bf3-9240-e7375e43f5c7-1068x1177.jpg 1068w\" sizes=\"auto, (max-width: 419px) 100vw, 419px\" \/><\/p>\n<h3 data-start=\"851\" data-end=\"1221\">La Calabria ha bisogno di lavoro o di assistenzialismo?<\/h3>\n<p data-start=\"264\" data-end=\"556\">La prima domanda non poteva che partire da uno dei suoi punti della sua campagna e che ha innescato furiose polemiche: il <strong data-start=\"390\" data-end=\"412\">Reddito di dignit\u00e0<\/strong>. Lui, <strong>padre fondatore del reddito di cittadinanza<\/strong>, ha annunciato, in caso di vittoria, <strong>l&#8217;introduzione della misura di sostegno dei cittadini pi\u00f9 poveri,<\/strong>\u00a0che punta a distinguersi dal mero assistenzialismo per diventare un vero <strong>strumento di inclusione sociale e sviluppo territoriale<\/strong>. Secondo l\u2019ex presidente dell\u2019INPS, la Calabria vive oggi una condizione di emergenza sociale e sanitaria che richiede risposte innovative e concrete: <em data-start=\"713\" data-end=\"1100\">\u00abLa Calabria ha bisogno di tante cose. Prima di tutto di sanit\u00e0: <strong>oggi abbiamo livelli essenziali di assistenza tra i pi\u00f9 bassi d\u2019Italia,<\/strong> con ospedali e posti letto in riduzione. In soli quattro anni abbiamo perso pi\u00f9 strutture di quante se ne siano chiuse nei quarant\u2019anni precedenti. E in quattro anni abbiamo avuto pi\u00f9 poveri che nei decenni passati. Tutto questo non \u00e8 accettabile<\/em>\u00bb.<\/p>\n<h3 data-start=\"264\" data-end=\"556\">Una persona su due vive sotto la soglia di povert\u00e0<\/h3>\n<p data-start=\"264\" data-end=\"556\">\u00ab<em><strong>In questo contesto nasce la proposta di un reddito che non sia solo un trasferimento economico, ma una leva di riscatto sociale<\/strong>. <\/em>Tridico sottolinea come \u00ab<em>in Calabria<\/em> <em><strong data-start=\"1269\" data-end=\"1323\">una persona su due, vive sotto la soglia di povert\u00e0\u00bb<\/strong>\u00a0e <\/em>che esiste una fascia di cittadini considerati \u201coccupabili\u201d ma di fatto esclusi dal mercato del lavoro: <strong>uomini e donne tra i 55 e i 60 anni, troppo giovani per la pensione e troppo anziani per trovare un\u2019occupazione stabile<\/strong>.<\/p>\n<p data-start=\"264\" data-end=\"556\">\u00ab<em><strong>Il Reddito di dignit\u00e0 serve soprattutto a loro<\/strong><\/em>. N<em>on vogliamo soltanto erogare un contributo, ma restituire dignit\u00e0 attraverso progetti di inclusione: <strong>dal recupero di siti archeologici al rilancio di attivit\u00e0 culturali<\/strong>, fino alla riapertura di biblioteche come quelle che stanno chiudendo anche qui a Cosenza<\/em>\u00bb.<\/p>\n<p data-start=\"264\" data-end=\"556\"><img loading=\"lazy\" decoding=\"async\" class=\"wp-image-270464 aligncenter\" src=\"https:\/\/quicosenza.it\/news\/wp-content\/uploads\/2025\/09\/pasqualetridico1.jpg\" alt=\"\" width=\"531\" height=\"350\" title=\"\" srcset=\"https:\/\/quicosenza.it\/news\/wp-content\/uploads\/2025\/09\/pasqualetridico1.jpg 970w, https:\/\/quicosenza.it\/news\/wp-content\/uploads\/2025\/09\/pasqualetridico1-300x198.jpg 300w, https:\/\/quicosenza.it\/news\/wp-content\/uploads\/2025\/09\/pasqualetridico1-768x507.jpg 768w, https:\/\/quicosenza.it\/news\/wp-content\/uploads\/2025\/09\/pasqualetridico1-637x420.jpg 637w, https:\/\/quicosenza.it\/news\/wp-content\/uploads\/2025\/09\/pasqualetridico1-150x99.jpg 150w, https:\/\/quicosenza.it\/news\/wp-content\/uploads\/2025\/09\/pasqualetridico1-696x459.jpg 696w\" sizes=\"auto, (max-width: 531px) 100vw, 531px\" \/><\/p>\n<h3 data-start=\"264\" data-end=\"556\">Il reddito di &#8220;responsabilit\u00e0 regionale&#8221; secondo Pasquale Tridico<\/h3>\n<p data-start=\"264\" data-end=\"556\">La misura prevede infatti che il sostegno economico sia <strong data-start=\"1929\" data-end=\"2008\">condizionato alla partecipazione a progetti culturali, sociali e comunitari<\/strong>, con una gestione affidata alla Regione. L\u2019obiettivo, spiega Tridico, \u00e8 far s\u00ec che <strong>il reddito diventi uno strumento di attivazione e non di passivit\u00e0<\/strong>. <em data-start=\"2165\" data-end=\"2445\">\u00abIl Reddito di cittadinanza era una misura statale, <strong>questa volta invece parliamo di una responsabilit\u00e0 regionale<\/strong>. Noi la implementeremo in maniera concreta, legandola al territorio e ai suoi bisogni reali. Non solo un aiuto economico, ma una possibilit\u00e0 di riscatto collettivo\u00bb.<\/em><\/p>\n<h3 data-start=\"148\" data-end=\"227\">Infrastrutture: per Pasquale Tridico il Ponte non \u00e8 una priorit\u00e0<\/h3>\n<p data-start=\"229\" data-end=\"572\">Pasquale Tridico conosce bene la realt\u00e0 dei borghi calabresi e delle aree interne, che soffrono di i<strong>solamento e mancanza di servizi essenziali<\/strong>. Per il candidato del centrosinistra, la priorit\u00e0 non \u00e8 il <a href=\"https:\/\/quicosenza.it\/news\/calabria\/ponte-sullo-stretto-si-parte-con-lavori-di-viabilita-nel-2026-i-cantieri-nel-2027-e-la-fine-nel-2032\" target=\"_blank\" rel=\"noopener\">Ponte sullo Stretto<\/a>, bens\u00ec il <strong>potenziamento delle infrastrutture che uniscono i territori<\/strong> per migliorare la qualit\u00e0 della vita dei cittadini.<\/p>\n<p data-start=\"229\" data-end=\"572\">\u00ab<em>Le infrastrutture in Calabria sono fondamentali, ma <strong>il Ponte sullo Stretto \u00e8 inutile e soprattutto non \u00e8 prioritario<\/strong>. Oggi ci\u00f2 che serve davvero, sono i collegamenti nelle aree interne, i collegamenti tra nord e sud della regione, l\u2019alta velocit\u00e0 da Salerno a Reggio Calabria<\/em>\u00bb<em data-start=\"576\" data-end=\"855\">.<\/em><\/p>\n<p data-start=\"229\" data-end=\"572\"><img loading=\"lazy\" decoding=\"async\" class=\"wp-image-270466 aligncenter\" src=\"https:\/\/quicosenza.it\/news\/wp-content\/uploads\/2025\/09\/pasqualetridico4.jpg\" alt=\"\" width=\"558\" height=\"368\" title=\"\" srcset=\"https:\/\/quicosenza.it\/news\/wp-content\/uploads\/2025\/09\/pasqualetridico4.jpg 970w, https:\/\/quicosenza.it\/news\/wp-content\/uploads\/2025\/09\/pasqualetridico4-300x198.jpg 300w, https:\/\/quicosenza.it\/news\/wp-content\/uploads\/2025\/09\/pasqualetridico4-768x507.jpg 768w, https:\/\/quicosenza.it\/news\/wp-content\/uploads\/2025\/09\/pasqualetridico4-637x420.jpg 637w, https:\/\/quicosenza.it\/news\/wp-content\/uploads\/2025\/09\/pasqualetridico4-150x99.jpg 150w, https:\/\/quicosenza.it\/news\/wp-content\/uploads\/2025\/09\/pasqualetridico4-696x459.jpg 696w\" sizes=\"auto, (max-width: 558px) 100vw, 558px\" \/><\/p>\n<h3 data-start=\"229\" data-end=\"572\">L&#8217;alta velocit\u00e0, la Ferrovia Jonica e la Statale 106<\/h3>\n<p data-start=\"859\" data-end=\"1154\">Pasquale Tridico ricorda che per l\u2019<strong>alta velocit\u00e0 erano stati stanziati 9 miliardi di euro<\/strong>, ma il progetto proposto dal centrodestra, aumenterebbe ulteriormente il divario tecnologico e di sviluppo gi\u00e0 accumulato dalla nostra regione. Le vere urgenze sono altre: collegamenti est-ovest, come quelli tra Catanzaro e Cosenza, il <strong>potenziamento della<\/strong> <strong data-start=\"1064\" data-end=\"1083\">ferrovia jonica<\/strong>, e la m<strong>essa in sicurezza di strade spesso teatro di gravi incidenti<\/strong>.<\/p>\n<p data-start=\"859\" data-end=\"1154\">\u00abA<em>lcuni gironi fa, sulla Jonica, a Mirto, \u00e8 <a href=\"https:\/\/quicosenza.it\/news\/ionio\/tragico-incidente-nella-notte-sulla-statale-106-tra-mirto-e-rossano-morto-un-ventunenne\" target=\"_blank\" rel=\"noopener\">morto un ragazzo<\/a> a causa di <strong>una strada insicura<\/strong>. Questo \u00e8 inaccettabile.<strong> Dobbiamo investire per rendere sicure e moderne le nostre vie di comunicazione<\/strong>, non in <strong>opere faraoniche dal forte impatto ambientale<\/strong> e commerciale che non risolvono i problemi quotidiani dei calabresi\u00bb. <\/em><\/p>\n<p data-start=\"1820\" data-end=\"2019\">In questo senso, il <a href=\"https:\/\/www.facebook.com\/pasqualetridico.it\" target=\"_blank\" rel=\"noopener\">candidato<\/a> rilancia la prospettiva di un <strong data-start=\"1875\" data-end=\"1912\">Sud federato nelle infrastrutture<\/strong>, capace di connettere <strong>Calabria, Puglia e Campania<\/strong> in una rete comune di trasporti moderni ed efficienti: <em data-start=\"2023\" data-end=\"2292\">\u00abPensare che fra poche settimane in Puglia si voter\u00e0 con Antonio <\/em>Decaro<em data-start=\"2023\" data-end=\"2292\">, mentre in<strong> Calabria e in Campania ci saranno altri progetti comuni,<\/strong> fa sperare in una visione nuova e condivisa. Dobbiamo <strong>ripartire dai collegamenti del Sud<\/strong> per ridare centralit\u00e0 al Mezzogiorno\u00bb.<\/em><\/p>\n<h3 data-start=\"154\" data-end=\"231\">Sanit\u00e0 \u00abserve un reclutamento serio, non soluzioni tampone\u00bb<\/h3>\n<p data-start=\"233\" data-end=\"489\">La <strong>sanit\u00e0 \u00e8 uno dei nodi centrali della proposta<\/strong> <strong>politica<\/strong>. Per il candidato del centrosinistra, la Calabria paga oggi <strong>il prezzo di anni di tagli, carenze strutturali e soluzioni emergenziali<\/strong> che non hanno prodotto i risultati sperati.<\/p>\n<p data-start=\"233\" data-end=\"489\"><em data-start=\"493\" data-end=\"848\">\u00abInnanzitutto bisogna fare un reclutamento serio ed efficace. Il<strong>progetto dei medici cubani, sebbene animato da buone intenzioni, \u00e8 fallito<\/strong>: il 25% di loro ha gi\u00e0 abbandonato la Calabria. E questo perch\u00e9, a fronte di uno stipendio lordo di circa 4.500 euro, il netto che percepiscono si riduce a 1.200 euro, insufficiente per vivere dignitosamente qui\u00bb. <\/em>Pasquale Tridico sottolinea che l<strong>a Regione si \u00e8 fatta carico anche dei costi di alloggio e trasporto,<\/strong> ma la misura si \u00e8 rivelata troppo onerosa e poco efficace nel lungo periodo.<\/p>\n<p data-start=\"233\" data-end=\"489\"><img loading=\"lazy\" decoding=\"async\" class=\"wp-image-270465 aligncenter\" src=\"https:\/\/quicosenza.it\/news\/wp-content\/uploads\/2025\/09\/pasqualetridico3.jpg\" alt=\"\" width=\"499\" height=\"329\" title=\"\" srcset=\"https:\/\/quicosenza.it\/news\/wp-content\/uploads\/2025\/09\/pasqualetridico3.jpg 970w, https:\/\/quicosenza.it\/news\/wp-content\/uploads\/2025\/09\/pasqualetridico3-300x198.jpg 300w, https:\/\/quicosenza.it\/news\/wp-content\/uploads\/2025\/09\/pasqualetridico3-768x507.jpg 768w, https:\/\/quicosenza.it\/news\/wp-content\/uploads\/2025\/09\/pasqualetridico3-637x420.jpg 637w, https:\/\/quicosenza.it\/news\/wp-content\/uploads\/2025\/09\/pasqualetridico3-150x99.jpg 150w, https:\/\/quicosenza.it\/news\/wp-content\/uploads\/2025\/09\/pasqualetridico3-696x459.jpg 696w\" sizes=\"auto, (max-width: 499px) 100vw, 499px\" \/><\/p>\n<h3 data-start=\"233\" data-end=\"489\">Riportare a casa i medici calabresi<\/h3>\n<p data-start=\"233\" data-end=\"489\">La vera sfida, spiega, \u00e8 che i medici calabresi che lavorano altrove, tornino nei propri territori d\u2019origine. <em>\u00ab<strong>Bisogna rivolgersi ai tanti calabresi<\/strong> che esercitano la professione in giro per l\u2019Italia, offrendo loro non solo uno stipendio competitivo, ma anche ci\u00f2 che abbiamo garantito ai medici cubani: alloggio, trasporti, incentivi reali. <strong>Solo cos\u00ec potremo convincerli a restare stabilmente nei nostri ospedali<\/strong>\u00bb.<\/em><\/p>\n<p data-start=\"233\" data-end=\"489\">Per Tridico, la <strong>rinascita della sanit\u00e0 calabrese passa quindi da un piano di reclutamento strutturale,<\/strong> che premi il merito e restituisca dignit\u00e0 al lavoro dei professionisti: <em data-start=\"1635\" data-end=\"1883\">\u00abIl reclutamento va rafforzato e noi lo porteremo avanti, perch\u00e9 non ci si pu\u00f2 pi\u00f9 permettere di affidarsi<\/em> a<em data-start=\"1635\" data-end=\"1883\"> soluzioni tampone<strong>. La Calabria ha diritto a una sanit\u00e0 efficiente,<\/strong> vicina ai cittadini e capace di garantire servizi essenziali a tutti\u00bb.<\/em><\/p>\n<h2 data-start=\"115\" data-end=\"209\">\u00abParlare al cuore dei calabresi, non alla loro pancia\u00bb<\/h2>\n<p data-start=\"211\" data-end=\"431\">Tridico non risparmia critiche all\u2019attuale governo regionale guidato da Roberto Occhiuto, sottolineando come la Calabria negli ultimi anni abbia visto aggravarsi i problemi strutturali senza risposte concrete. <em>\u00ab<strong>In quattro anni abbiamo assistito a spopolamento, alla riduzione dei servizi nelle aree interne, ad una Calabria dimenticata<\/strong>. Invece di interventi concreti abbiamo visto soltanto luci psichedeliche ed eventi patinati che finivano il giorno dopo. Io <strong>voglio parlare al cuore dei calabresi, non alla lo pancia<\/strong>\u00bb.<\/em><\/p>\n<h3 data-start=\"211\" data-end=\"431\">I guai giudiziari di Occhiuto? \u00abSue questioni personali\u00bb<\/h3>\n<p data-start=\"751\" data-end=\"860\">Le questioni giudiziarie di Occhiuto non sono il tema centrale della sua campagna: <em data-start=\"864\" data-end=\"1214\">\u00ab<strong>I suoi problemi giudiziari sono questioni personali.<\/strong> A me interessa costruire una Calabria che sappia riscattarsi, che faccia rivivere i luoghi dove siamo nati, le citt\u00e0 ma anche le aree interne, che restituisca vita agli ospedali abbandonati e che realizzi le infrastrutture ancora ferme. <strong>Serve un PNRR finalmente implementato e non dimenticato\u00bb<\/strong>.<\/em><\/p>\n<h3 data-start=\"751\" data-end=\"860\">Per Pasquale Tridico la Calabria necessita di un vero riscatto<\/h3>\n<p data-start=\"751\" data-end=\"860\">Tridico conclude ribadendo la sua volont\u00e0 di mettere al centro le comunit\u00e0 e i cittadini, augurando comunque il meglio al presidente uscente sul piano personale: <em data-start=\"1385\" data-end=\"1637\">\u00abOcchiuto i suoi problemi li risolver\u00e0. Indipendentemente dall\u2019esito delle elezioni, a lui va il<\/em> <em>nostro augurio. Ma <strong>oggi la Calabria ha bisogno di un vero riscatto<\/strong>, di una politica che torni a essere al servizio del cittadino e <strong>non della propaganda<\/strong>\u00bb.<\/em><\/p>\n","protected":false},"excerpt":{"rendered":"<p>COSENZA \u2013 Non solo politica ma una vera e propria missione con una scelta di cuore. Pasquale Tridico, europarlamentare del Movimento 5 Stelle, da cosentino e calabrese, ha scelto di candidarsi alla guida della Regione accettando la candidatura per il campo largo di centrosinistra. Nel corso del suo tour elettorale, che ha toccato anche la [&hellip;]<\/p>\n","protected":false},"author":34,"featured_media":270484,"comment_status":"closed","ping_status":"closed","sticky":false,"template":"","format":"video","meta":{"_acf_changed":false,"footnotes":"","jetpack_publicize_message":"","jetpack_publicize_feature_enabled":true,"jetpack_social_post_already_shared":false,"jetpack_social_options":{"image_generator_settings":{"template":"highway","default_image_id":0,"font":"","enabled":false},"version":2}},"categories":[563,42],"tags":[19,135],"class_list":["post-270429","post","type-post","status-publish","format-video","has-post-thumbnail","hentry","category-area-urbana","category-cosenza","tag-copertina","tag-video","post_format-post-format-video"],"acf":[],"jetpack_publicize_connections":[],"_links":{"self":[{"href":"https:\/\/quicosenza.it\/news\/wp-json\/wp\/v2\/posts\/270429","targetHints":{"allow":["GET"]}}],"collection":[{"href":"https:\/\/quicosenza.it\/news\/wp-json\/wp\/v2\/posts"}],"about":[{"href":"https:\/\/quicosenza.it\/news\/wp-json\/wp\/v2\/types\/post"}],"author":[{"embeddable":true,"href":"https:\/\/quicosenza.it\/news\/wp-json\/wp\/v2\/users\/34"}],"replies":[{"embeddable":true,"href":"https:\/\/quicosenza.it\/news\/wp-json\/wp\/v2\/comments?post=270429"}],"version-history":[{"count":0,"href":"https:\/\/quicosenza.it\/news\/wp-json\/wp\/v2\/posts\/270429\/revisions"}],"wp:featuredmedia":[{"embeddable":true,"href":"https:\/\/quicosenza.it\/news\/wp-json\/wp\/v2\/media\/270484"}],"wp:attachment":[{"href":"https:\/\/quicosenza.it\/news\/wp-json\/wp\/v2\/media?parent=270429"}],"wp:term":[{"taxonomy":"category","embeddable":true,"href":"https:\/\/quicosenza.it\/news\/wp-json\/wp\/v2\/categories?post=270429"},{"taxonomy":"post_tag","embeddable":true,"href":"https:\/\/quicosenza.it\/news\/wp-json\/wp\/v2\/tags?post=270429"}],"curies":[{"name":"wp","href":"https:\/\/api.w.org\/{rel}","templated":true}]}}