{"id":270482,"date":"2025-09-19T17:00:40","date_gmt":"2025-09-19T15:00:40","guid":{"rendered":"https:\/\/www.quicosenza.it\/news\/?p=270482"},"modified":"2025-09-19T15:25:49","modified_gmt":"2025-09-19T13:25:49","slug":"fondi-europei-nel-caos-in-calabria-lo-schiavo-la-regione-li-ha-gestiti-senza-regole-chiare","status":"publish","type":"post","link":"https:\/\/quicosenza.it\/news\/fondi-europei-nel-caos-in-calabria-lo-schiavo-la-regione-li-ha-gestiti-senza-regole-chiare\/","title":{"rendered":"Fondi europei nel caos in Calabria, Lo Schiavo: \u00abLa Regione li ha gestiti senza regole chiare\u00bb"},"content":{"rendered":"<p class=\"v1gmail-MsoNoSpacing\">CATANZARO &#8211; \u00abLa Corte dei Conti conferma ci\u00f2 che denunciamo da tempo: la <strong>gestione dei fondi europei in Calabria \u00e8 nel caos completo<\/strong>, senza regole chiare e senza trasparenza. I progetti vengono scelti senza criteri certi, in un contesto di disorganizzazione che aumenta il rischio di sprechi e inefficienze\u00bb. A dirlo \u00e8 il <strong>consigliere regionale uscente Antonio Lo Schiavo<\/strong>, candidato capolista di Alleanza Verdi e Sinistra nella Circoscrizione Centro a sostegno di Pasquale Tridico alle elezioni regionali dei prossimi 5 e 6 ottobre, in riferimento alla <strong>bozza di relazione di parifica della Corte dei conti sui Fondi strutturali e di investimento europei per l&#8217;annualit\u00e0 2024<\/strong>.<\/p>\n<p class=\"v1gmail-MsoNoSpacing\">\u00abPer porre fine a questa situazione, frutto dell&#8217;inefficienza del precedente governo regionale &#8211; afferma lo Schiavo -, proporr\u00f2 l&#8217;istituzione di un&#8217;Unit\u00e0 operativa autonoma all&#8217;interno del Dipartimento competente, con il compito specifico di rafforzare i controlli e ampliare le competenze dei funzionari regionali. Un&#8217;altra proposta concreta che avanzer\u00f2 al prossimo Consiglio regionale \u00e8 quella del potenziamento dell&#8217;Autorit\u00e0 di Audit. Nel dettaglio, ritengo necessario ampliare il numero di funzionari auditor, accelerando l&#8217;assunzione dei 19 profili gi\u00e0 previsti e utilizzando la graduatoria vigente per lo scorrimento della stessa. Una scelta che risponde direttamente alle sollecitazioni della Corte dei conti, che da anni richiede un rafforzamento dei controlli di secondo livello.<\/p>\n<p class=\"v1gmail-MsoNoSpacing\"><strong>Non possiamo pi\u00f9 permettere che la Calabria sia ai vertici nazionali per irregolarit\u00e0 finanziarie<\/strong>: nel solo 2024 sono state comunicate nuove irregolarit\u00e0 per oltre 2,4 milioni di euro, mentre i recuperi restano quasi nulli a fronte di oltre 56 milioni di euro da restituire. La Corte segnala inoltre l&#8217;assenza di un coordinamento strutturato tra Regione, Comuni e soggetti gestori, nonch\u00e9 la mancanza di criteri trasparenti e misurabili nella selezione dei progetti. \u00c8 un sistema che alimenta confusione, opacit\u00e0 e inefficienza. La Calabria ha bisogno di una gestione rigorosa, competente e trasparente dei fondi comunitari. Solo cos\u00ec questi strumenti potranno diventare davvero leve di sviluppo, e non occasioni perse\u00bb conclude Lo Schiavo.<\/p>\n","protected":false},"excerpt":{"rendered":"<p>CATANZARO &#8211; \u00abLa Corte dei Conti conferma ci\u00f2 che denunciamo da tempo: la gestione dei fondi europei in Calabria \u00e8 nel caos completo, senza regole chiare e senza trasparenza. I progetti vengono scelti senza criteri certi, in un contesto di disorganizzazione che aumenta il rischio di sprechi e inefficienze\u00bb. A dirlo \u00e8 il consigliere regionale [&hellip;]<\/p>\n","protected":false},"author":58,"featured_media":254998,"comment_status":"closed","ping_status":"closed","sticky":false,"template":"","format":"standard","meta":{"_acf_changed":false,"footnotes":"","jetpack_publicize_message":"","jetpack_publicize_feature_enabled":true,"jetpack_social_post_already_shared":false,"jetpack_social_options":{"image_generator_settings":{"template":"highway","default_image_id":0,"font":"","enabled":false},"version":2}},"categories":[17],"tags":[19],"class_list":["post-270482","post","type-post","status-publish","format-standard","has-post-thumbnail","hentry","category-calabria","tag-copertina"],"acf":[],"jetpack_publicize_connections":[],"_links":{"self":[{"href":"https:\/\/quicosenza.it\/news\/wp-json\/wp\/v2\/posts\/270482","targetHints":{"allow":["GET"]}}],"collection":[{"href":"https:\/\/quicosenza.it\/news\/wp-json\/wp\/v2\/posts"}],"about":[{"href":"https:\/\/quicosenza.it\/news\/wp-json\/wp\/v2\/types\/post"}],"author":[{"embeddable":true,"href":"https:\/\/quicosenza.it\/news\/wp-json\/wp\/v2\/users\/58"}],"replies":[{"embeddable":true,"href":"https:\/\/quicosenza.it\/news\/wp-json\/wp\/v2\/comments?post=270482"}],"version-history":[{"count":0,"href":"https:\/\/quicosenza.it\/news\/wp-json\/wp\/v2\/posts\/270482\/revisions"}],"wp:featuredmedia":[{"embeddable":true,"href":"https:\/\/quicosenza.it\/news\/wp-json\/wp\/v2\/media\/254998"}],"wp:attachment":[{"href":"https:\/\/quicosenza.it\/news\/wp-json\/wp\/v2\/media?parent=270482"}],"wp:term":[{"taxonomy":"category","embeddable":true,"href":"https:\/\/quicosenza.it\/news\/wp-json\/wp\/v2\/categories?post=270482"},{"taxonomy":"post_tag","embeddable":true,"href":"https:\/\/quicosenza.it\/news\/wp-json\/wp\/v2\/tags?post=270482"}],"curies":[{"name":"wp","href":"https:\/\/api.w.org\/{rel}","templated":true}]}}