{"id":270631,"date":"2025-09-22T10:54:11","date_gmt":"2025-09-22T08:54:11","guid":{"rendered":"https:\/\/www.quicosenza.it\/news\/?p=270631"},"modified":"2025-09-22T10:54:16","modified_gmt":"2025-09-22T08:54:16","slug":"san-giovanni-in-fiore-caso-congi-la-moglie-a-schlein-voglio-sapere-cosa-e-successo-il-4-gennaio","status":"publish","type":"post","link":"https:\/\/quicosenza.it\/news\/san-giovanni-in-fiore-caso-congi-la-moglie-a-schlein-voglio-sapere-cosa-e-successo-il-4-gennaio\/","title":{"rendered":"San Giovanni in Fiore: Caso Congi, la moglie a Schlein \u00abvoglio sapere cosa \u00e8 successo il 4 gennaio\u00bb"},"content":{"rendered":"<p>SAN GIOVANNI IN FIORE<strong> \u2013<\/strong> Al termine del suo comizio a San Giovanni in Fiore, <strong>Elly Schlein<\/strong> ha incontrato <strong>Caterina Perri,<\/strong> la moglie di <strong>Serafino Congi<\/strong>, l\u2019uomo tragicamente scomparso lo scorso 4 gennaio.<\/p>\n<p>La donna si \u00e8 rivolta direttamente alla segretaria del <strong>Partito Democratico<\/strong>, chiedendo con forza che il partito segua da vicino l\u2019evolversi della vicenda e si faccia carico di una richiesta di verit\u00e0 e trasparenza.<\/p>\n<p>\u201cChiedo solo che venga fatta chiarezza \u2013 ha dichiarato Caterina Perri \u2013 perch\u00e9 non \u00e8 qualcosa che si pu\u00f2 lasciar cadere nel silenzio, non si pu\u00f2 far finta di niente. Io voglio capire cos&#8217;\u00e8 andato in tilt nella <strong>sala operativa del 118<\/strong> quel giorno. Ad oggi non ho ancora contezza di cosa sia realmente accaduto e del perch\u00e9\u201d.<\/p>\n","protected":false},"excerpt":{"rendered":"<p>SAN GIOVANNI IN FIORE \u2013 Al termine del suo comizio a San Giovanni in Fiore, Elly Schlein ha incontrato Caterina Perri, la moglie di Serafino Congi, l\u2019uomo tragicamente scomparso lo scorso 4 gennaio. La donna si \u00e8 rivolta direttamente alla segretaria del Partito Democratico, chiedendo con forza che il partito segua da vicino l\u2019evolversi della [&hellip;]<\/p>\n","protected":false},"author":59,"featured_media":270633,"comment_status":"closed","ping_status":"closed","sticky":false,"template":"","format":"video","meta":{"_acf_changed":false,"footnotes":"","jetpack_publicize_message":"","jetpack_publicize_feature_enabled":true,"jetpack_social_post_already_shared":false,"jetpack_social_options":{"image_generator_settings":{"template":"highway","default_image_id":0,"font":"","enabled":false},"version":2}},"categories":[28],"tags":[19,135],"class_list":["post-270631","post","type-post","status-publish","format-video","has-post-thumbnail","hentry","category-provincia","tag-copertina","tag-video","post_format-post-format-video"],"acf":[],"jetpack_publicize_connections":[],"_links":{"self":[{"href":"https:\/\/quicosenza.it\/news\/wp-json\/wp\/v2\/posts\/270631","targetHints":{"allow":["GET"]}}],"collection":[{"href":"https:\/\/quicosenza.it\/news\/wp-json\/wp\/v2\/posts"}],"about":[{"href":"https:\/\/quicosenza.it\/news\/wp-json\/wp\/v2\/types\/post"}],"author":[{"embeddable":true,"href":"https:\/\/quicosenza.it\/news\/wp-json\/wp\/v2\/users\/59"}],"replies":[{"embeddable":true,"href":"https:\/\/quicosenza.it\/news\/wp-json\/wp\/v2\/comments?post=270631"}],"version-history":[{"count":0,"href":"https:\/\/quicosenza.it\/news\/wp-json\/wp\/v2\/posts\/270631\/revisions"}],"wp:featuredmedia":[{"embeddable":true,"href":"https:\/\/quicosenza.it\/news\/wp-json\/wp\/v2\/media\/270633"}],"wp:attachment":[{"href":"https:\/\/quicosenza.it\/news\/wp-json\/wp\/v2\/media?parent=270631"}],"wp:term":[{"taxonomy":"category","embeddable":true,"href":"https:\/\/quicosenza.it\/news\/wp-json\/wp\/v2\/categories?post=270631"},{"taxonomy":"post_tag","embeddable":true,"href":"https:\/\/quicosenza.it\/news\/wp-json\/wp\/v2\/tags?post=270631"}],"curies":[{"name":"wp","href":"https:\/\/api.w.org\/{rel}","templated":true}]}}