{"id":270814,"date":"2025-09-23T17:30:26","date_gmt":"2025-09-23T15:30:26","guid":{"rendered":"https:\/\/www.quicosenza.it\/news\/?p=270814"},"modified":"2025-09-23T17:21:25","modified_gmt":"2025-09-23T15:21:25","slug":"straface-attacca-tridico-migrazione-sanitaria-colpa-del-covid-e-non-di-occhiuto","status":"publish","type":"post","link":"https:\/\/quicosenza.it\/news\/straface-attacca-tridico-migrazione-sanitaria-colpa-del-covid-e-non-di-occhiuto\/","title":{"rendered":"Straface attacca Tridico: \u00abMigrazione sanitaria colpa del Covid e non di Occhiuto\u00bb"},"content":{"rendered":"<p>COSENZA &#8211; <strong><a href=\"https:\/\/quicosenza.it\/news\/calabria\/tridico-migrazione-sanitaria-lievitata-di-63-milioni-da-quando-ce-occhiuto\" target=\"_blank\" rel=\"noopener\">&#8220;Migrazione sanitaria lievitata di 63 milioni da quando c&#8217;\u00e8 Occhiuto&#8221;<\/a><\/strong>. Pasquale Tridico punta il dito contro il candidato e presidente uscente della Regione Calabria ma <strong>Pasqualina Straface<\/strong>, <strong> consigliere regionale di Forza Italia,<\/strong>\u00a0non ci sta e replica all&#8217;ex presidente Inps.<\/p>\n<p>\u201cPasquale Tridico sar\u00e0 pure un economista, laureato in Scienze politiche, ma dimostra di non avere alcuna dimestichezza con i numeri. Nei giorni scorsi ci ha deliziato con dati sparati a caso e completamente sballati sul turismo, sulla spesa dei fondi Ue da parte della Regione, sui medici cubani; oggi ci regala un\u2019altra perla, l\u2019ennesima, di questa sua campagna elettorale tutta gaffe e fakenews.<\/p>\n<p><strong>L\u2019ex presidente Inps parla di <a href=\"https:\/\/quicosenza.it\/news\/calabria\/tridico-migrazione-sanitaria-lievitata-di-63-milioni-da-quando-ce-occhiuto\" target=\"_blank\" rel=\"noopener\">migrazione sanitaria<\/a><\/strong> <strong>senza conoscere nulla di sanit\u00e0 e soprattutto senza saper leggere i numeri<\/strong>. Proviamo a spiegare al prof di Bruxelles, che evidente lo ignora completamente, come \u00e8 andata nel nostro Paese negli ultimi anni.<br \/>\nLa mobilit\u00e0 sanitaria in tutta Italia, ha avuto un<strong> andamento legato alla pandemia Covid,<\/strong> che ha portato ad un importante decremento nell\u2019anno 2020 e ad una lenta ripresa a partire dal 2021, per arrivare ad un livello, nel 2023, leggermente superiore al 2019. Il fenomeno \u00e8 stato analogo in tutte le Regioni, nessuna esclusa.<\/p>\n<p><strong>Regione Calabria ha avuto un andamento sovrapponibile a quello nazionale<\/strong>.<br \/>\nNel 2023, va inoltre sottolineato, \u00e8 stata pagata l\u2019ultima rata di annualit\u00e0 pregresse al 2019, pari a 9 milioni di euro, che evidentemente non corrispondono a mobilit\u00e0 2023.<br \/>\nCon questa precisazione vogliamo dire che in Calabria tutto va bene? Assolutamente no.<br \/>\nSiamo consapevoli che c\u2019\u00e8 moltissimo da fare e che sulla mobilit\u00e0 sanitaria dobbiamo ancora lavorare tanto. Siamo alla stesso tempo consapevoli che usare questi dati cos\u00ec come ha tentato di fare il professor Tridico \u00e8 semplicemente una strumentalizzazione indegna\u201d.<\/p>\n<p>&nbsp;<\/p>\n","protected":false},"excerpt":{"rendered":"<p>COSENZA &#8211; &#8220;Migrazione sanitaria lievitata di 63 milioni da quando c&#8217;\u00e8 Occhiuto&#8221;. Pasquale Tridico punta il dito contro il candidato e presidente uscente della Regione Calabria ma Pasqualina Straface, consigliere regionale di Forza Italia,\u00a0non ci sta e replica all&#8217;ex presidente Inps. \u201cPasquale Tridico sar\u00e0 pure un economista, laureato in Scienze politiche, ma dimostra di non [&hellip;]<\/p>\n","protected":false},"author":58,"featured_media":270816,"comment_status":"closed","ping_status":"closed","sticky":false,"template":"","format":"standard","meta":{"_acf_changed":false,"footnotes":"","jetpack_publicize_message":"","jetpack_publicize_feature_enabled":true,"jetpack_social_post_already_shared":false,"jetpack_social_options":{"image_generator_settings":{"template":"highway","default_image_id":0,"font":"","enabled":false},"version":2}},"categories":[17],"tags":[19],"class_list":["post-270814","post","type-post","status-publish","format-standard","has-post-thumbnail","hentry","category-calabria","tag-copertina"],"acf":[],"jetpack_publicize_connections":[],"_links":{"self":[{"href":"https:\/\/quicosenza.it\/news\/wp-json\/wp\/v2\/posts\/270814","targetHints":{"allow":["GET"]}}],"collection":[{"href":"https:\/\/quicosenza.it\/news\/wp-json\/wp\/v2\/posts"}],"about":[{"href":"https:\/\/quicosenza.it\/news\/wp-json\/wp\/v2\/types\/post"}],"author":[{"embeddable":true,"href":"https:\/\/quicosenza.it\/news\/wp-json\/wp\/v2\/users\/58"}],"replies":[{"embeddable":true,"href":"https:\/\/quicosenza.it\/news\/wp-json\/wp\/v2\/comments?post=270814"}],"version-history":[{"count":0,"href":"https:\/\/quicosenza.it\/news\/wp-json\/wp\/v2\/posts\/270814\/revisions"}],"wp:featuredmedia":[{"embeddable":true,"href":"https:\/\/quicosenza.it\/news\/wp-json\/wp\/v2\/media\/270816"}],"wp:attachment":[{"href":"https:\/\/quicosenza.it\/news\/wp-json\/wp\/v2\/media?parent=270814"}],"wp:term":[{"taxonomy":"category","embeddable":true,"href":"https:\/\/quicosenza.it\/news\/wp-json\/wp\/v2\/categories?post=270814"},{"taxonomy":"post_tag","embeddable":true,"href":"https:\/\/quicosenza.it\/news\/wp-json\/wp\/v2\/tags?post=270814"}],"curies":[{"name":"wp","href":"https:\/\/api.w.org\/{rel}","templated":true}]}}