{"id":271169,"date":"2025-09-26T20:01:43","date_gmt":"2025-09-26T18:01:43","guid":{"rendered":"https:\/\/www.quicosenza.it\/news\/?p=271169"},"modified":"2025-09-26T20:16:30","modified_gmt":"2025-09-26T18:16:30","slug":"isabelcs-la16enne-di-lattarico-morta-per-un-malore-lo-sfogo-del-padre-voglio-verita","status":"publish","type":"post","link":"https:\/\/quicosenza.it\/news\/isabelcs-la16enne-di-lattarico-morta-per-un-malore-lo-sfogo-del-padre-voglio-verita\/","title":{"rendered":"Isabel, la 16enne di Lattarico morta per un malore. Lo sfogo del padre: &#8220;Voglio verit\u00e0&#8221;"},"content":{"rendered":"<p>LATTARICO (CS) &#8211; Si sono tenuti questa mattina nella chiesa della Santissima Trinit\u00e0 di Taverna di Montalto Uffugo <strong>i funerali di Isabel Desir\u00e8 Porco<\/strong>, la<strong><a href=\"https:\/\/quicosenza.it\/news\/area-urbana\/lattarico-in-lutto-addio-a-isabel-desire-la-16enne-stroncata-da-un-malore-improvviso\" target=\"_blank\" rel=\"noopener\"> 16enne stroncata da un malore<\/a><\/strong> mentre si trovava a scuola, al liceo scientifico Pitagora di Rende. La giovane \u00e8 morta al Policlino Gemelli di Roma, dopo il trasferimento di urgenza dall&#8217;ospedale Annunziata di Cosenza nel quale aveva ricevuto i primi soccorsi. Durante le celebrazioni, Lattarico si \u00e8 stretta attorno all&#8217;immenso dolore dei familiari. La\u00a0bara bianca \u00e8 stata trasportata dai vigili del fuoco &#8211; corpo in cui presta servizio il pap\u00e0 di Isabel &#8211; accompagnata da una<strong> folla gremita di amici, compagni di classe e cittadini tra palloncini banchi, silenzi e lacrime spezzate <\/strong>che raccontano l\u2019ingiustizia di una vita spezzata troppo presto.<\/p>\n<h3>Lo sfogo del pap\u00e0 di Isabel: &#8220;Non doveva andare cos\u00ec, chiedo verit\u00e0&#8221;<\/h3>\n<p>&#8220;Da pap\u00e0 della dolce Isabel Desir\u00e8 dico: che \u00e8 inconcepibile nella nostra realt\u00e0 Cosentina e Calabrese essere soccorsi in fin di vita ed entrare in pronto soccorso in codice giallo! Naturalmente il medico in ambulanza non c&#8217;era!&#8221;. E&#8217; lo<strong> sfogo che il padre di Isabel Desir\u00e8 Porco affida ai social,<\/strong> dopo la perdita della giovane figlia.<\/p>\n<p>Il personale sanitario dice che si tratta di un attacco di panico! e intanto il tempo scorre senza capire di cosa si tratta! I tempi di primo soccorso e di diagnosi del Pronto Soccorso (Scritto in Rosso in tutto il mondo ) sono di fondamentale importanza per diagnosticare un evento dannoso, di come \u00e8 stata colpita la mia piccola! <strong>Non faccio accuse ma voglio verit\u00e0 per quando accaduto!<\/strong> Stiamo parlando della vita spezzata di una ragazza figlia della nostra terra Calabria! Tutto ci\u00f2 non deve pi\u00f9 accadere si deve potenziare il primo soccorso e il Pronto Soccorso per riuscire a fare un triage valutativo il pi\u00f9 esatto possibile!!!<\/p>\n<p>Andando avanti siamo passati al reparto di competenza dove il tempo scorre fra valutazioni e diagnosi! <strong>Altro step si valuta l&#8217;intervento in Sala Operatoria e intanto il tempo scorre! Risultato alla fine si quantificano le ore prima che la mia piccola viene operata!<\/strong>!! Come avete notato non ho fatto accuse perch\u00e9 non ero presente al momento dell&#8217; accaduto e voglio una verit\u00e0 per quello che si poteva fare e per quello che \u00e8 stato fatto !!! Ricordiamoci che oggi e&#8217; capitato a me domani pu\u00f2 capitare a chiunque insieme lottiamo per una Sanit\u00e0 pi\u00f9 efficiente&#8221;.<\/p>\n","protected":false},"excerpt":{"rendered":"<p>LATTARICO (CS) &#8211; Si sono tenuti questa mattina nella chiesa della Santissima Trinit\u00e0 di Taverna di Montalto Uffugo i funerali di Isabel Desir\u00e8 Porco, la 16enne stroncata da un malore mentre si trovava a scuola, al liceo scientifico Pitagora di Rende. La giovane \u00e8 morta al Policlino Gemelli di Roma, dopo il trasferimento di urgenza [&hellip;]<\/p>\n","protected":false},"author":58,"featured_media":271170,"comment_status":"closed","ping_status":"closed","sticky":false,"template":"","format":"standard","meta":{"_acf_changed":false,"footnotes":"","jetpack_publicize_message":"","jetpack_publicize_feature_enabled":true,"jetpack_social_post_already_shared":false,"jetpack_social_options":{"image_generator_settings":{"template":"highway","default_image_id":0,"font":"","enabled":false},"version":2}},"categories":[28],"tags":[19],"class_list":["post-271169","post","type-post","status-publish","format-standard","has-post-thumbnail","hentry","category-provincia","tag-copertina"],"acf":[],"jetpack_publicize_connections":[],"_links":{"self":[{"href":"https:\/\/quicosenza.it\/news\/wp-json\/wp\/v2\/posts\/271169","targetHints":{"allow":["GET"]}}],"collection":[{"href":"https:\/\/quicosenza.it\/news\/wp-json\/wp\/v2\/posts"}],"about":[{"href":"https:\/\/quicosenza.it\/news\/wp-json\/wp\/v2\/types\/post"}],"author":[{"embeddable":true,"href":"https:\/\/quicosenza.it\/news\/wp-json\/wp\/v2\/users\/58"}],"replies":[{"embeddable":true,"href":"https:\/\/quicosenza.it\/news\/wp-json\/wp\/v2\/comments?post=271169"}],"version-history":[{"count":0,"href":"https:\/\/quicosenza.it\/news\/wp-json\/wp\/v2\/posts\/271169\/revisions"}],"wp:featuredmedia":[{"embeddable":true,"href":"https:\/\/quicosenza.it\/news\/wp-json\/wp\/v2\/media\/271170"}],"wp:attachment":[{"href":"https:\/\/quicosenza.it\/news\/wp-json\/wp\/v2\/media?parent=271169"}],"wp:term":[{"taxonomy":"category","embeddable":true,"href":"https:\/\/quicosenza.it\/news\/wp-json\/wp\/v2\/categories?post=271169"},{"taxonomy":"post_tag","embeddable":true,"href":"https:\/\/quicosenza.it\/news\/wp-json\/wp\/v2\/tags?post=271169"}],"curies":[{"name":"wp","href":"https:\/\/api.w.org\/{rel}","templated":true}]}}