{"id":271178,"date":"2025-09-27T10:04:02","date_gmt":"2025-09-27T08:04:02","guid":{"rendered":"https:\/\/www.quicosenza.it\/news\/?p=271178"},"modified":"2025-09-27T10:04:02","modified_gmt":"2025-09-27T08:04:02","slug":"dipignano-giaccari-promuove-lapertura-di-un-centro-anziani-comunale","status":"publish","type":"post","link":"https:\/\/quicosenza.it\/news\/dipignano-giaccari-promuove-lapertura-di-un-centro-anziani-comunale\/","title":{"rendered":"Dipignano, Giaccari promuove l&#8217;apertura di un centro anziani comunale"},"content":{"rendered":"<p>DIPIGNANO (CS) &#8211; &#8220;Dipignano, come dimostrano i dati degli ultimi anni, segue la tendenza nazionale, <strong>cresce l&#8217;et\u00e0 media<\/strong> e la popolazione \u00e8 formata sempre di pi\u00f9, da persone avanti con gli anni. Fortunatamente gli anni si portano bene e la fotografa dei nostri nonni che a settant&#8217;anni si davano ad una vita casalinga \u00e8 ormai sbiadita e rimane solo un ricordo&#8221;. \u00c8 il Consigliere del comune di Dipignano Antonio Giaccari a fare questa analisi e a riflettere su cosa l&#8217;amministrazione comunale possa offrire a questi cittadini.<\/p>\n<p>&#8220;Da amministratore di questo territorio, cerco sempre di evidenziare e molte volte risolvere, i problemi della gente che risiede nel nostro bellissimo paese, per questo motivo mi faccio promotore, oggi, presso la nostra maggioranza, di un progetto che prevede l&#8217;apertura di un centro anziani, visto che la nostra popolazione invecchia e le<strong> strutture di socializzazione e di aggregazione per questi cittadini, purtroppo nel nostro comune latitano<\/strong>, prosegue il capogruppo di Dipignano Libera.<\/p>\n<p>Per questo motivo<strong> ho scritto al Sindaco, chiedendo di destinare una parte dell&#8217;ex Convento dei Cappuccini,<\/strong> (usato al momento solo sporadicamente per ospitare qualche evento) ad un Centro per anziani comunale. La struttura si presta perfettamente alle attivit\u00e0 che ho previsto nel progetto, attivit\u00e0 che variano da momenti di relax come pomeriggi di ballo e organizzazioni di feste, a momenti anche culturali e di informazione, insomma un mix , che preveda al centro, aggregazione e socialit\u00e0. Do da subito la mia disponibilit\u00e0, per la realizzazione di tutto ci\u00f2, mettendomi a disposizione della comunit\u00e0 e dell&#8217; Ente, come ho sempre fatto e spero di continuare a fare anche nei prossimi anni&#8221;.<\/p>\n","protected":false},"excerpt":{"rendered":"<p>DIPIGNANO (CS) &#8211; &#8220;Dipignano, come dimostrano i dati degli ultimi anni, segue la tendenza nazionale, cresce l&#8217;et\u00e0 media e la popolazione \u00e8 formata sempre di pi\u00f9, da persone avanti con gli anni. Fortunatamente gli anni si portano bene e la fotografa dei nostri nonni che a settant&#8217;anni si davano ad una vita casalinga \u00e8 ormai [&hellip;]<\/p>\n","protected":false},"author":58,"featured_media":271180,"comment_status":"closed","ping_status":"closed","sticky":false,"template":"","format":"standard","meta":{"_acf_changed":false,"footnotes":"","jetpack_publicize_message":"","jetpack_publicize_feature_enabled":true,"jetpack_social_post_already_shared":false,"jetpack_social_options":{"image_generator_settings":{"template":"highway","default_image_id":0,"font":"","enabled":false},"version":2}},"categories":[28],"tags":[],"class_list":["post-271178","post","type-post","status-publish","format-standard","has-post-thumbnail","hentry","category-provincia"],"acf":[],"jetpack_publicize_connections":[],"_links":{"self":[{"href":"https:\/\/quicosenza.it\/news\/wp-json\/wp\/v2\/posts\/271178","targetHints":{"allow":["GET"]}}],"collection":[{"href":"https:\/\/quicosenza.it\/news\/wp-json\/wp\/v2\/posts"}],"about":[{"href":"https:\/\/quicosenza.it\/news\/wp-json\/wp\/v2\/types\/post"}],"author":[{"embeddable":true,"href":"https:\/\/quicosenza.it\/news\/wp-json\/wp\/v2\/users\/58"}],"replies":[{"embeddable":true,"href":"https:\/\/quicosenza.it\/news\/wp-json\/wp\/v2\/comments?post=271178"}],"version-history":[{"count":0,"href":"https:\/\/quicosenza.it\/news\/wp-json\/wp\/v2\/posts\/271178\/revisions"}],"wp:featuredmedia":[{"embeddable":true,"href":"https:\/\/quicosenza.it\/news\/wp-json\/wp\/v2\/media\/271180"}],"wp:attachment":[{"href":"https:\/\/quicosenza.it\/news\/wp-json\/wp\/v2\/media?parent=271178"}],"wp:term":[{"taxonomy":"category","embeddable":true,"href":"https:\/\/quicosenza.it\/news\/wp-json\/wp\/v2\/categories?post=271178"},{"taxonomy":"post_tag","embeddable":true,"href":"https:\/\/quicosenza.it\/news\/wp-json\/wp\/v2\/tags?post=271178"}],"curies":[{"name":"wp","href":"https:\/\/api.w.org\/{rel}","templated":true}]}}