{"id":271185,"date":"2025-09-27T12:32:38","date_gmt":"2025-09-27T10:32:38","guid":{"rendered":"https:\/\/www.quicosenza.it\/news\/?p=271185"},"modified":"2025-09-27T12:56:38","modified_gmt":"2025-09-27T10:56:38","slug":"atp-cosenza-ordina-di-segnalare-cortei-studenteschi-pro-palestina-vergognoso-la-denuncia-usb","status":"publish","type":"post","link":"https:\/\/quicosenza.it\/news\/atp-cosenza-ordina-di-segnalare-cortei-studenteschi-pro-palestina-vergognoso-la-denuncia-usb\/","title":{"rendered":"\u00abATP Cosenza ordina di segnalare cortei studenteschi pro-Palestina, vergognoso\u00bb. La denuncia Usb"},"content":{"rendered":"<p>COSENZA &#8211; \u00abInacettabile e vergognosa. Semplicemente tale! Cos\u00ec \u00e8 <strong>la nota che ci \u00e8 stata segnalata arrivare ieri nelle scuole della provincia da parte dell\u2019ATP di Cosenza<\/strong> a firma \u201cla Segretaria del Dirigente\u201d, in cui si richiede di<strong> \u201csegnalare con tempestivit\u00e0 l\u2019eventuale svolgimento di manifestazioni, assemblee straordinarie, occupazioni<\/strong> o altre forme di mobilitazione studentesca connesse alla causa<strong> pro-Palestina<\/strong> che interessino i rispettivi istituti\u201d e di \u201ccomunicare iniziative in corso o programmate&#8221;\u00bb. Cos\u00ec denuncia in una nota la<strong> sigla sindacale Usb Scuola Cosenza.<\/strong><\/p>\n<p>\u00abSono righe burocratiche che ci preoccupano molto nella loro algida prosa, veicolano un <strong>pericoloso clima di controllo<\/strong> che esula dalla normalit\u00e0 democratica. Non fanno neppure riferimento a eventuali richieste che in tal senso provengano dal Ministero a Roma o dall\u2019USR a Catanzaro! Comprendiamo come dopo la grande riuscita dello Sciopero dell\u2019USB di luned\u00ec 22, le piazze piene, il risveglio delle coscienze critiche e del dibattito nelle scuole e nelle universit\u00e0, nei luoghi di lavoro e nei territori, siano turbati i sonni del Governo italiano, con i suoi silenzi complici del genocidio del popolo palestinese e i suoi rapporti vergognosi con il governo israeliano. Ma se ne facciano una ragione: nonostante tutte le operazioni autoritarie e repressive di Valditara e la vicinanza di qualche corporazione scolastica a lui fedele per i privilegi che ne riceve, la Scuola \u00e8 e rimarr\u00e0 presidio di democrazia e partecipazione, confronto e crescita. Nella dialettica e nelle lotte dei lavoratori e degli studenti. Una nota incomprensibile dunque quella dell\u2019ATP di Cosenza.<\/p>\n<p>O forse troppo comprensibile. I dirigenti scolastici gi\u00e0 comunicano eventuali agitazioni studentesche, quali che ne siano i motivi. <strong>La Dirigente dell\u2019ATP ha il dovere di spiegarla al mondo della Scuola e alla collettivit\u00e0 tutta.<\/strong> Quale \u00e8 stata l\u2019esigenza di emanarla? E perch\u00e9 i riferimenti espliciti alla Palestina? E\u2019 una fake? Un errore? Una sua iniziativa? Una richiesta ministeriale? Chiediamo pubbliche risposte a questi interrogativi ad una Amministrazione della Repubblica Italiana dove, ancora, vigono regole democratiche e non arbitrii. Ed anche i rappresentanti politici e istituzionali del territorio, oltre a fare passerelle e selfie, dovrebbero pretendere spiegazioni su questo atto. Francamente inaccettabile. E vergognoso&#8221;.<\/p>\n","protected":false},"excerpt":{"rendered":"<p>COSENZA &#8211; \u00abInacettabile e vergognosa. Semplicemente tale! Cos\u00ec \u00e8 la nota che ci \u00e8 stata segnalata arrivare ieri nelle scuole della provincia da parte dell\u2019ATP di Cosenza a firma \u201cla Segretaria del Dirigente\u201d, in cui si richiede di \u201csegnalare con tempestivit\u00e0 l\u2019eventuale svolgimento di manifestazioni, assemblee straordinarie, occupazioni o altre forme di mobilitazione studentesca connesse [&hellip;]<\/p>\n","protected":false},"author":58,"featured_media":271186,"comment_status":"closed","ping_status":"closed","sticky":false,"template":"","format":"standard","meta":{"_acf_changed":false,"footnotes":"","jetpack_publicize_message":"","jetpack_publicize_feature_enabled":true,"jetpack_social_post_already_shared":false,"jetpack_social_options":{"image_generator_settings":{"template":"highway","default_image_id":0,"font":"","enabled":false},"version":2}},"categories":[563,42],"tags":[19],"class_list":["post-271185","post","type-post","status-publish","format-standard","has-post-thumbnail","hentry","category-area-urbana","category-cosenza","tag-copertina"],"acf":[],"jetpack_publicize_connections":[],"_links":{"self":[{"href":"https:\/\/quicosenza.it\/news\/wp-json\/wp\/v2\/posts\/271185","targetHints":{"allow":["GET"]}}],"collection":[{"href":"https:\/\/quicosenza.it\/news\/wp-json\/wp\/v2\/posts"}],"about":[{"href":"https:\/\/quicosenza.it\/news\/wp-json\/wp\/v2\/types\/post"}],"author":[{"embeddable":true,"href":"https:\/\/quicosenza.it\/news\/wp-json\/wp\/v2\/users\/58"}],"replies":[{"embeddable":true,"href":"https:\/\/quicosenza.it\/news\/wp-json\/wp\/v2\/comments?post=271185"}],"version-history":[{"count":0,"href":"https:\/\/quicosenza.it\/news\/wp-json\/wp\/v2\/posts\/271185\/revisions"}],"wp:featuredmedia":[{"embeddable":true,"href":"https:\/\/quicosenza.it\/news\/wp-json\/wp\/v2\/media\/271186"}],"wp:attachment":[{"href":"https:\/\/quicosenza.it\/news\/wp-json\/wp\/v2\/media?parent=271185"}],"wp:term":[{"taxonomy":"category","embeddable":true,"href":"https:\/\/quicosenza.it\/news\/wp-json\/wp\/v2\/categories?post=271185"},{"taxonomy":"post_tag","embeddable":true,"href":"https:\/\/quicosenza.it\/news\/wp-json\/wp\/v2\/tags?post=271185"}],"curies":[{"name":"wp","href":"https:\/\/api.w.org\/{rel}","templated":true}]}}