{"id":271189,"date":"2025-09-27T13:32:54","date_gmt":"2025-09-27T11:32:54","guid":{"rendered":"https:\/\/www.quicosenza.it\/news\/?p=271189"},"modified":"2025-09-27T13:32:54","modified_gmt":"2025-09-27T11:32:54","slug":"secca-di-amendolara-il-parco-marino-diventa-polo-di-ricerca-e-turismo-sostenibile","status":"publish","type":"post","link":"https:\/\/quicosenza.it\/news\/secca-di-amendolara-il-parco-marino-diventa-polo-di-ricerca-e-turismo-sostenibile\/","title":{"rendered":"Secca di Amendolara, il Parco marino diventa polo di ricerca e turismo sostenibile"},"content":{"rendered":"<p>COSENZA &#8211; Dal mito omerico dell\u2019Isola di Ogigia, dimora della Ninfa Calipso e tra i 100 MID della Calabria Straordinaria, al Parco marino di recente istituzione, scrigno di biodiversit\u00e0 e identit\u00e0,<strong> la Secca di Amendolara<\/strong> non soltanto \u00e8 un patrimonio da promuovere, valorizzare e fruire consapevolmente ma diventa il perno di una strategia complessiva per costruire, attraverso importanti sinergie istituzionali, un\u2019unica destinazione turistico-esperienziale. In questa cornice e con questi obiettivi, attraverso l\u2019importante<strong> protocollo d\u2019intesa al firmato ieri tra l\u2019Ente Provincia di Cosenza, l\u2019Ente Parchi Marini Regionali (EPMR) e la Stazione zoologica Anton Dohrn<\/strong> diamo ufficialmente il via ad un importante percorso di collaborazione per la promozione di questo territorio e del suo straordinario patrimonio.<\/p>\n<h3><strong><b>Succurro: &#8220;massima attenzione a temi tutela risorse naturali&#8221;<\/b><\/strong><\/h3>\n<p>\u00c8 quanto ha sottolineato la Presidente della Provincia di Cosenza Rosaria Succurro consegnando ufficialmente ieri (venerd\u00ec 26) l\u2019immobile di Piazza Venezia, ex sede del Liceo Classico, nuova sede del Parco Marino della Secca di Amendolara, evidenziando l\u2019attenzione dell\u2019istituzione provinciale, pur al di l\u00e0 delle sue competenze, rispetto al tema della salvaguardia e della fruizione ordinata delle risorse naturali territorio. \u00abSiamo felici e certi \u2013 ha aggiunto \u2013 che, cos\u00ec come avvenuto a seguito dell\u2019altra importante concessione del <strong>sito dell\u2019ex centro velico oggi sede di uno degli istituti di ricerca pi\u00f9 antichi<\/strong>, prestigiosi ed importanti d\u2019Italia e d\u2019Europa, anche quello di oggi diventer\u00e0 il punto di partenza ulteriori prospettive di crescita e sviluppo\u00bb.<\/p>\n<h3><strong><b>Obiettivi comuni: salvaguardia ambiente e aree protette<\/b><\/strong><\/h3>\n<p>Il protocollo d\u2019intesa sottoscritto oggi ad Amendolara si fonda sulla condivisione inter-istituzionale di obiettivi comuni: la tutela e la salvaguardia ambientale, la valorizzazione del patrimonio identitario e distintivo e il rafforzamento della governance condivisa delle aree protette.<\/p>\n<p>Alla presenza di <strong>Antonello Ciminelli<\/strong>, coordinatore del Parco Marino della Secca, del dirigete provinciale al patrimonio Giuseppe Meranda, del consigliere provinciale <strong>Tiziana Battafarano<\/strong>, insieme alla <strong>Presidente Succurro<\/strong> hanno siglato il protocollo d\u2019intesa, il direttore dell\u2019EPMRC <strong>Raffaele Greco<\/strong> che ha ringraziato l\u2019Ente Provincia \u00abper la sensibilit\u00e0 dimostrata con la concessione dell\u2019immobile che \u2013 ha scandito Greco \u2013 ci impegneremo a valorizzare per continuare a consolidare, nei e con i territori, un nuovo modello di sviluppo eco-sostenibile attraverso la promozione e la fruizione delle straordinarie risorse naturali e culturali del territorio\u00bb; e Teresa Romeo, direttrice della Stazione zoologica Anton Dohrn \u2013 sede Calabria\u00a0che ha illustrato il percorso di riqualificazione avviato con l\u2019ex centro velico ed il coinvolgimento numerosi ricercatori da tutta Italia, coinvolgendo la comunit\u00e0 e mettendo in campo diverse iniziative di divulgazione e formazione, a partire dalle scuole.<\/p>\n<h3><strong><b>Greco: &#8220;cos\u00ec favoriamo turismo responsabile e durevole&#8221;<\/b><\/strong><\/h3>\n<p>\u00abQuello di oggi \u2013 ha detto il <strong>Direttore Generale dell\u2019EPMR Greco<\/strong>, ribadendo la gratitudine alla Provincia di Cosenza ed alla Presidente Succurro \u2013 \u00e8 per noi un ulteriore tassello nel percorso che vede ormai da tempo l\u2019Ente Parchi Marini Regionali potenziare la propria articolazione operativa sui territori, migliorando quindi le proprie funzioni di coordinamento, vigilanza e fruizione delle aree protette, nella visione pi\u00f9 ampia, portata avanti dalla Regione Calabria, di favorire turismo e sviluppo eco-sostenibile, responsabile e durevole\u00bb.<\/p>\n","protected":false},"excerpt":{"rendered":"<p>COSENZA &#8211; Dal mito omerico dell\u2019Isola di Ogigia, dimora della Ninfa Calipso e tra i 100 MID della Calabria Straordinaria, al Parco marino di recente istituzione, scrigno di biodiversit\u00e0 e identit\u00e0, la Secca di Amendolara non soltanto \u00e8 un patrimonio da promuovere, valorizzare e fruire consapevolmente ma diventa il perno di una strategia complessiva per [&hellip;]<\/p>\n","protected":false},"author":58,"featured_media":271190,"comment_status":"closed","ping_status":"closed","sticky":false,"template":"","format":"standard","meta":{"_acf_changed":false,"footnotes":"","jetpack_publicize_message":"","jetpack_publicize_feature_enabled":true,"jetpack_social_post_already_shared":false,"jetpack_social_options":{"image_generator_settings":{"template":"highway","default_image_id":0,"font":"","enabled":false},"version":2}},"categories":[572,28],"tags":[19],"class_list":["post-271189","post","type-post","status-publish","format-standard","has-post-thumbnail","hentry","category-ionio","category-provincia","tag-copertina"],"acf":[],"jetpack_publicize_connections":[],"_links":{"self":[{"href":"https:\/\/quicosenza.it\/news\/wp-json\/wp\/v2\/posts\/271189","targetHints":{"allow":["GET"]}}],"collection":[{"href":"https:\/\/quicosenza.it\/news\/wp-json\/wp\/v2\/posts"}],"about":[{"href":"https:\/\/quicosenza.it\/news\/wp-json\/wp\/v2\/types\/post"}],"author":[{"embeddable":true,"href":"https:\/\/quicosenza.it\/news\/wp-json\/wp\/v2\/users\/58"}],"replies":[{"embeddable":true,"href":"https:\/\/quicosenza.it\/news\/wp-json\/wp\/v2\/comments?post=271189"}],"version-history":[{"count":0,"href":"https:\/\/quicosenza.it\/news\/wp-json\/wp\/v2\/posts\/271189\/revisions"}],"wp:featuredmedia":[{"embeddable":true,"href":"https:\/\/quicosenza.it\/news\/wp-json\/wp\/v2\/media\/271190"}],"wp:attachment":[{"href":"https:\/\/quicosenza.it\/news\/wp-json\/wp\/v2\/media?parent=271189"}],"wp:term":[{"taxonomy":"category","embeddable":true,"href":"https:\/\/quicosenza.it\/news\/wp-json\/wp\/v2\/categories?post=271189"},{"taxonomy":"post_tag","embeddable":true,"href":"https:\/\/quicosenza.it\/news\/wp-json\/wp\/v2\/tags?post=271189"}],"curies":[{"name":"wp","href":"https:\/\/api.w.org\/{rel}","templated":true}]}}