{"id":271191,"date":"2025-09-27T14:09:04","date_gmt":"2025-09-27T12:09:04","guid":{"rendered":"https:\/\/www.quicosenza.it\/news\/?p=271191"},"modified":"2025-09-27T14:09:04","modified_gmt":"2025-09-27T12:09:04","slug":"caserma-bersaglieri-di-cosenza-a-rischio-chiusura-madeo-giu-le-mani-da-un-pezzo-di-storia","status":"publish","type":"post","link":"https:\/\/quicosenza.it\/news\/caserma-bersaglieri-di-cosenza-a-rischio-chiusura-madeo-giu-le-mani-da-un-pezzo-di-storia\/","title":{"rendered":"Caserma Bersaglieri di Cosenza a rischio chiusura. Madeo: \u00abGi\u00f9 le mani da un pezzo di storia\u00bb"},"content":{"rendered":"<p class=\"v1MsoNormal\">COSENZA &#8211; &#8220;Con profonda preoccupazione apprendo della possibile chiusura della caserma del <strong>Primo Reggimento Bersaglieri con sede a Cosenza<\/strong>, un presidio militare che rappresenta non solo un baluardo di sicurezza per il territorio, ma anche un simbolo di storia, sacrificio e appartenenza per centinaia di famiglie calabresi&#8221;. Cos\u00ec scrive in una nota la consigliera della provincia di Cosenza <strong>Rosellina Madeo<\/strong>.<\/p>\n<p class=\"v1MsoNormal\">&#8220;Stiamo parlando di<strong> quasi 800 militari<\/strong> &#8211; entra nel dettaglio Rosellina Madeo -,<strong> 800 famiglie, l&#8217;80% delle quali ha investito nel nostro territorio, acquistando casa a Cosenza o nei comuni limitrofi<\/strong>. Parliamo di uomini e donne che, dopo anni di servizio lontano dalla propria terra, sono finalmente riusciti a tornare vicino ai propri affetti. E ora &#8211; denuncia la consigliera provinciale &#8211;\u00a0 per l&#8217;inerzia del governo regionale guidato da Roberto Occhiuto, rischiano di essere nuovamente sradicati, trasferiti fuori regione, come se i loro sacrifici non contassero nulla&#8221;.<\/p>\n<p class=\"v1MsoNormal\">&#8220;Il Primo Reggimento Bersaglieri non \u00e8 una semplice caserma: <strong>\u00e8 un pezzo di storia militare italiana<\/strong>. Fondato nel 1861, ha partecipato con onore a tutte le principali campagne militari del nostro Paese, distinguendosi per coraggio, disciplina e spirito di corpo. I bersaglieri di Cosenza &#8211; sottolinea &#8211; sono parte integrante della nostra identit\u00e0 calabrese: sono presenti nelle scuole, nelle cerimonie civili, nelle emergenze, sempre pronti a servire con dedizione&#8221;.<\/p>\n<p class=\"v1MsoNormal\">&#8220;Eppure &#8211; commenta la Madeo con amarezza &#8211;\u00a0 <strong>davanti alla minaccia concreta della chiusura il silenzio del Presidente Occhiuto \u00e8 assordante<\/strong>. Nessuna parola, nessuna proposta, nessuna difesa per questi uomini e donne che ogni giorno indossano la divisa per proteggere la nostra comunit\u00e0&#8221;. Quindi la presa di posizione: &#8220;io, Rosellina Madeo, mi impegno pubblicamente e con determinazione a difendere il Primo Reggimento Bersaglieri di Cosenza. Mi batter\u00f2 in ogni sede istituzionale affinch\u00e9 questa caserma non venga chiusa, affinch\u00e9 i nostri militari non siano costretti a lasciare la Calabria, e affinch\u00e9 venga riconosciuto il valore umano, sociale e storico di questo presidio&#8221;.<\/p>\n<p class=\"v1MsoNormal\">E pensando a tutti i nostri militari avanza una proposta concreta da portare nelle sedi opportune: &#8220;<strong>mi spender\u00f2 per assicurare la gratuit\u00e0 dei trasporti pubblici regionali per tutti i militari in servizio in Calabria<\/strong>. \u00c8 un gesto di rispetto e riconoscenza verso chi ogni giorno si mette al servizio della collettivit\u00e0, e un modo per agevolare la mobilit\u00e0 di chi spesso \u00e8 costretto a spostarsi per esigenze operative o familiari. La Calabria \u2013 conclude Rosellina Madeo &#8211; non pu\u00f2 permettersi di perdere un pezzo cos\u00ec importante della sua anima. I bersaglieri non si abbandonano: si difendono&#8221;. E questo impegno prosegue nel solco di &#8220;una politica nuova che rimetta al centro la persona e le esigenze di un territorio che ha diritto di essere ascoltato e di vedere le proprie istanze rappresentate nelle stanze che contano&#8221;.<\/p>\n","protected":false},"excerpt":{"rendered":"<p>COSENZA &#8211; &#8220;Con profonda preoccupazione apprendo della possibile chiusura della caserma del Primo Reggimento Bersaglieri con sede a Cosenza, un presidio militare che rappresenta non solo un baluardo di sicurezza per il territorio, ma anche un simbolo di storia, sacrificio e appartenenza per centinaia di famiglie calabresi&#8221;. Cos\u00ec scrive in una nota la consigliera della [&hellip;]<\/p>\n","protected":false},"author":58,"featured_media":271192,"comment_status":"closed","ping_status":"closed","sticky":false,"template":"","format":"standard","meta":{"_acf_changed":false,"footnotes":"","jetpack_publicize_message":"","jetpack_publicize_feature_enabled":true,"jetpack_social_post_already_shared":false,"jetpack_social_options":{"image_generator_settings":{"template":"highway","default_image_id":0,"font":"","enabled":false},"version":2}},"categories":[563,42],"tags":[19],"class_list":["post-271191","post","type-post","status-publish","format-standard","has-post-thumbnail","hentry","category-area-urbana","category-cosenza","tag-copertina"],"acf":[],"jetpack_publicize_connections":[],"_links":{"self":[{"href":"https:\/\/quicosenza.it\/news\/wp-json\/wp\/v2\/posts\/271191","targetHints":{"allow":["GET"]}}],"collection":[{"href":"https:\/\/quicosenza.it\/news\/wp-json\/wp\/v2\/posts"}],"about":[{"href":"https:\/\/quicosenza.it\/news\/wp-json\/wp\/v2\/types\/post"}],"author":[{"embeddable":true,"href":"https:\/\/quicosenza.it\/news\/wp-json\/wp\/v2\/users\/58"}],"replies":[{"embeddable":true,"href":"https:\/\/quicosenza.it\/news\/wp-json\/wp\/v2\/comments?post=271191"}],"version-history":[{"count":0,"href":"https:\/\/quicosenza.it\/news\/wp-json\/wp\/v2\/posts\/271191\/revisions"}],"wp:featuredmedia":[{"embeddable":true,"href":"https:\/\/quicosenza.it\/news\/wp-json\/wp\/v2\/media\/271192"}],"wp:attachment":[{"href":"https:\/\/quicosenza.it\/news\/wp-json\/wp\/v2\/media?parent=271191"}],"wp:term":[{"taxonomy":"category","embeddable":true,"href":"https:\/\/quicosenza.it\/news\/wp-json\/wp\/v2\/categories?post=271191"},{"taxonomy":"post_tag","embeddable":true,"href":"https:\/\/quicosenza.it\/news\/wp-json\/wp\/v2\/tags?post=271191"}],"curies":[{"name":"wp","href":"https:\/\/api.w.org\/{rel}","templated":true}]}}