{"id":271198,"date":"2025-09-27T17:55:34","date_gmt":"2025-09-27T15:55:34","guid":{"rendered":"https:\/\/www.quicosenza.it\/news\/?p=271198"},"modified":"2025-09-27T17:55:34","modified_gmt":"2025-09-27T15:55:34","slug":"cosenza-scippata-del-suo-ospedale-niente-policlinico-solo-nuovo-hub-ad-arcavacata","status":"publish","type":"post","link":"https:\/\/quicosenza.it\/news\/cosenza-scippata-del-suo-ospedale-niente-policlinico-solo-nuovo-hub-ad-arcavacata\/","title":{"rendered":"\u00abCosenza scippata del suo ospedale: niente Policlinico, solo nuovo hub ad Arcavacata\u00bb"},"content":{"rendered":"<p>COSENZA &#8211; \u201cSono molto indignato e con me deve indignarsi tutta la citt\u00e0 perch\u00e9 l\u2019ex governatore della Calabria ed ex commissario della sanit\u00e0, autocandidatosi, ha messo in atto, durante la campagna elettorale, un vero e proprio scippo ai danni della citt\u00e0 di Cosenza e del suo ospedale Hub, assumendo una decisione, senza averne i poteri, ma delegandola ad un dirigente, giocando sulla pelle dei cittadini, spogliati del diritto fondamentale che \u00e8 quello alla salute\u201d. Lo ha detto il <strong>Sindaco di Cosenza, Franz Caruso, in chiusura della conferenza stampa, svoltasi questa mattina nella sede dell\u2019Auser<\/strong> di via Milelli, ad iniziativa delle Associazioni e movimenti \u201cComitato No alla Fusione di Cosenza\u201d, \u201cComitato Cosenza No alla fusione per una citt\u00e0 policentrica\u201d, \u201cCosenza Storica Attiva\u201d, \u201cAssociazione Dossetti &#8211; Prima che tutto crolli\u201d e \u201cBuongiorno Cosenza\u201d.<\/p>\n<h2 data-start=\"1097\" data-end=\"1143\">La determina contestata del 19 settembre<\/h2>\n<p data-start=\"1144\" data-end=\"1591\">Sotto la lente di ingrandimento del tavolo della conferenza \u00e8 finita la determina del dirigente nominato dal commissario delegato per l\u2019edilizia sanitaria che <strong>il 19 settembre scorso, in piena campagna elettorale,<\/strong> ha firmato l\u2019affidamento del servizio di ingegneria ed architettura relativo alla redazione del<strong> progetto di fattibilit\u00e0 tecnico-economica (PFTE) del nuovo ospedale Hub di Cosenza indicandone la localizzazione ad Arcavacata di Rende.<\/strong><\/p>\n<h2 data-start=\"1598\" data-end=\"1655\">Le accuse a Occhiuto: cinismo e interessi personali<\/h2>\n<p data-start=\"1656\" data-end=\"2528\">\u201cPer me questo \u2013 ha detto Franz Caruso in conferenza stampa &#8211; \u00e8 un comportamento cinico e baro perch\u00e9 ci sono, nelle azioni politiche di questo ex presidente, tutti gli elementi per dire che sono dettate, in questo momento, da un cinismo assoluto e anche dalla volont\u00e0 di gettare fumo negli occhi dei cittadini. \u00c8 cinico \u2013 ha aggiunto Franz Caruso &#8211; perch\u00e9 ha portato la Calabria ad un voto anticipato sottraendosi all\u2019obbligo di rendicontazione di fine mandato e lo ha fatto con uno scopo personale di tutela della propria posizione politica, ben consapevole che la condotta di questi 4 anni avrebbe portato a una messa in discussione, insieme agli affari giudiziari, della sua ricandidatura alla presidenza della Regione. Ha gettato la Calabria \u2013 incalza ancora il primo cittadino di Cosenza &#8211; nello sconcerto pi\u00f9 assoluto. \u00c8 tutto fermo, soprattutto nella sanit\u00e0.<\/p>\n<p data-start=\"2530\" data-end=\"2855\">Noi come Comune non possiamo procedere alla stipula del preliminare di vendita dell\u2019immobile di via degli Stadi all\u2019ASP di Cosenza, perch\u00e9 non \u00e8 stato nominato un commissario delegato alla firma di questi atti. Ma tutti gli atti della sanit\u00e0 regionale sono bloccati e questo lascia del tutto indifferente l\u2019ex governatore\u201d.<\/p>\n<h2 data-start=\"2862\" data-end=\"2924\">Policlinico s\u00ec, ma non al posto dell\u2019ospedale Annunziata<\/h2>\n<p data-start=\"2925\" data-end=\"3301\">Franz Caruso fa poi l\u2019elenco delle incompiute dell\u2019ex governatore e dei cambi in corsa dei progetti. \u201c<strong data-start=\"3027\" data-end=\"3297\">Non abbiamo visto i posti di lavoro di cui aveva parlato, gli investimenti annunciati, tipo quello dell\u2019Ospedale dell\u2019Annunziata di Cosenza che era bloccato e che \u00e8 stato riattivato il 19 settembre, sapendo che non ci sono le condizioni per avviarne la realizzazione<\/strong>\u201d.<\/p>\n<p data-start=\"3303\" data-end=\"4351\">Franz Caruso spiega ulteriormente le ragioni della sua indignazione. \u201cSono indignato perch\u00e9 l\u2019ex commissario aveva parlato della realizzazione di un policlinico universitario che non vedeva opposizione da parte di nessuno perch\u00e9 la realizzazione della tanto agognata facolt\u00e0 di medicina nel nostro presidio universitario era un risultato atteso da tutti. Siamo tutti consapevoli dell\u2019importanza della presenza di questa facolt\u00e0 che presuppone anche la realizzazione delle cliniche universitarie. Noi siamo favorevoli alla realizzazione del policlinico perch\u00e9 abbiamo sempre detto che non c\u2019\u00e8 assolutamente contrapposizione tra la realizzazione del nuovo ospedale Hub regionale di Cosenza a Cosenza e del policlinico universitario dell\u2019Unical ad Arcavacata di Rende. Per\u00f2 \u2013 ha rimarcato Franz Caruso &#8211; se andate <strong>a leggere la determina dirigenziale del 19 settembre scorso, non si parla pi\u00f9 di policlinico.<\/strong> Si parla del nuovo ospedale Hub di secondo livello di Cosenza. Quello che fino a ieri si paventava come uno scippo, oggi si concretizza\u201d.<\/p>\n<h2 data-start=\"4358\" data-end=\"4400\">Lo \u201cscippo\u201d dell\u2019ospedale Annunziata<\/h2>\n<p data-start=\"4401\" data-end=\"4926\">\u201cOggi siamo davvero di fronte alla consumazione dello scippo dell\u2019Ospedale dell\u2019Annunziata di Cosenza a Cosenza, perch\u00e9 <strong>l\u2019affidamento dell\u2019incarico della progettazione (PFTE)<\/strong> significa avviare la procedura per la redazione di un progetto definitivo che poi diventer\u00e0 esecutivo e che sar\u00e0 posto <strong>a base dell\u2019appalto per la realizzazione del nuovo Ospedale Hub di secondo livello dell\u2019Annunziata<\/strong> che non avr\u00e0 pi\u00f9 niente dell\u2019Annunziata, come non avr\u00e0 pi\u00f9 niente di Cosenza, tradendo tutto il percorso che \u00e8 stato riconosciuto.<\/p>\n<p data-start=\"4928\" data-end=\"5101\">Il finanziamento INAIL di 249 milioni di euro pi\u00f9 i 45 milioni di euro per la realizzazione della Cittadella era stato destinato a Cosenza da parte dello stesso istituto\u201d.<\/p>\n<h2 data-start=\"5108\" data-end=\"5160\">Le promesse mancate e i paragoni con Catanzaro<\/h2>\n<p data-start=\"5161\" data-end=\"5784\">Franz Caruso non risparmia altre stoccate: \u201cCredo che non si possa venir meno ad un impegno che era stato assunto nel lontano 2017, quando la Regione Calabria aveva provveduto ad individuare l\u2019area idonea per la realizzazione del nuovo ospedale dell\u2019Annunziata di Cosenza. L\u2019ex governatore, a campagna elettorale gi\u00e0 iniziata, ha detto che lui non avrebbe potuto decidere dell\u2019ubicazione del nuovo pronto soccorso dell\u2019Ospedale di Catanzaro perch\u00e9 rispettava quelle che erano le scelte dell\u2019Amministrazione di quella citt\u00e0. E allora come la mettiamo? Si rispettano le decisioni di Catanzaro e non quelle di Cosenza?\u201d.<\/p>\n<h2 data-start=\"5791\" data-end=\"5845\">Dalla politica al calcio: Occhiuto come Guarascio<\/h2>\n<p data-start=\"5846\" data-end=\"6279\">Mescolando poi calcio e politica Franz Caruso ha ammesso che \u201c<strong data-start=\"5908\" data-end=\"6276\">purtroppo non siamo fortunati con i Presidenti di questa citt\u00e0. Occhiuto \u00e8 uguale a Guarascio ed \u00e8 una verit\u00e0 perch\u00e9 siamo ad un livello di indignazione che ci porta da un campo all\u2019altro, da quello di gioco a quello pi\u00f9 importante della politica, perch\u00e9 in questa materia ci va di mezzo la tutela di un diritto fondamentale dei cittadini che \u00e8 quello della salute<\/strong>.<\/p>\n<p data-start=\"6281\" data-end=\"6610\">Mi auguro che quel moto di indignazione che si riscontra in citt\u00e0 per un presidente, si trasformi in indignazione anche per l\u2019altro presidente. I cittadini devono essere consapevoli del fatto che l\u2019ex governatore ha agito fino ad oggi nell\u2019esclusivo interesse di altre realt\u00e0 e non per la citt\u00e0 che gli ha dato anche i natali\u201d.<\/p>\n<h2 data-start=\"6617\" data-end=\"6657\">I rischi di paralisi ad Arcavacata<\/h2>\n<p data-start=\"6658\" data-end=\"7154\">La chiosa Franz Caruso la riserva alla localizzazione voluta dalla Regione e oggetto di quello che ha definito \u201cun vero e proprio scippo\u201d: \u201c<strong data-start=\"6798\" data-end=\"7150\">Ma la Regione si \u00e8 posta il problema ad esempio dei flussi di ingresso e di uscita per e dall\u2019Universit\u00e0 della Calabria? E l\u2019ex Presidente non \u00e8 mai andato all\u2019Universit\u00e0 negli orari di punta per vedere da dove parte la fila di auto? Se ai 35 mila studenti si aggiungesse il flusso dell\u2019ospedale Hub, l\u2019effetto sarebbe paralizzante per tutta l\u2019area<\/strong>\u201d.<\/p>\n<h2 data-start=\"7161\" data-end=\"7213\">L\u2019appello finale: \u201cScendete in strada e votate\u201d<\/h2>\n<p data-start=\"7214\" data-end=\"7698\">\u201cChe ci si indigni tutti! Non possiamo sopportare che si porti a compimento quest\u2019opera vile nei confronti della citt\u00e0 capoluogo di provincia. Invito tutti i cittadini a scendere in strada e a recarsi alle urne per votare, perch\u00e9 solo il voto pu\u00f2 darci una libert\u00e0 di scelta. Se il voto sar\u00e0 significativo nella nostra citt\u00e0, il giorno dopo potremo avere le armi politiche per poter dire alla politica che certe scelte non si possono fare perch\u00e9 un\u2019intera citt\u00e0 le ha bocciate\u201d.<\/p>\n","protected":false},"excerpt":{"rendered":"<p>COSENZA &#8211; \u201cSono molto indignato e con me deve indignarsi tutta la citt\u00e0 perch\u00e9 l\u2019ex governatore della Calabria ed ex commissario della sanit\u00e0, autocandidatosi, ha messo in atto, durante la campagna elettorale, un vero e proprio scippo ai danni della citt\u00e0 di Cosenza e del suo ospedale Hub, assumendo una decisione, senza averne i poteri, [&hellip;]<\/p>\n","protected":false},"author":58,"featured_media":271199,"comment_status":"closed","ping_status":"closed","sticky":false,"template":"","format":"standard","meta":{"_acf_changed":false,"footnotes":"","jetpack_publicize_message":"","jetpack_publicize_feature_enabled":true,"jetpack_social_post_already_shared":false,"jetpack_social_options":{"image_generator_settings":{"template":"highway","default_image_id":0,"font":"","enabled":false},"version":2}},"categories":[563,42],"tags":[19],"class_list":["post-271198","post","type-post","status-publish","format-standard","has-post-thumbnail","hentry","category-area-urbana","category-cosenza","tag-copertina"],"acf":[],"jetpack_publicize_connections":[],"_links":{"self":[{"href":"https:\/\/quicosenza.it\/news\/wp-json\/wp\/v2\/posts\/271198","targetHints":{"allow":["GET"]}}],"collection":[{"href":"https:\/\/quicosenza.it\/news\/wp-json\/wp\/v2\/posts"}],"about":[{"href":"https:\/\/quicosenza.it\/news\/wp-json\/wp\/v2\/types\/post"}],"author":[{"embeddable":true,"href":"https:\/\/quicosenza.it\/news\/wp-json\/wp\/v2\/users\/58"}],"replies":[{"embeddable":true,"href":"https:\/\/quicosenza.it\/news\/wp-json\/wp\/v2\/comments?post=271198"}],"version-history":[{"count":0,"href":"https:\/\/quicosenza.it\/news\/wp-json\/wp\/v2\/posts\/271198\/revisions"}],"wp:featuredmedia":[{"embeddable":true,"href":"https:\/\/quicosenza.it\/news\/wp-json\/wp\/v2\/media\/271199"}],"wp:attachment":[{"href":"https:\/\/quicosenza.it\/news\/wp-json\/wp\/v2\/media?parent=271198"}],"wp:term":[{"taxonomy":"category","embeddable":true,"href":"https:\/\/quicosenza.it\/news\/wp-json\/wp\/v2\/categories?post=271198"},{"taxonomy":"post_tag","embeddable":true,"href":"https:\/\/quicosenza.it\/news\/wp-json\/wp\/v2\/tags?post=271198"}],"curies":[{"name":"wp","href":"https:\/\/api.w.org\/{rel}","templated":true}]}}