{"id":271274,"date":"2025-09-29T09:44:23","date_gmt":"2025-09-29T07:44:23","guid":{"rendered":"https:\/\/www.quicosenza.it\/news\/?p=271274"},"modified":"2025-09-29T09:44:23","modified_gmt":"2025-09-29T07:44:23","slug":"sanita-toscano-dsp-verita-per-desire-porco-e-riforma-dellemergenza-urgenza","status":"publish","type":"post","link":"https:\/\/quicosenza.it\/news\/sanita-toscano-dsp-verita-per-desire-porco-e-riforma-dellemergenza-urgenza\/","title":{"rendered":"Sanit\u00e0, Toscano (Dsp): \u00abVerit\u00e0 per Desir\u00e9 Porco e riforma dell\u2019emergenza-urgenza\u00bb"},"content":{"rendered":"<p>COSENZA \u2013 \u00abLa morte della minorenne Isabel Desir\u00e9 Porco tocca e interroga tutta la Calabria. Non pu\u00f2 finire nel dimenticatoio\u00bb. A dirlo \u00e8 Francesco Toscano, candidato alla presidenza della Regione Calabria per Democrazia Sovrana Popolare, che interviene sulla vicenda della 16enne deceduta dopo un intervento di emergenza ritenuto dai <a href=\"https:\/\/quicosenza.it\/news\/area-urbana\/isabel-aveva-una-vita-davanti-la-sorella-voi-medici-cosa-avete-perso-evidentemente-niente\">familiari<\/a> tardivo e inadeguato.<\/p>\n<p>\u00abPer quanto riportato dalla stampa, si tratta dell&#8217;ennesimo caso \u2013 sottolinea Toscano \u2013 di <strong>soccorso senza medico a bordo dell&#8217;ambulanza,<\/strong> di attribuzione di un <strong>codice giallo<\/strong> invece che rosso e di impotenza del Servizio sanitario regionale, negli anni falcidiato dal Piano di rientro. Fa riflettere che la ragazza da un ospedale Hub della regione, che avrebbe dovuto avere tutte le dotazioni per trattare il caso, sia stata poi portata al Gemelli di Roma\u00bb.<\/p>\n<h3>\u00abNon vogliamo speculare sulla tragedia ma neanche tacere\u00bb<\/h3>\n<p>\u00abNoi \u2013 precisa Toscano \u2013 non vogliamo speculare su una <strong>tragedia familiare e umana<\/strong>, ma non possiamo <strong>rimanere in silenzio<\/strong> davanti a elementi che impongono a tutti, nessuno escluso, una riflessione sui bisogni e sulle urgenze della sanit\u00e0 calabrese, che non possono essere negati n\u00e9 nascosti\u00bb.<\/p>\n<p>Toscano cita altri casi simili: \u00abA dicembre 2024 c&#8217;era stato il caso di <strong>Rosa Morf\u00f2<\/strong>. Lo scorso gennaio era stato funestato dalla morte di <strong>Serafino Congi<\/strong>, poi di un 62enne di Albidona e appena dopo del piccolo Elia. A maggio si era verificato il caso di <strong>Martina Piser\u00e0<\/strong>, a giugno quello di un 78enne, ad agosto quello della 12enne <strong>Carlotta La Croce<\/strong> e a settembre quello del piccolo di 3 anni deceduto a Vibo Valentia, oggetto di inchiesta giudiziaria\u00bb.<\/p>\n<p>\u00abSi tratta di <strong>casi diversi tra di loro<\/strong>, ma che indicano con chiarezza la <strong>necessit\u00e0 stringente di rivedere integralmente il sistema dell&#8217;emergenza-urgenza<\/strong>. Non si pu\u00f2 pi\u00f9 indugiare sul punto: questa deve essere una priorit\u00e0 assoluta. Nello stesso tempo bisogna potenziare i piccoli ospedali come quello di Gioia Tauro o di area montana, che non hanno la possibilit\u00e0 di affrontare le urgenze chirurgiche e di eseguire diagnosi tempestive in caso di trauma, e gli ospedali pi\u00f9 grandi, che \u2013 conclude Toscano \u2013 ad oggi non hanno affatto le unit\u00e0 operative previste per la loro categoria\u00bb.<\/p>\n","protected":false},"excerpt":{"rendered":"<p>COSENZA \u2013 \u00abLa morte della minorenne Isabel Desir\u00e9 Porco tocca e interroga tutta la Calabria. Non pu\u00f2 finire nel dimenticatoio\u00bb. A dirlo \u00e8 Francesco Toscano, candidato alla presidenza della Regione Calabria per Democrazia Sovrana Popolare, che interviene sulla vicenda della 16enne deceduta dopo un intervento di emergenza ritenuto dai familiari tardivo e inadeguato. \u00abPer quanto [&hellip;]<\/p>\n","protected":false},"author":42,"featured_media":271275,"comment_status":"closed","ping_status":"closed","sticky":false,"template":"","format":"standard","meta":{"_acf_changed":false,"footnotes":"","jetpack_publicize_message":"","jetpack_publicize_feature_enabled":true,"jetpack_social_post_already_shared":false,"jetpack_social_options":{"image_generator_settings":{"template":"highway","default_image_id":0,"font":"","enabled":false},"version":2}},"categories":[563,42],"tags":[19],"class_list":["post-271274","post","type-post","status-publish","format-standard","has-post-thumbnail","hentry","category-area-urbana","category-cosenza","tag-copertina"],"acf":[],"jetpack_publicize_connections":[],"_links":{"self":[{"href":"https:\/\/quicosenza.it\/news\/wp-json\/wp\/v2\/posts\/271274","targetHints":{"allow":["GET"]}}],"collection":[{"href":"https:\/\/quicosenza.it\/news\/wp-json\/wp\/v2\/posts"}],"about":[{"href":"https:\/\/quicosenza.it\/news\/wp-json\/wp\/v2\/types\/post"}],"author":[{"embeddable":true,"href":"https:\/\/quicosenza.it\/news\/wp-json\/wp\/v2\/users\/42"}],"replies":[{"embeddable":true,"href":"https:\/\/quicosenza.it\/news\/wp-json\/wp\/v2\/comments?post=271274"}],"version-history":[{"count":0,"href":"https:\/\/quicosenza.it\/news\/wp-json\/wp\/v2\/posts\/271274\/revisions"}],"wp:featuredmedia":[{"embeddable":true,"href":"https:\/\/quicosenza.it\/news\/wp-json\/wp\/v2\/media\/271275"}],"wp:attachment":[{"href":"https:\/\/quicosenza.it\/news\/wp-json\/wp\/v2\/media?parent=271274"}],"wp:term":[{"taxonomy":"category","embeddable":true,"href":"https:\/\/quicosenza.it\/news\/wp-json\/wp\/v2\/categories?post=271274"},{"taxonomy":"post_tag","embeddable":true,"href":"https:\/\/quicosenza.it\/news\/wp-json\/wp\/v2\/tags?post=271274"}],"curies":[{"name":"wp","href":"https:\/\/api.w.org\/{rel}","templated":true}]}}