{"id":271276,"date":"2025-09-29T10:03:01","date_gmt":"2025-09-29T08:03:01","guid":{"rendered":"https:\/\/www.quicosenza.it\/news\/?p=271276"},"modified":"2025-09-29T12:23:45","modified_gmt":"2025-09-29T10:23:45","slug":"nuovo-ospedale-ad-arcavacata-roberto-occhiuto-un-cosentino-che-odia-cosenza","status":"publish","type":"post","link":"https:\/\/quicosenza.it\/news\/nuovo-ospedale-ad-arcavacata-roberto-occhiuto-un-cosentino-che-odia-cosenza\/","title":{"rendered":"Nuovo ospedale ad Arcavacata \u00abRoberto Occhiuto: un cosentino che odia Cosenza?\u00bb"},"content":{"rendered":"<p>COSENZA &#8211; La decisione di realizzare il nuovo ospedale di Cosenza ad Arcavacata che &#8220;offre <strong>diverse chiavi di lettura<\/strong>, ma una in particolare si presta a una considerazione feroce quanto veritiera: <strong>Roberto Occhiuto \u00e8 un cosentino che odia Cosenza<\/strong>&#8220;. Ci\u00f2 \u00e8 sembrato emergere sabato scorso, nella sede <strong>dell&#8217;Auser di Cosenza<\/strong>, alla conferenza stampa promossa da Comitato No alla Fusione di Cosenza, Comitato Cosenza &#8211; No alla fusione per una citta policentrica, Cos.S.A &#8211; Cosenza Storica Attiva, Associazione Dossetti &#8211; Prima che tutto crolli e Buongiorno Cosenza, e conclusa dal <a href=\"https:\/\/quicosenza.it\/news\/area-urbana\/cosenza\/cosenza-scippata-del-suo-ospedale-niente-policlinico-solo-nuovo-hub-ad-arcavacata\">sindaco Franz Caruso<\/a>, per denunciare &#8220;il <strong>maldestro tentativo di scippare a Cosenza il suo ospedale&#8221;<\/strong>.<\/p>\n<p>&#8220;Tutti i relatori presenti &#8211; scrivono le associazioni &#8211; hanno evidenziato la violenza dell&#8217;atto, riconducendo la vicenda al nocciolo della questione: un conto \u00e8 un Policlinico universitario di cui v&#8217;\u00e8 necessita, stante la nuova e ben venuta Facolt\u00e0 di Medicina a Arcavacata; altra cosa \u00e8 dare a Cosenza un ospedale hub gi\u00e0 assegnatole con atti dell&#8217;INAIL e dei ministeri competenti (finanziamenti destinati espressamente alla citt\u00e0 capoluogo)&#8221;.<\/p>\n<p>&#8220;Affermare oggi che <strong>spostare l&#8217;ospedale ad Arcavacata \u00e8 una scelta lungimirante<\/strong> \u00e8 nella migliore delle ipotesi una <strong>valutazione superficiale<\/strong>. Anche i bambini sanno che una cosa \u00e8 <strong>l&#8217;ospedale hub a servizio di una intera provincia<\/strong>, altra cosa \u00e8 il policlinico universitario, dove le attivit\u00e0 per forza di cose sono significativamente differenti.\u00a0<strong>Del resto, una cosa non escluderebbe l&#8217;altra<\/strong>. I nostri cugini catanzaresi, pi\u00f9 fortunati di noi perch\u00e9 dispongono di politici pi\u00f9 muscolari e meno genuflessi al potente di turno, hanno l&#8217;ospedale <strong>Pugliese Ciaccio in citt\u00e0 e il policlinico universitario a Germaneto<\/strong>&#8220;.<\/p>\n<p>&#8220;Funzionano entrambi bene, del resto anche il presidente Roberto Occhiuto si \u00e8 fatto operare l\u00ec scegliendosi anche il medico esterno &#8211; alla faccia di chi non pu\u00f2 godere di questi privilegi -, e offrono un&#8217;assistenza sanitaria migliore, questo va detto, rispetto a quella rinvenibile all&#8217;Annunziata di Cosenza e non certo per responsabilit\u00e0 del personale medico e paramedico. Senza contare cosa comporterebbe per l&#8217;economia complessiva della nostra citt\u00e0 la perdita dell&#8217;ospedale e quale colpo mortale sarebbe per il vasto territorio a sud del capoluogo. <strong>Cosenza vivacchia per quattro locali di movida<\/strong>, per qualche attivit\u00e0 professionale, per le scuole che ancora vi insistono e per un commercio che nessuno hai mai tutelato&#8221;.<\/p>\n<p>&#8220;E allora <strong>perch\u00e9 meravigliarsi della scelta di Occhiuto<\/strong>? Anche spostare fuori dalla citt\u00e0 l&#8217;ospedale segue questa logica: Roberto odia Cosenza. Una iperbole? No, una verit\u00e0 se si considerano alcuni fatti decisamente inconfutabili&#8221;.<\/p>\n<p>&#8220;In questi anni di governatorato, <strong>Roberto Occhiuto non ha mai rivolto uno sguardo benevolo verso Cosenza,<\/strong> la citt\u00e0 che gli ha dato i natali e che lo ha eletto consigliere circoscrizionale, consigliere comunale, consigliere regionale, deputato e in ultimo presidente della Regione Calabria. Una vita spesa al servizio della collettivit\u00e0? Mah! Sembrerebbe il contrario. Non lo ha fatto quando ha deciso motu proprio (c&#8217;era lui dietro il disegno di legge presentato da alcuni suoi sodali) di <strong>fondere Cosenza, Rende e Castrolibero<\/strong> senza un preventivo quanto doveroso studio preliminare unitamente a una propedeutica concertazione tra le parti. Un salto nel buio, come \u00e8 stato definito, con il solo scopo di mettere le mani sui territori sui quali aveva da sempre poco appeal. \u00c8 andata a finire come tutti sanno: la <strong>corazzata \u00e8 stata affondata<\/strong>&#8220;.<\/p>\n<h3>Amaco, stadio e ospedali<\/h3>\n<p>&#8220;Non lo ha fatto quando non ha mosso un dito per ci\u00f2 che resta dell&#8217;AMACO, il cui fallimento ha un cognome uguale al suo. Chi sar\u00e0? Non lo ha fatto per lo stadio San Vito-Marulla, non concedendo al comune di Cosenza gli stessi fondi che aveva destinato al &#8220;Militare&#8221; di Catanzaro (12 milioni di euro sic!), al tempo militante in egual categoria.\u00a0Ma \u00e8 sulla Sanit\u00e0 che il presidente e commissario si \u00e8 superato, proseguendo nel solco tracciato da illustri predecessori \u2013 chiusi 18 ospedali &#8211; smantellando quella pubblica e costruendo ponti d&#8217;oro per quella privata. Alla luce di queste poche ma significative considerazioni, si rafforza in noi il sospetto che Occhiuto odi Cosenza. E a voi?&#8221;.<\/p>\n","protected":false},"excerpt":{"rendered":"<p>COSENZA &#8211; La decisione di realizzare il nuovo ospedale di Cosenza ad Arcavacata che &#8220;offre diverse chiavi di lettura, ma una in particolare si presta a una considerazione feroce quanto veritiera: Roberto Occhiuto \u00e8 un cosentino che odia Cosenza&#8220;. Ci\u00f2 \u00e8 sembrato emergere sabato scorso, nella sede dell&#8217;Auser di Cosenza, alla conferenza stampa promossa da [&hellip;]<\/p>\n","protected":false},"author":42,"featured_media":271277,"comment_status":"closed","ping_status":"closed","sticky":false,"template":"","format":"standard","meta":{"_acf_changed":false,"footnotes":"","jetpack_publicize_message":"","jetpack_publicize_feature_enabled":true,"jetpack_social_post_already_shared":false,"jetpack_social_options":{"image_generator_settings":{"template":"highway","default_image_id":0,"font":"","enabled":false},"version":2}},"categories":[563,42],"tags":[19],"class_list":["post-271276","post","type-post","status-publish","format-standard","has-post-thumbnail","hentry","category-area-urbana","category-cosenza","tag-copertina"],"acf":[],"jetpack_publicize_connections":[],"_links":{"self":[{"href":"https:\/\/quicosenza.it\/news\/wp-json\/wp\/v2\/posts\/271276","targetHints":{"allow":["GET"]}}],"collection":[{"href":"https:\/\/quicosenza.it\/news\/wp-json\/wp\/v2\/posts"}],"about":[{"href":"https:\/\/quicosenza.it\/news\/wp-json\/wp\/v2\/types\/post"}],"author":[{"embeddable":true,"href":"https:\/\/quicosenza.it\/news\/wp-json\/wp\/v2\/users\/42"}],"replies":[{"embeddable":true,"href":"https:\/\/quicosenza.it\/news\/wp-json\/wp\/v2\/comments?post=271276"}],"version-history":[{"count":0,"href":"https:\/\/quicosenza.it\/news\/wp-json\/wp\/v2\/posts\/271276\/revisions"}],"wp:featuredmedia":[{"embeddable":true,"href":"https:\/\/quicosenza.it\/news\/wp-json\/wp\/v2\/media\/271277"}],"wp:attachment":[{"href":"https:\/\/quicosenza.it\/news\/wp-json\/wp\/v2\/media?parent=271276"}],"wp:term":[{"taxonomy":"category","embeddable":true,"href":"https:\/\/quicosenza.it\/news\/wp-json\/wp\/v2\/categories?post=271276"},{"taxonomy":"post_tag","embeddable":true,"href":"https:\/\/quicosenza.it\/news\/wp-json\/wp\/v2\/tags?post=271276"}],"curies":[{"name":"wp","href":"https:\/\/api.w.org\/{rel}","templated":true}]}}