{"id":271323,"date":"2025-09-29T17:30:29","date_gmt":"2025-09-29T15:30:29","guid":{"rendered":"https:\/\/www.quicosenza.it\/news\/?p=271323"},"modified":"2025-09-29T14:22:17","modified_gmt":"2025-09-29T12:22:17","slug":"tridico-incontra-gli-studenti-delluniversita-magna-graecia-e-lancia-officina-giovani","status":"publish","type":"post","link":"https:\/\/quicosenza.it\/news\/tridico-incontra-gli-studenti-delluniversita-magna-graecia-e-lancia-officina-giovani\/","title":{"rendered":"Tridico incontra gli studenti dell\u2019Universit\u00e0 Magna Graecia e lancia Officina Giovani"},"content":{"rendered":"<p>CATANZARO &#8211; Il candidato alla presidenza della Regione Calabria per il campo progressista, <strong>Pasquale Tridico,<\/strong> ha incontrato nella giornata di oggi gli studenti dell&#8217;<strong>Universit\u00e0 Magna Graecia di Catanzaro<\/strong> per un confronto aperto su l<strong>avoro, diritto allo studio, sanit\u00e0 e futuro<\/strong> della Calabria. &#8220;Ho ascoltato la voce di tanti ragazzi e ragazze \u2013 ha dichiarato l&#8217;ex presidente dell&#8217;Inps \u2013 e la loro <strong>richiesta \u00e8 chiara<\/strong>: <strong>avere finalmente opportunit\u00e0 reali per restare nella propria terra.<\/strong> Da qui nasce la <strong>mia proposta di creare Officina Giovani,<\/strong> un grande appuntamento regionale che dar\u00e0 avvio a un processo di ascolto costante delle nuove generazioni. Non sar\u00e0 una passerella, ma uno <strong>spazio concreto dove i giovani potranno portare idee e progetti<\/strong> da tradurre in iniziative della Regione&#8221;.<\/p>\n<p>Tridico ha sottolineato come i problemi sollevati dagli studenti confermino la necessit\u00e0 di mettere al centro le nuove generazioni. &#8220;La Calabria deve ripartire da qui: dal coraggio, dalla creativit\u00e0 e dalle competenze dei suoi giovani. Solo cos\u00ec restare diventa una scelta possibile&#8221;.<\/p>\n","protected":false},"excerpt":{"rendered":"<p>CATANZARO &#8211; Il candidato alla presidenza della Regione Calabria per il campo progressista, Pasquale Tridico, ha incontrato nella giornata di oggi gli studenti dell&#8217;Universit\u00e0 Magna Graecia di Catanzaro per un confronto aperto su lavoro, diritto allo studio, sanit\u00e0 e futuro della Calabria. &#8220;Ho ascoltato la voce di tanti ragazzi e ragazze \u2013 ha dichiarato l&#8217;ex [&hellip;]<\/p>\n","protected":false},"author":90,"featured_media":271325,"comment_status":"closed","ping_status":"closed","sticky":false,"template":"","format":"standard","meta":{"_acf_changed":false,"footnotes":"","jetpack_publicize_message":"","jetpack_publicize_feature_enabled":true,"jetpack_social_post_already_shared":false,"jetpack_social_options":{"image_generator_settings":{"template":"highway","default_image_id":0,"font":"","enabled":false},"version":2}},"categories":[17],"tags":[],"class_list":["post-271323","post","type-post","status-publish","format-standard","has-post-thumbnail","hentry","category-calabria"],"acf":[],"jetpack_publicize_connections":[],"_links":{"self":[{"href":"https:\/\/quicosenza.it\/news\/wp-json\/wp\/v2\/posts\/271323","targetHints":{"allow":["GET"]}}],"collection":[{"href":"https:\/\/quicosenza.it\/news\/wp-json\/wp\/v2\/posts"}],"about":[{"href":"https:\/\/quicosenza.it\/news\/wp-json\/wp\/v2\/types\/post"}],"author":[{"embeddable":true,"href":"https:\/\/quicosenza.it\/news\/wp-json\/wp\/v2\/users\/90"}],"replies":[{"embeddable":true,"href":"https:\/\/quicosenza.it\/news\/wp-json\/wp\/v2\/comments?post=271323"}],"version-history":[{"count":0,"href":"https:\/\/quicosenza.it\/news\/wp-json\/wp\/v2\/posts\/271323\/revisions"}],"wp:featuredmedia":[{"embeddable":true,"href":"https:\/\/quicosenza.it\/news\/wp-json\/wp\/v2\/media\/271325"}],"wp:attachment":[{"href":"https:\/\/quicosenza.it\/news\/wp-json\/wp\/v2\/media?parent=271323"}],"wp:term":[{"taxonomy":"category","embeddable":true,"href":"https:\/\/quicosenza.it\/news\/wp-json\/wp\/v2\/categories?post=271323"},{"taxonomy":"post_tag","embeddable":true,"href":"https:\/\/quicosenza.it\/news\/wp-json\/wp\/v2\/tags?post=271323"}],"curies":[{"name":"wp","href":"https:\/\/api.w.org\/{rel}","templated":true}]}}