{"id":271336,"date":"2025-09-29T20:30:17","date_gmt":"2025-09-29T18:30:17","guid":{"rendered":"https:\/\/www.quicosenza.it\/news\/?p=271336"},"modified":"2025-09-29T20:31:20","modified_gmt":"2025-09-29T18:31:20","slug":"pietrapaola-rinnova-ladesione-alla-nuova-provincia-della-sibaritide-pollino-labonia-atto-di-responsabilita","status":"publish","type":"post","link":"https:\/\/quicosenza.it\/news\/pietrapaola-rinnova-ladesione-alla-nuova-provincia-della-sibaritide-pollino-labonia-atto-di-responsabilita\/","title":{"rendered":"Pietrapaola rinnova l&#8217;adesione alla nuova Provincia della Sibaritide-Pollino. Labonia: \u00abAtto di responsabilit\u00e0\u00bb"},"content":{"rendered":"<p>PIETRAPAOLA (CS) \u2013 Trentasei anni dopo il primo s\u00ec, <strong>Pietrapaola<\/strong> torna a scrivere una pagina di storia di autodeterminazione. Con una nuova delibera, infatti, il Comune <strong>rinnova<\/strong> la propria <strong>adesione al progetto della nuova Provincia della Sibaritide-Pollino,<\/strong> &#8220;un sogno antico che oggi diventa ancora pi\u00f9 urgente: dare forza e autonomia a un territorio che non si rassegna a restare periferia&#8221;. \u00c8 quanto fa sapere il sindaco <strong>Manuela Labonia,<\/strong> sottolineando come la <strong>nascita della nuova Provincia<\/strong> non sia soltanto un tema di confini o di burocrazia ma &#8220;un<strong> atto di responsabilit\u00e0 verso i nostri cittadini<\/strong>&#8220;.<\/p>\n<p>&#8220;Le Province \u2013 aggiunge il primo cittadino &#8211; hanno competenze fondamentali, dalla tutela ambientale alla viabilit\u00e0, dai trasporti alla valorizzazione dei beni culturali, fino al coordinamento delle attivit\u00e0 economiche e alla gestione degli investimenti. Una <strong>nuova circoscrizione provinciale<\/strong> significa, pertanto, poter <strong>meglio rispondere alle esigenze territoriali,<\/strong> ottimizzare le risorse e rendere pi\u00f9 vicina e concreta la presenza delle istituzioni. \u00c8 questa la vera sfida: trasformare l\u2019autonomia in occasione sviluppo affinch\u00e9 nessuno resti pi\u00f9 indietro&#8221;.<\/p>\n<p>Un percorso lungo ma concreto costruito grazie anche alla collaborazione con l\u2019<strong>amministrazione comunale di Corigliano-Rossano<\/strong> e del presidente della Commissione speciale per l\u2019Autonomia locale della Sibaritide-Pollino, <strong>Antonio Uva.<\/strong> &#8220;Con la delibera approvata \u2013 prosegue la sindaca \u2013confermiamo una volont\u00e0 gi\u00e0 espressa dal nostro Consiglio comunale nel lontano gennaio 1989, <strong>rafforzando il fronte dei 42 comuni che credono in questo progetto in una visione che guarda al futuro&#8221;.<\/strong><\/p>\n<h3>Una scelta che punta al ripristino delle province<\/h3>\n<p>Intanto, \u00e8 gi\u00e0 stata convocata per domani, marted\u00ec 30 settembre, la nuova seduta della Commissione consiliare del Comune di Corigliano-Rossano, con all\u2019ordine del giorno la comunicazione ufficiale sugli sviluppi istituzionali. &#8220;Quella della nostra Giunta comunale \u2013 conclude Labonia \u2013 \u00e8 una scelta che guarda al futuro nell\u2019ottica anche di un <strong>ritorno alle Province allo status quo ante Riforma Del Rio.<\/strong> E quindi con un <strong>governo diretto dei territori<\/strong> e soprattutto una <strong>partecipazione democratica vera,<\/strong> confortata dal consenso elettorale dei cittadini, per su una governance che conosce i bisogni reali della gente e che pu\u00f2 trasformare le nostre ricchezze in opportunit\u00e0 concrete. Insomma, giochiamo solo d\u2019anticipo&#8221;.<\/p>\n","protected":false},"excerpt":{"rendered":"<p>PIETRAPAOLA (CS) \u2013 Trentasei anni dopo il primo s\u00ec, Pietrapaola torna a scrivere una pagina di storia di autodeterminazione. Con una nuova delibera, infatti, il Comune rinnova la propria adesione al progetto della nuova Provincia della Sibaritide-Pollino, &#8220;un sogno antico che oggi diventa ancora pi\u00f9 urgente: dare forza e autonomia a un territorio che non [&hellip;]<\/p>\n","protected":false},"author":90,"featured_media":271339,"comment_status":"closed","ping_status":"closed","sticky":false,"template":"","format":"standard","meta":{"_acf_changed":false,"footnotes":"","jetpack_publicize_message":"","jetpack_publicize_feature_enabled":true,"jetpack_social_post_already_shared":false,"jetpack_social_options":{"image_generator_settings":{"template":"highway","default_image_id":0,"font":"","enabled":false},"version":2}},"categories":[572],"tags":[],"class_list":["post-271336","post","type-post","status-publish","format-standard","has-post-thumbnail","hentry","category-ionio"],"acf":[],"jetpack_publicize_connections":[],"_links":{"self":[{"href":"https:\/\/quicosenza.it\/news\/wp-json\/wp\/v2\/posts\/271336","targetHints":{"allow":["GET"]}}],"collection":[{"href":"https:\/\/quicosenza.it\/news\/wp-json\/wp\/v2\/posts"}],"about":[{"href":"https:\/\/quicosenza.it\/news\/wp-json\/wp\/v2\/types\/post"}],"author":[{"embeddable":true,"href":"https:\/\/quicosenza.it\/news\/wp-json\/wp\/v2\/users\/90"}],"replies":[{"embeddable":true,"href":"https:\/\/quicosenza.it\/news\/wp-json\/wp\/v2\/comments?post=271336"}],"version-history":[{"count":0,"href":"https:\/\/quicosenza.it\/news\/wp-json\/wp\/v2\/posts\/271336\/revisions"}],"wp:featuredmedia":[{"embeddable":true,"href":"https:\/\/quicosenza.it\/news\/wp-json\/wp\/v2\/media\/271339"}],"wp:attachment":[{"href":"https:\/\/quicosenza.it\/news\/wp-json\/wp\/v2\/media?parent=271336"}],"wp:term":[{"taxonomy":"category","embeddable":true,"href":"https:\/\/quicosenza.it\/news\/wp-json\/wp\/v2\/categories?post=271336"},{"taxonomy":"post_tag","embeddable":true,"href":"https:\/\/quicosenza.it\/news\/wp-json\/wp\/v2\/tags?post=271336"}],"curies":[{"name":"wp","href":"https:\/\/api.w.org\/{rel}","templated":true}]}}