{"id":271364,"date":"2025-09-29T19:43:24","date_gmt":"2025-09-29T17:43:24","guid":{"rendered":"https:\/\/www.quicosenza.it\/news\/?p=271364"},"modified":"2025-09-29T19:43:24","modified_gmt":"2025-09-29T17:43:24","slug":"tridico-e-occhiuto-al-confronto-di-legambiente-rifiuti-e-energie-rinnovabili-accendono-la-campagna-elettorale","status":"publish","type":"post","link":"https:\/\/quicosenza.it\/news\/tridico-e-occhiuto-al-confronto-di-legambiente-rifiuti-e-energie-rinnovabili-accendono-la-campagna-elettorale\/","title":{"rendered":"Tridico e Occhiuto al confronto di Legambiente: rifiuti e energie rinnovabili accendono la campagna elettorale"},"content":{"rendered":"<p>CATANZARO &#8211; Lotta ai cambiamenti climatici, tutela del territorio, gestione dei rifiuti e valorizzazione del patrimonio naturale sono alcuni dei temi posti al centro del confronto che <strong>Legambiente ha organizzato questo pomeriggio tra due candidati alla presidenza della Regione Calabria<\/strong>: il governatore uscente <strong>Roberto Occhiuto<\/strong>, sostenuto dalla coalizione di centrodestra, e l&#8217;europarlamentare <strong>Pasquale Tridico<\/strong> per il fronte progressista.<\/p>\n<p>&#8220;Approfittiamo per confrontarci con i candidati governatori &#8211; ha detto il <strong>presidente nazionale Legambiente Stefano Ciafani<\/strong> -. Avanziamo le nostre proposte al centro delle politiche internazionali a partire dalla lotta alla crisi climatica e quindi come ridurre le emissioni e come adattarsi in una delle regioni che da decenni vive il rischio idrogeologico con eventi estremi sempre pi\u00f9 intensi e frequenti, su come migliorare la gestione dei rifiuti&#8221;.<\/p>\n<h3><strong>Tridico attacca sui rifiuti, Occhiuto si difende<\/strong><\/h3>\n<p>Ed \u00e8 proprio sulla questione del <strong>trattamento e smaltimento dei rifiuti<\/strong> che si sono incrociate le due opposte visione dei candidati. <strong>Tridico ha contestato al governatore uscente l&#8217;incapacit\u00e0 &#8220;di costruire un sistema di impiantistica pubblica.<\/strong> Siamo completamente in mano ai privati, con un costo del 35% superiore all&#8217;uso di impianti pubblici che, al contrario, comporterebbe una riduzione delle tariffe&#8221;. <strong>Occhiuto ha obiettato<\/strong> che <strong>&#8220;abbiamo ridotto la presenza dei privati nel sistema dei rifiuti,<\/strong> soprattutto laddove la presenza dei privati ha profili pi\u00f9 complicati per la legalit\u00e0. In Calabria oggi tutto si smaltisce in discariche pubbliche e l&#8217;obiettivo \u00e8 di arrivare a zero discariche&#8221;. Sempre sul fronte dei rifiuti Tridico ha quindi ricordato la presenza della <strong>discarica di Scala Coeli e di San Giovanni in Fiore<\/strong>: &#8220;Quella di Scala Coeli ha avuto un riversamento di percolato nel mar Ionio, dobbiamo chiuderla e non \u00e8 ancora chiusa&#8221;. A questa accusa il presidente uscente ha evidenziato come &#8220;la discarica in questo momento non funziona perch\u00e9 l&#8217;autorizzazione \u00e8 stata sospesa. L&#8217;autorizzazione non \u00e8 revocata in attesa che finisca il suo lavoro la magistratura&#8221;.<\/p>\n<p><strong>Altro fronte caldo durante il confronto \u00e8 stato quello relativo alle energie rinnovabili.<\/strong> In sala si \u00e8 registrata la contestazione da parte dell&#8217;associazione Controvento che ha rivendicato la raccolta di 15mila firma contrarie alla realizzazione di nuovi impianti. <strong>Tridico ha citato a modello la Sardegna<\/strong> che ha molto ridotto le aree idonee alla realizzazione di nuovi impianti e si \u00e8 detto favorevole al fotovoltaico &#8220;per il recupero delle aree industriali o dismesse con un impatto ambientale ridotto&#8221;. Sull&#8217;eolico ha aggiunto che c&#8217;\u00e8 &#8220;stata una speculazione&#8221; mancando &#8220;un piano programmatico adeguato&#8221;. <strong>Occhiuto ha ribattuto di non essere d&#8217;accordo con il modello Sardegna<\/strong> &#8220;che ha di fatto bloccato tutto. S\u00ec al fotovoltaico ma con una priorit\u00e0 sui tetti, sui capannoni, sulle cave, sulle aree dismesse. Sull&#8217;eolico off-shore non ho alcun pregiudizio, ha un rendimento maggiore rispetto all&#8217;on shore che non mi piace, non mi piacciono le pale eoliche cos\u00ec diffuse in Calabria&#8221;.<\/p>\n","protected":false},"excerpt":{"rendered":"<p>CATANZARO &#8211; Lotta ai cambiamenti climatici, tutela del territorio, gestione dei rifiuti e valorizzazione del patrimonio naturale sono alcuni dei temi posti al centro del confronto che Legambiente ha organizzato questo pomeriggio tra due candidati alla presidenza della Regione Calabria: il governatore uscente Roberto Occhiuto, sostenuto dalla coalizione di centrodestra, e l&#8217;europarlamentare Pasquale Tridico per [&hellip;]<\/p>\n","protected":false},"author":58,"featured_media":271365,"comment_status":"closed","ping_status":"closed","sticky":false,"template":"","format":"standard","meta":{"_acf_changed":false,"footnotes":"","jetpack_publicize_message":"","jetpack_publicize_feature_enabled":true,"jetpack_social_post_already_shared":false,"jetpack_social_options":{"image_generator_settings":{"template":"highway","default_image_id":0,"font":"","enabled":false},"version":2}},"categories":[17],"tags":[19],"class_list":["post-271364","post","type-post","status-publish","format-standard","has-post-thumbnail","hentry","category-calabria","tag-copertina"],"acf":[],"jetpack_publicize_connections":[],"_links":{"self":[{"href":"https:\/\/quicosenza.it\/news\/wp-json\/wp\/v2\/posts\/271364","targetHints":{"allow":["GET"]}}],"collection":[{"href":"https:\/\/quicosenza.it\/news\/wp-json\/wp\/v2\/posts"}],"about":[{"href":"https:\/\/quicosenza.it\/news\/wp-json\/wp\/v2\/types\/post"}],"author":[{"embeddable":true,"href":"https:\/\/quicosenza.it\/news\/wp-json\/wp\/v2\/users\/58"}],"replies":[{"embeddable":true,"href":"https:\/\/quicosenza.it\/news\/wp-json\/wp\/v2\/comments?post=271364"}],"version-history":[{"count":0,"href":"https:\/\/quicosenza.it\/news\/wp-json\/wp\/v2\/posts\/271364\/revisions"}],"wp:featuredmedia":[{"embeddable":true,"href":"https:\/\/quicosenza.it\/news\/wp-json\/wp\/v2\/media\/271365"}],"wp:attachment":[{"href":"https:\/\/quicosenza.it\/news\/wp-json\/wp\/v2\/media?parent=271364"}],"wp:term":[{"taxonomy":"category","embeddable":true,"href":"https:\/\/quicosenza.it\/news\/wp-json\/wp\/v2\/categories?post=271364"},{"taxonomy":"post_tag","embeddable":true,"href":"https:\/\/quicosenza.it\/news\/wp-json\/wp\/v2\/tags?post=271364"}],"curies":[{"name":"wp","href":"https:\/\/api.w.org\/{rel}","templated":true}]}}