{"id":271373,"date":"2025-09-29T22:00:18","date_gmt":"2025-09-29T20:00:18","guid":{"rendered":"https:\/\/www.quicosenza.it\/news\/?p=271373"},"modified":"2025-09-29T20:30:52","modified_gmt":"2025-09-29T18:30:52","slug":"voto-archiviato-nelle-marche-e-rush-finale-per-la-calabria-tutti-i-big-scendono-in-campo","status":"publish","type":"post","link":"https:\/\/quicosenza.it\/news\/voto-archiviato-nelle-marche-e-rush-finale-per-la-calabria-tutti-i-big-scendono-in-campo\/","title":{"rendered":"Voto archiviato nelle Marche, \u00e8 rush finale per la Calabria: tutti i big scendono in campo"},"content":{"rendered":"<p><strong>COSENZA &#8211; Archiviate le elezioni regionali nelle Marche con la conferma del governatore uscente Francesco Acquaroli del centrodestra,<\/strong> <strong>i big della politica danno il via al rush finale per la Calabria dove si voter\u00e0 domenica e luned\u00ec 5 e 6 ottobre<\/strong>. Una volata che vedr\u00e0, nei prossimi quattro giorni, impegnati tutti i leader nazionali delle forze in campo. A dare il l\u00e0 alla contesa <strong>la premier Giorgia Meloni che domani alle 16 sar\u00e0 a Lamezia Terme<\/strong> per una iniziativa elettorale con i due vice Matteo Salvini e Antonio Tajani oltre ai segretari di Noi Moderati Maurizio Lupi, dell&#8217;Udc Antonio De Poli e della presidente di Sud chiama Nord Laura Castelli. Con loro, naturalmente, Roberto Occhiuto. Salvini si sposter\u00e0 poi in serata a Rose (Cosenza) dove alle 20 incontra gli esponenti della Lega.<\/p>\n<p>E cos\u00ec come accaduto nelle Marche, in concomitanza col centrodestra e in una sorta di confronto a distanza, scende <strong>in Calabria anche la segretaria Dem Elly Schlein<\/strong> che sempre domani, marted\u00ec 30 settembre, sar\u00e0 a Crotone a sostegno del candidato del campo progressista Pasquale Tridico. Insieme a lei, ma in luoghi diversi, anche i vertici di Avs. Angelo Bonelli arriva alle 17.30 a Cosenza per poi spostarsi nella vicina Paola, sul tirreno Cosentino; Nicola Fratoianni sar\u00e0 invece alle 19 a Catanzaro.<\/p>\n<p><strong>Mercoled\u00ec 1 ottobre,<\/strong> <strong>il leader della Lega prosegue il suo tour in Calabria<\/strong> partendo alle 9 da Trebisacce per passare a Cosenza alle 11 e poi trasferirsi a Paola. Nel pomeriggio \u00e8 prevista anche una tappa nel catanzarese, a Sellia Marina. Sempre per il centrodestra il ministro per lo sport Andrea Abodi alle 12 sar\u00e0 a Rende (Cosenza) ed alle 15.30 a Crotone. A Rende, all&#8217;Universit\u00e0 della Calabria, alle 11, \u00e8 data la presenza del leader 5 Stelle Giuseppe Conte che poi dovrebbe proseguire il suo giro in alcune citt\u00e0 del cosentino.<\/p>\n<p><strong>Il 2 ottobre sar\u00e0 il ministro dell&#8217;Agricoltura Francesco Lollobrigida<\/strong> a rappresentare il centrodestra nelle ultime fasi della campagna elettorale partecipando ad un incontro, alle 16.30, a Soverato, sulla costa ionica catanzarese. Lo stesso giorno, secondo i bene informati, il campo progressista si presenter\u00e0 unito con<strong> Elly Schlein, Giuseppe Conte, Nicola Fratoianni e Angelo Bonelli,<\/strong> dati a Reggio Calabria alle 19. Gli stessi, il giorno successivo, dovrebbero chiudere la campagna elettorale a sostegno di Tridico, con tre iniziative: a Villa San Giovanni alle 11, a Lamezia Terme alle 16 e a Corigliano-Rossano alle 19. Al momento, per\u00f2, non sembra ancora certa la presenza contemporanea dei quattro leader a tutte le <strong>manifestazioni.<\/strong><\/p>\n<p><strong>Sul fronte opposto, la giornata sar\u00e0 aperta da Arianna Meloni,<\/strong> capo della segreteria politica di Fratelli d&#8217;Italia, che parteciper\u00e0 ad una manifestazione elettorale Vibo Valentia (11.30) per poi spostarsi a Catanzaro alle 16. Anche la Lega sar\u00e0 presente in Calabra per la chiusura della campagna elettorale, <strong>con il leader Salvini<\/strong>, il generale Roberto Vannacci ed il vicesegretario del Carroccio Claudio Duigon che saranno a Reggio Calabria alle 18.<br \/>\nRestano da definire gli impegni calabresi di Tajani e di Forza Italia, partito del governatore uscente. Al termine di questo rush finale, sabato silenzio elettorale e da domenica mattina la parola passa agli elettori.<\/p>\n","protected":false},"excerpt":{"rendered":"<p>COSENZA &#8211; Archiviate le elezioni regionali nelle Marche con la conferma del governatore uscente Francesco Acquaroli del centrodestra, i big della politica danno il via al rush finale per la Calabria dove si voter\u00e0 domenica e luned\u00ec 5 e 6 ottobre. Una volata che vedr\u00e0, nei prossimi quattro giorni, impegnati tutti i leader nazionali delle [&hellip;]<\/p>\n","protected":false},"author":58,"featured_media":271286,"comment_status":"closed","ping_status":"closed","sticky":false,"template":"","format":"standard","meta":{"_acf_changed":false,"footnotes":"","jetpack_publicize_message":"","jetpack_publicize_feature_enabled":true,"jetpack_social_post_already_shared":false,"jetpack_social_options":{"image_generator_settings":{"template":"highway","default_image_id":0,"font":"","enabled":false},"version":2}},"categories":[17],"tags":[19],"class_list":["post-271373","post","type-post","status-publish","format-standard","has-post-thumbnail","hentry","category-calabria","tag-copertina"],"acf":[],"jetpack_publicize_connections":[],"_links":{"self":[{"href":"https:\/\/quicosenza.it\/news\/wp-json\/wp\/v2\/posts\/271373","targetHints":{"allow":["GET"]}}],"collection":[{"href":"https:\/\/quicosenza.it\/news\/wp-json\/wp\/v2\/posts"}],"about":[{"href":"https:\/\/quicosenza.it\/news\/wp-json\/wp\/v2\/types\/post"}],"author":[{"embeddable":true,"href":"https:\/\/quicosenza.it\/news\/wp-json\/wp\/v2\/users\/58"}],"replies":[{"embeddable":true,"href":"https:\/\/quicosenza.it\/news\/wp-json\/wp\/v2\/comments?post=271373"}],"version-history":[{"count":0,"href":"https:\/\/quicosenza.it\/news\/wp-json\/wp\/v2\/posts\/271373\/revisions"}],"wp:featuredmedia":[{"embeddable":true,"href":"https:\/\/quicosenza.it\/news\/wp-json\/wp\/v2\/media\/271286"}],"wp:attachment":[{"href":"https:\/\/quicosenza.it\/news\/wp-json\/wp\/v2\/media?parent=271373"}],"wp:term":[{"taxonomy":"category","embeddable":true,"href":"https:\/\/quicosenza.it\/news\/wp-json\/wp\/v2\/categories?post=271373"},{"taxonomy":"post_tag","embeddable":true,"href":"https:\/\/quicosenza.it\/news\/wp-json\/wp\/v2\/tags?post=271373"}],"curies":[{"name":"wp","href":"https:\/\/api.w.org\/{rel}","templated":true}]}}