{"id":271470,"date":"2025-09-30T15:22:16","date_gmt":"2025-09-30T13:22:16","guid":{"rendered":"https:\/\/www.quicosenza.it\/news\/?p=271470"},"modified":"2025-09-30T15:22:16","modified_gmt":"2025-09-30T13:22:16","slug":"tridico-occhiuto-e-meloni-hanno-lasciato-cutro-e-la-calabria-senza-risposte","status":"publish","type":"post","link":"https:\/\/quicosenza.it\/news\/tridico-occhiuto-e-meloni-hanno-lasciato-cutro-e-la-calabria-senza-risposte\/","title":{"rendered":"Tridico: \u00abOcchiuto e Meloni hanno lasciato Cutro e la Calabria senza risposte\u00bb"},"content":{"rendered":"<p>CUTRO (KR) &#8211; \u00abOggi sono stato a <strong>Steccato di Cutro<\/strong>. Qui il mare ci ha consegnato una delle pagine pi\u00f9 dolorose della nostra storia recente. Non solo un naufragio che ha portato via decine di vite innocenti, ma il <strong>simbolo di una politica assente,<\/strong> incapace di assumersi responsabilit\u00e0 che ancora oggi pesano sulla Calabria\u00bb. Cos\u00ec<strong> Pasquale Tridico, candidato alla presidenza della Regione Calabria per il campo progressista<\/strong>. \u00abUna comunit\u00e0 cresce solo se riesce a dare fiducia nel futuro. E la fiducia si costruisce garantendo dignit\u00e0 al lavoro, diritto all&#8217;istruzione, servizi che funzionano davvero, sostegno alle famiglie e opportunit\u00e0 concrete per i giovani. Se tutto questo manca, i nostri ragazzi e tante famiglie continueranno a partire, costrette a cercare altrove quello che qui non trovano. Il governo Meloni, dopo le passerelle e le promesse, ha lasciato Cutro e la Calabria senza risposte e senza impegni concreti. La Calabria non pu\u00f2 rassegnarsi a questo destino. Da qui deve nascere una <strong>nuova stagione di riscatto, che parta dagli ultimi e dai pi\u00f9 fragili<\/strong> e che dia a tutti la possibilit\u00e0 di guardare avanti con fiducia\u00bb.<\/p>\n","protected":false},"excerpt":{"rendered":"<p>CUTRO (KR) &#8211; \u00abOggi sono stato a Steccato di Cutro. Qui il mare ci ha consegnato una delle pagine pi\u00f9 dolorose della nostra storia recente. Non solo un naufragio che ha portato via decine di vite innocenti, ma il simbolo di una politica assente, incapace di assumersi responsabilit\u00e0 che ancora oggi pesano sulla Calabria\u00bb. Cos\u00ec [&hellip;]<\/p>\n","protected":false},"author":58,"featured_media":271471,"comment_status":"closed","ping_status":"closed","sticky":false,"template":"","format":"standard","meta":{"_acf_changed":false,"footnotes":"","jetpack_publicize_message":"","jetpack_publicize_feature_enabled":true,"jetpack_social_post_already_shared":false,"jetpack_social_options":{"image_generator_settings":{"template":"highway","default_image_id":0,"font":"","enabled":false},"version":2}},"categories":[17],"tags":[19],"class_list":["post-271470","post","type-post","status-publish","format-standard","has-post-thumbnail","hentry","category-calabria","tag-copertina"],"acf":[],"jetpack_publicize_connections":[],"_links":{"self":[{"href":"https:\/\/quicosenza.it\/news\/wp-json\/wp\/v2\/posts\/271470","targetHints":{"allow":["GET"]}}],"collection":[{"href":"https:\/\/quicosenza.it\/news\/wp-json\/wp\/v2\/posts"}],"about":[{"href":"https:\/\/quicosenza.it\/news\/wp-json\/wp\/v2\/types\/post"}],"author":[{"embeddable":true,"href":"https:\/\/quicosenza.it\/news\/wp-json\/wp\/v2\/users\/58"}],"replies":[{"embeddable":true,"href":"https:\/\/quicosenza.it\/news\/wp-json\/wp\/v2\/comments?post=271470"}],"version-history":[{"count":0,"href":"https:\/\/quicosenza.it\/news\/wp-json\/wp\/v2\/posts\/271470\/revisions"}],"wp:featuredmedia":[{"embeddable":true,"href":"https:\/\/quicosenza.it\/news\/wp-json\/wp\/v2\/media\/271471"}],"wp:attachment":[{"href":"https:\/\/quicosenza.it\/news\/wp-json\/wp\/v2\/media?parent=271470"}],"wp:term":[{"taxonomy":"category","embeddable":true,"href":"https:\/\/quicosenza.it\/news\/wp-json\/wp\/v2\/categories?post=271470"},{"taxonomy":"post_tag","embeddable":true,"href":"https:\/\/quicosenza.it\/news\/wp-json\/wp\/v2\/tags?post=271470"}],"curies":[{"name":"wp","href":"https:\/\/api.w.org\/{rel}","templated":true}]}}