{"id":271485,"date":"2025-09-30T18:50:45","date_gmt":"2025-09-30T16:50:45","guid":{"rendered":"https:\/\/www.quicosenza.it\/news\/?p=271485"},"modified":"2025-09-30T19:06:22","modified_gmt":"2025-09-30T17:06:22","slug":"giorgia-meloni-spinge-occhiuto-e-attacca-la-sinistra-no-alla-paghetta-di-stato-la-calabria-vuole-competere","status":"publish","type":"post","link":"https:\/\/quicosenza.it\/news\/giorgia-meloni-spinge-occhiuto-e-attacca-la-sinistra-no-alla-paghetta-di-stato-la-calabria-vuole-competere\/","title":{"rendered":"Giorgia Meloni spinge Occhiuto e attacca la sinistra: &#8220;No alla paghetta di Stato, la Calabria vuole competere&#8221;"},"content":{"rendered":"<p>LAMEZIA TERME (CZ) &#8211; Dopo il successo nelle Marche<strong> il centrodestra \u00e8 pronto a fare il bis anche in Calabria<\/strong>, dove domenica e luned\u00ec si torner\u00e0 alle urne per eleggere il prossimo presidente della Regione. Ne sono convinti<strong> la premier Giorgia Meloni<\/strong>, il leader di Forza Italia e ministro degli esteri <strong>Antonio Tajani<\/strong> e il segretario della Lega, vicepremier e ministro delle infrastrutture <strong>Matteo Salvini<\/strong>, arrivati oggi a Lamezia per un <strong>comizio a sostegno di Roberto Occhiuto,<\/strong> presidente dimissionario e ricandidato per la colazione di centrodestra.<\/p>\n<p>Con Loro anche<strong> Maurizio Lupi<\/strong>, leader di Noi Moderati, il senatore e segretario dell&#8217;UDC<strong>\u00a0Antonio De Poli<\/strong> e <strong>Laura Castelli<\/strong> di &#8220;Sud Chiama Nord&#8221; fondato da Cateno de Luca e tutti i principali esponenti locali dei partiti della coalizione con i candidati.<\/p>\n<p><img loading=\"lazy\" decoding=\"async\" class=\"wp-image-271510 aligncenter\" src=\"https:\/\/quicosenza.it\/news\/wp-content\/uploads\/2025\/09\/Centrodestra.jpg\" alt=\"\" width=\"567\" height=\"324\" title=\"\" srcset=\"https:\/\/quicosenza.it\/news\/wp-content\/uploads\/2025\/09\/Centrodestra.jpg 970w, https:\/\/quicosenza.it\/news\/wp-content\/uploads\/2025\/09\/Centrodestra-300x171.jpg 300w, https:\/\/quicosenza.it\/news\/wp-content\/uploads\/2025\/09\/Centrodestra-768x439.jpg 768w, https:\/\/quicosenza.it\/news\/wp-content\/uploads\/2025\/09\/Centrodestra-735x420.jpg 735w, https:\/\/quicosenza.it\/news\/wp-content\/uploads\/2025\/09\/Centrodestra-150x86.jpg 150w, https:\/\/quicosenza.it\/news\/wp-content\/uploads\/2025\/09\/Centrodestra-696x398.jpg 696w\" sizes=\"auto, (max-width: 567px) 100vw, 567px\" \/><\/p>\n<h3>Continuare il lavoro di Occhiuto iniziato nel solco di Jole Santelli<\/h3>\n<p>Sul <strong>palco di Corso Numistrano<\/strong>, strapieno di persone, l&#8217;attesa era tutta per la leader di Fratelli d&#8217;Italia e premier<strong> Giorgia Meloni<\/strong> &#8220;s<em>iete splendidi, siete una piazza meravigliosa&#8221;<\/em>. Poi inizia il suo discorso &#8220;<em><strong>Sono solo i cittadini che possono dirci di andare a casa<\/strong>.<\/em> Siamo<em> o<strong>rgogliosi di essere qui per Roberto Occhiuto e continuare il lavoro iniziato nel solco di Jole Santelli<\/strong> che manca a tutti. Sono orgogliosa della squadra che governa questa regione e questa nazione. Siamo insieme a combattere una battaglia comune e vincere come abbiamo fatto nelle Marche dove i cittadini hanno riconfermato il governatore Acquaroli<\/em>&#8220;.<\/p>\n<h3>Cittadini guardano la lavoro, ai risultati, alla concretezza<\/h3>\n<p>&#8220;<strong><em>I cittadini guardano la lavoro, ai risultati, alla concretezza<\/em><\/strong><em> di chi governa e non si fanno ammaliare da fumo negli occhi o da chi diceva &#8216;<strong>vota il PD nelle Marche e avrai lo Stato in Palestina&#8217;<\/strong>. I marchigiani hanno capito di quanto<strong> quella mossa fosse disperata e hanno premiato il buon governo<\/strong> bocciando l&#8217;<strong>alleanza innaturale del campo largo<\/strong> e di chi sfrutta le tragedie per raggranellare qualche voto e non guardando i risultati il lavoro come ha fatto Occhiuto qui in Calabria<\/em>&#8220;.<\/p>\n<p><img loading=\"lazy\" decoding=\"async\" class=\"wp-image-271511 aligncenter\" src=\"https:\/\/quicosenza.it\/news\/wp-content\/uploads\/2025\/09\/Giorgia.jpg\" alt=\"\" width=\"544\" height=\"312\" title=\"\" srcset=\"https:\/\/quicosenza.it\/news\/wp-content\/uploads\/2025\/09\/Giorgia.jpg 912w, https:\/\/quicosenza.it\/news\/wp-content\/uploads\/2025\/09\/Giorgia-300x172.jpg 300w, https:\/\/quicosenza.it\/news\/wp-content\/uploads\/2025\/09\/Giorgia-768x440.jpg 768w, https:\/\/quicosenza.it\/news\/wp-content\/uploads\/2025\/09\/Giorgia-732x420.jpg 732w, https:\/\/quicosenza.it\/news\/wp-content\/uploads\/2025\/09\/Giorgia-150x86.jpg 150w, https:\/\/quicosenza.it\/news\/wp-content\/uploads\/2025\/09\/Giorgia-696x399.jpg 696w\" sizes=\"auto, (max-width: 544px) 100vw, 544px\" \/><\/p>\n<h3>In troppi voglio avvelenare il dibattito pubblico<\/h3>\n<p>&#8220;<em>Il mondo non trova pace, la guerra soffia sulla paura, odio e violenza hanno spesso il sopravvento. <strong>Crescono quelli che sembrano voler avvelenare il dibattito pubblico, le parole pesano, possono diventare brodo di cultura per le frange pi\u00f9 violente <\/strong>e lo abbiamo vissuto in passato passato non permetteremo che accada di nuovo. <strong>Noi conduciamo dibattito politico sapendo che dall&#8217;altra parte c&#8217;\u00e8 un avversario, non un nemico da abbattere<\/strong>. Questo privilegio lo lasciamo agli altri<\/em>&#8221;<\/p>\n<h3>Oggi come ieri la vostra fiducia non sar\u00e0 tradita<\/h3>\n<p>&#8220;<em>La maggioranza silenziosa ci chiede di andare<strong> avanti, di non mollare e fare del bene per questa regione<\/strong>. Grazie ai calabresi che hanno fiducia in noi. <strong>Oggi come ieri quella fiducia non verr\u00e0 mai tradita.<\/strong> \u00c8 un&#8217;altra Italia quella che oggi viene rappresentata al mondo e solo grazie a voi che mi date la capacit\u00e0 di camminare a testa alta nel mondo perch\u00e8 io rappresento l&#8217;Italia&#8221;<\/em>.<\/p>\n<h3>La sinistra che ha spaccato l&#8217;Italia dandovi la paghetta di Stato<\/h3>\n<p>&#8220;<em>Questa <strong>terra non chiede di essere mantenuta dalla politica ma messa dalla politica di poter competere<\/strong> e dimostrare il suo valore. <strong>Dicevano che avremmo spaccato l&#8217;Italia in due<\/strong> come se prima fosse davvero unita quando c&#8217;erano loro. Invece <strong>il Sud \u00e8 locomotiva d&#8217;Italia<\/strong>. La sinistra &#8211;<\/em> \u00e8 andata all&#8217;attacco la leader di Fdi &#8211;<em><strong> con la sua mentalit\u00e0 ha voluto dividere l&#8217;Italia in due<\/strong>&#8221; proponendo <strong>come unica soluzione la paghetta di Stato&#8221;<\/strong>.<\/em><\/p>\n<p><img loading=\"lazy\" decoding=\"async\" class=\"wp-image-271505 aligncenter\" src=\"https:\/\/quicosenza.it\/news\/wp-content\/uploads\/2025\/09\/Meloni-a-Lamezia.jpg\" alt=\"\" width=\"521\" height=\"347\" title=\"\" srcset=\"https:\/\/quicosenza.it\/news\/wp-content\/uploads\/2025\/09\/Meloni-a-Lamezia.jpg 970w, https:\/\/quicosenza.it\/news\/wp-content\/uploads\/2025\/09\/Meloni-a-Lamezia-300x200.jpg 300w, https:\/\/quicosenza.it\/news\/wp-content\/uploads\/2025\/09\/Meloni-a-Lamezia-768x511.jpg 768w, https:\/\/quicosenza.it\/news\/wp-content\/uploads\/2025\/09\/Meloni-a-Lamezia-631x420.jpg 631w, https:\/\/quicosenza.it\/news\/wp-content\/uploads\/2025\/09\/Meloni-a-Lamezia-150x100.jpg 150w, https:\/\/quicosenza.it\/news\/wp-content\/uploads\/2025\/09\/Meloni-a-Lamezia-696x464.jpg 696w\" sizes=\"auto, (max-width: 521px) 100vw, 521px\" \/><\/p>\n<h3>&#8220;Governi pi\u00f9 lunghi sono di centrodestra, c&#8217;\u00e8 visione&#8221;<\/h3>\n<p><em>&#8220;Quando arrivati al governo &#8211;<\/em> ha detto la Meloni &#8211; <em><strong>dicevano che cadevamo dopo 6 mesi e siamo il quarto governo su 68 per longevit\u00e0<\/strong> e quando arriveremo ad essere il terzo, tra poco, la sinistra scoprir\u00e0 che i tre governi pi\u00f9 lunghi sono di centrodestra. <strong>Ed \u00e8 naturale che sono di centrodestra perch\u00e9 solo noi possiamo dare stabilit\u00e0,<\/strong> perch\u00e9 <strong>stiamo insieme non per sconfiggere gli altri che detestiamo&#8221;<\/strong>. <\/em><\/p>\n<p><em>&#8220;Stiamo insieme perch\u00e9 abbiamo una visione del mondo che ci spinge a costruire il bene per questa nazione. Ci dicevano che saremmo stati isolati nel mondo. <strong>Fatevi un giro sulla stampa estera e troverete ci\u00f2 che sui giornali in Italia si fa fatica a trovare<\/strong><\/em>&#8220;.<\/p>\n<h3>Ora arriver\u00e0 il reddito di regionalanza?<\/h3>\n<p><strong>&#8220;<\/strong><em><strong>Questa terra non chiede di essere mantenuta dalla politica <\/strong>ma di essere messa in condizione di competere ad armi pari per dimostrare il suo valore. Ma tanto non la capiscono la lezione, hanno candidato il padre reddito di cittadinanz<strong>a. E ora arriver\u00e0 il reddito di regionalanza?<\/strong> Loro vi vedono cos\u00ec, come persone che non sanno o non vogliono mettersi in gioco, noi vi vediamo come un popolo fiero che non vuole dipendere dai partiti e non si fa prendere in giro ma chiede rispetto e risposte dalla politica<\/em>&#8221; ha aggiunto la presidente del Consiglio Giorgia Meloni.<\/p>\n<p><img loading=\"lazy\" decoding=\"async\" class=\"wp-image-271512 aligncenter\" src=\"https:\/\/quicosenza.it\/news\/wp-content\/uploads\/2025\/09\/Meloni-Lamezia.jpg\" alt=\"\" width=\"495\" height=\"284\" title=\"\" srcset=\"https:\/\/quicosenza.it\/news\/wp-content\/uploads\/2025\/09\/Meloni-Lamezia.jpg 928w, https:\/\/quicosenza.it\/news\/wp-content\/uploads\/2025\/09\/Meloni-Lamezia-300x172.jpg 300w, https:\/\/quicosenza.it\/news\/wp-content\/uploads\/2025\/09\/Meloni-Lamezia-768x440.jpg 768w, https:\/\/quicosenza.it\/news\/wp-content\/uploads\/2025\/09\/Meloni-Lamezia-733x420.jpg 733w, https:\/\/quicosenza.it\/news\/wp-content\/uploads\/2025\/09\/Meloni-Lamezia-150x86.jpg 150w, https:\/\/quicosenza.it\/news\/wp-content\/uploads\/2025\/09\/Meloni-Lamezia-696x399.jpg 696w\" sizes=\"auto, (max-width: 495px) 100vw, 495px\" \/><\/p>\n<p><strong>&#8220;<em>Andremo avanti con la riforma della giustizia<\/em><\/strong><em> per liberare la magistratura dalla malapianta delle correnti&#8221;. La leader di Fdi ha confermato l&#8217;intenzione di andare avanti anche con il premierato per dire<strong> &#8220;basta&#8221; ad &#8220;inciuci i giochi di palazzo<\/strong><\/em>&#8220;.<\/p>\n<p>&nbsp;<\/p>\n<p><img loading=\"lazy\" decoding=\"async\" class=\"wp-image-271507 aligncenter\" src=\"https:\/\/quicosenza.it\/news\/wp-content\/uploads\/2025\/09\/Tajani.jpg\" alt=\"\" width=\"520\" height=\"301\" title=\"\" srcset=\"https:\/\/quicosenza.it\/news\/wp-content\/uploads\/2025\/09\/Tajani.jpg 818w, https:\/\/quicosenza.it\/news\/wp-content\/uploads\/2025\/09\/Tajani-300x174.jpg 300w, https:\/\/quicosenza.it\/news\/wp-content\/uploads\/2025\/09\/Tajani-768x445.jpg 768w, https:\/\/quicosenza.it\/news\/wp-content\/uploads\/2025\/09\/Tajani-725x420.jpg 725w, https:\/\/quicosenza.it\/news\/wp-content\/uploads\/2025\/09\/Tajani-150x87.jpg 150w, https:\/\/quicosenza.it\/news\/wp-content\/uploads\/2025\/09\/Tajani-696x403.jpg 696w\" sizes=\"auto, (max-width: 520px) 100vw, 520px\" \/><\/p>\n<h3>Tajani &#8220;Occhiuto ha trasformato la Calabria<\/h3>\n<p>&#8220;Sarei superficiale se dicessi soltanto viva Roberto, <strong>viva il centrodestra e Forza Italia solo per raccogliere applausi<\/strong>.<strong> Noi chiediamo voti per Occhiuto perch\u00e9 ha governato bene la Calabria<\/strong>, l&#8217;ha trasformata, non ci sarebbe altrimenti ragione per chiedere consensi. E ha avuto sempre la grande capacit\u00e0 di dialogare con il governo nazionale, non creando un contrasto con Roma ma cercando di avere da Roma tutti gli strumenti utili per trasformare la Calabria&#8221;. Cos\u00ec il vicepremier e leader di Forza Italia Antonio Tajani.<\/p>\n<h3>&#8220;Dopo le Marche anche la Calabria &#8220;<\/h3>\n<p>&#8220;<strong>Siamo arrivati a qualche giorno dal voto. Vinceremo 2-0<\/strong>. Ieri abbiamo fatto l&#8217;uno a zero, il primo tempo \u00e8 finito ora stiamo giocando il secondo. ha detto il vicepremier e leader di Fi <strong>Antonio Tajani<\/strong> &#8220;siamo stati in grado di portare tre liste a dimostrazione di quanto stiamo facendo bene e di poter dare la possibilit\u00e0 di continuare nel buon Governo. Abbiamo aumentato il numero dei posti di lavoro, <strong>cercheremo di abbassare le tasse e aumentare gli stipendi.<\/strong> Dobbiamo evitare che il ceto medio diventi ceto povero e che il ceto povero diventi ceto medio.<\/p>\n<p>&#8220;Ogni sera, quando vedete la Tv con immagini orribili di guerra. Stiamo lavorando senza sosta per costruire la pace. <strong>Dobbiamo fare in modo che questa proposta di accordo di pace fatta dagli USA venga accettata&#8221;<\/strong>. Poi Tajani ricorda Berlusconi &#8220;<strong>era un Milanese che amava il Sud<\/strong>. Voi Calabresi avete il grande merito non solo di aver dato tanti lavoratori alle industria del Nord, ma anche la PA sarebbe pi\u00f9 povera senza tanti magistrati e medici Calabresi. Rispetto per questa terra e queste persone che hanno dato tanto all&#8217;Italia ed \u00e8 giusto che l&#8217;Italia dia alla Calabria&#8221;<\/p>\n<p>Poi l&#8217;affondo all&#8217;opposizione &#8220;noi siamo il centrodestra e i nostri voti non li prendiamo agli alleati ma dall&#8217;altra parte perch\u00e8 non esiste pi\u00f9 il centrosinistra ma solo la sinistra<strong>. Votate per Occhiuto per il centrodestra.<\/strong> Noi saremo sempre al vostro fianco e dalla vostra parte&#8221;<\/p>\n<h3>Lupi &#8220;la nostra \u00e8 politica quella con la P maiuscola&#8221;<\/h3>\n<p>Maurizio Lupi &#8220;<strong>grazie ad Occhiuto per quello che ha fatto in questi 4 anni e grazie agli amici che hanno scommesso<\/strong> sul poter cambiare questa regione. Hanno dato l&#8217;anima e l&#8217;augurio \u00e8 di proseguire nel cambiamento. S<strong>i possono mettere insieme campi larghi, campi stretti&#8230;<\/strong> ma poi alla fine la politica, quella con la P maiuscola che contraddistingue il centrodestra \u00e8 che quando abbiamo la responsabilit\u00e0 e la fiducia di cittadini mettiamo in campo la concretezza del fare.<\/p>\n<p><img loading=\"lazy\" decoding=\"async\" class=\"wp-image-271508 aligncenter\" src=\"https:\/\/quicosenza.it\/news\/wp-content\/uploads\/2025\/09\/Lupi.jpg\" alt=\"\" width=\"394\" height=\"262\" title=\"\" srcset=\"https:\/\/quicosenza.it\/news\/wp-content\/uploads\/2025\/09\/Lupi.jpg 642w, https:\/\/quicosenza.it\/news\/wp-content\/uploads\/2025\/09\/Lupi-300x200.jpg 300w, https:\/\/quicosenza.it\/news\/wp-content\/uploads\/2025\/09\/Lupi-631x420.jpg 631w, https:\/\/quicosenza.it\/news\/wp-content\/uploads\/2025\/09\/Lupi-150x100.jpg 150w\" sizes=\"auto, (max-width: 394px) 100vw, 394px\" \/><\/p>\n<p>&#8220;Dalla Toscana fino alla Calabria hanno candidato di tutti, persino <strong>il fautore del reddito di cittadinanza. La gente vuole lavoro non sussidi<\/strong>. Il reddito \u00e8 un insulto e dovr\u00e0 anche spiegarci poi dove li trova i fondi.<strong> La nostra battaglia \u00e8 sul lavoro<\/strong> che lo devono dare le imprese e non lo Stato. Non \u00e8 il salario minimo il problema, <strong>ma avere un salario giusto ed \u00e8 quello a cui stiamo lavorand<\/strong>o. Lo stato deve essere al servizio dei cittadini. Lavoriamo per la riforma della giustizia e saranno i cittadini italiani con il voto al referendum a darci ragione&#8221;.<\/p>\n<p><strong>Antonio Poli, segretario dell&#8217;UDC<\/strong> &#8220;ha preso in mano una sanit\u00e0 commissariata con i bilanci adesso in regola. pi\u00f9 di 5mila medici inseriti nelle strutture sanitare. Sul mondo del lavoro 52mila posti. Questi sono i fatti concreti che appartengono ad Occhiuto e al Centrodestra. Il futuro in Calabria parla Roberto Occhiuto, il futuro parla di centrodestra&#8221;.<\/p>\n","protected":false},"excerpt":{"rendered":"<p>LAMEZIA TERME (CZ) &#8211; Dopo il successo nelle Marche il centrodestra \u00e8 pronto a fare il bis anche in Calabria, dove domenica e luned\u00ec si torner\u00e0 alle urne per eleggere il prossimo presidente della Regione. Ne sono convinti la premier Giorgia Meloni, il leader di Forza Italia e ministro degli esteri Antonio Tajani e il [&hellip;]<\/p>\n","protected":false},"author":55,"featured_media":271506,"comment_status":"closed","ping_status":"closed","sticky":false,"template":"","format":"standard","meta":{"_acf_changed":false,"footnotes":"","jetpack_publicize_message":"","jetpack_publicize_feature_enabled":true,"jetpack_social_post_already_shared":false,"jetpack_social_options":{"image_generator_settings":{"template":"highway","default_image_id":0,"font":"","enabled":false},"version":2}},"categories":[17],"tags":[19],"class_list":["post-271485","post","type-post","status-publish","format-standard","has-post-thumbnail","hentry","category-calabria","tag-copertina"],"acf":[],"jetpack_publicize_connections":[],"_links":{"self":[{"href":"https:\/\/quicosenza.it\/news\/wp-json\/wp\/v2\/posts\/271485","targetHints":{"allow":["GET"]}}],"collection":[{"href":"https:\/\/quicosenza.it\/news\/wp-json\/wp\/v2\/posts"}],"about":[{"href":"https:\/\/quicosenza.it\/news\/wp-json\/wp\/v2\/types\/post"}],"author":[{"embeddable":true,"href":"https:\/\/quicosenza.it\/news\/wp-json\/wp\/v2\/users\/55"}],"replies":[{"embeddable":true,"href":"https:\/\/quicosenza.it\/news\/wp-json\/wp\/v2\/comments?post=271485"}],"version-history":[{"count":0,"href":"https:\/\/quicosenza.it\/news\/wp-json\/wp\/v2\/posts\/271485\/revisions"}],"wp:featuredmedia":[{"embeddable":true,"href":"https:\/\/quicosenza.it\/news\/wp-json\/wp\/v2\/media\/271506"}],"wp:attachment":[{"href":"https:\/\/quicosenza.it\/news\/wp-json\/wp\/v2\/media?parent=271485"}],"wp:term":[{"taxonomy":"category","embeddable":true,"href":"https:\/\/quicosenza.it\/news\/wp-json\/wp\/v2\/categories?post=271485"},{"taxonomy":"post_tag","embeddable":true,"href":"https:\/\/quicosenza.it\/news\/wp-json\/wp\/v2\/tags?post=271485"}],"curies":[{"name":"wp","href":"https:\/\/api.w.org\/{rel}","templated":true}]}}