{"id":271491,"date":"2025-09-30T17:37:15","date_gmt":"2025-09-30T15:37:15","guid":{"rendered":"https:\/\/www.quicosenza.it\/news\/?p=271491"},"modified":"2025-09-30T17:37:56","modified_gmt":"2025-09-30T15:37:56","slug":"occhiutocz-infiamma-la-piazza-di-lamezia-piu-noi-in-4-anni-che-in-40-non-dobbiamo-vincere-ma-stravincere","status":"publish","type":"post","link":"https:\/\/quicosenza.it\/news\/occhiutocz-infiamma-la-piazza-di-lamezia-piu-noi-in-4-anni-che-in-40-non-dobbiamo-vincere-ma-stravincere\/","title":{"rendered":"Occhiuto infiamma la piazza di Lamezia &#8220;pi\u00f9 noi in 4 anni che in 40. Non dobbiamo vincere ma stravincere&#8221;"},"content":{"rendered":"<p data-start=\"205\" data-end=\"513\">LAMEZIA TERME (CZ) \u2013 Una piazza gremita, uno slogan che sa di sfida e orgoglio: <em data-start=\"280\" data-end=\"307\">\u201c<strong>In 4 anni pi\u00f9 che in 40<\/strong>\u201d<\/em>. Roberto Occhiuto, presidente della Regione Calabria, sceglie Lamezia per tirare le somme e lanciare un messaggio forte ai calabresi: \u201cAbbiamo dimostrato che questa regione pu\u00f2 crescere\u201d.<\/p>\n<p data-start=\"205\" data-end=\"513\">&#8220;<strong>Questa piazza non \u00e8 solo per me ma per i leader del centrodestra che sostengono la mia candidatura<\/strong>. Sono qui al mio fianco le persone che in questi 4 anni mi hanno consentito di realizzare tante cose. <strong>Non lo potevamo fare senza il supporto del Governo nazionale<\/strong> che ha aiutato quello locale. Dico ai calabresi, non abbiamo la bacchetta magica ma possono ricordare come era la Calabria 4 anni fa. <strong>Una regione ferma, bloccata di cui si parlava male<\/strong>. <strong>Abbiamo fatto pi\u00f9 noi in 4 anni che in 40&#8243;.<\/strong><\/p>\n<p data-start=\"205\" data-end=\"513\">&#8220;Abbiamo <strong>messo mano a riforme importanti<\/strong>. Quando ho iniziato a fare il presidente della Regione, in estate a Natale, quando aumentava il numero delle persone<strong> i rifiuti invadevano alle nostre strade<\/strong>. Ora questo problema non c&#8217;\u00e8 pi\u00f9 grazie <strong>ad una riforma che \u00e8 stata segnalata come buona pratica da imitare<\/strong>. Una regione capace di fare riforme.<\/p>\n<p>&#8220;<strong>Abbiamo trovato 11 consorzi di bonifici che erano 11 baracconi<\/strong>. Operai che minacciavano il suicidio perch\u00e8 non venivano pagati. Ho<strong> fatto un unico consorzio.<\/strong> Bisogna avere il coraggio di fare le cose giuste anche se sembrano impopolari. A<strong>bbiamo <\/strong>riformato molti ambiti, abbiamo cercato di stabilizzare tantissimi precari e lo stiamo facendo anche con i tirocinanti. Abbiamo fatto parlare di questa come una regione che ha mille risorse che hi ha governato in passato non ha mai nominato. Mi hanno attaccato dicendo che parlavano della Calabria troppo bene. Soprattutto io amo questa regione ne parla con la luce negli occhi perch\u00e8 ce l&#8217;ho nel cuore. Si \u00e8 sempre parlato di problemi perch\u00e8 non li affrontavamo mai a giudicare da come l&#8217;hanno ridotta.<\/p>\n<p>&#8220;<strong>Abbiamo sempre governato per affrontarli e abbiamo dato dimostrazione che questa regione pu\u00f2 crescere.<\/strong> A cominciare dagli aeroporti, abbiamo segnato il numero record di passeggeri. Aereostazioni vecchie e malandate senza collegamenti. Per 20 anni sulla 106 che \u00e8 la strada della morte i governi precedenti avevano investito al massimo un miliardo. Ma questo governo nazionale, in soli due anni e mezzo, ha investito <strong>quasi 4 miliardi e non di risorse PNRR<\/strong> ma di conto capitale. Il governo nelle infrastrutture sta facendo delle cose enormi. Soldi gi\u00e0 stanziati e a breve inizieranno i lavori.<\/p>\n<p><strong>Abbiamo portato 900 milioni per finire i tratti della A2 che Matteo Renzi inaugur\u00f2 ma che non erano finiti e<\/strong> che portano ad uno spreco di soldi per continue manutenzioni. Per questo devo ringraziare il governo di Meloni, di Tajani e di Salvini che hanno dato mla possibilit\u00e0 a quest&#8217;uomo di svolgere al meglio il proprio lavoro.<\/p>\n<p>Stiamo facendo una campagna onesta. Io non ho mai parlato male del mio competitor. Lo faccio girando per le cinque province della Calabria. Stanno facendo una campana elettorale da sciacalli speculando sulla sofferenza e lanciando proposte che non sono realizzabili, girando davanti gli ospedali. E questi giri li fanno con Giuseppe Conte che ha nominato i commissari prima di me da Cotticelli che diceva che aveva perso il piano Covid, Zuccatelli che diceva che per prendere il covid bisognava baciarsi in bocca. La sanit\u00e0 per troppi anni non \u00e8 stata riformata. Ho preso i medici cubani quando mi \u00e8 arrivata una delibera dell&#8217;Asp di Reggio che prendeva medici a gettone che costano 10 volte in pi\u00f9. Tutti mi attaccavano ora tutti li vogliono. Usciremo dal Commissariamento e faremo la pi\u00f9 grande riforma della sanit\u00e0 mai vista. Metteremo sotto un&#8217;unica azienda ospedaliera tutti i nosocomi&#8221;.<\/p>\n<p>&nbsp;<\/p>\n<p>&nbsp;<\/p>\n","protected":false},"excerpt":{"rendered":"<p>LAMEZIA TERME (CZ) \u2013 Una piazza gremita, uno slogan che sa di sfida e orgoglio: \u201cIn 4 anni pi\u00f9 che in 40\u201d. Roberto Occhiuto, presidente della Regione Calabria, sceglie Lamezia per tirare le somme e lanciare un messaggio forte ai calabresi: \u201cAbbiamo dimostrato che questa regione pu\u00f2 crescere\u201d. &#8220;Questa piazza non \u00e8 solo per me [&hellip;]<\/p>\n","protected":false},"author":23,"featured_media":271495,"comment_status":"closed","ping_status":"closed","sticky":false,"template":"","format":"standard","meta":{"_acf_changed":false,"footnotes":"","jetpack_publicize_message":"","jetpack_publicize_feature_enabled":true,"jetpack_social_post_already_shared":false,"jetpack_social_options":{"image_generator_settings":{"template":"highway","default_image_id":0,"font":"","enabled":false},"version":2}},"categories":[17],"tags":[19],"class_list":["post-271491","post","type-post","status-publish","format-standard","has-post-thumbnail","hentry","category-calabria","tag-copertina"],"acf":[],"jetpack_publicize_connections":[],"_links":{"self":[{"href":"https:\/\/quicosenza.it\/news\/wp-json\/wp\/v2\/posts\/271491","targetHints":{"allow":["GET"]}}],"collection":[{"href":"https:\/\/quicosenza.it\/news\/wp-json\/wp\/v2\/posts"}],"about":[{"href":"https:\/\/quicosenza.it\/news\/wp-json\/wp\/v2\/types\/post"}],"author":[{"embeddable":true,"href":"https:\/\/quicosenza.it\/news\/wp-json\/wp\/v2\/users\/23"}],"replies":[{"embeddable":true,"href":"https:\/\/quicosenza.it\/news\/wp-json\/wp\/v2\/comments?post=271491"}],"version-history":[{"count":0,"href":"https:\/\/quicosenza.it\/news\/wp-json\/wp\/v2\/posts\/271491\/revisions"}],"wp:featuredmedia":[{"embeddable":true,"href":"https:\/\/quicosenza.it\/news\/wp-json\/wp\/v2\/media\/271495"}],"wp:attachment":[{"href":"https:\/\/quicosenza.it\/news\/wp-json\/wp\/v2\/media?parent=271491"}],"wp:term":[{"taxonomy":"category","embeddable":true,"href":"https:\/\/quicosenza.it\/news\/wp-json\/wp\/v2\/categories?post=271491"},{"taxonomy":"post_tag","embeddable":true,"href":"https:\/\/quicosenza.it\/news\/wp-json\/wp\/v2\/tags?post=271491"}],"curies":[{"name":"wp","href":"https:\/\/api.w.org\/{rel}","templated":true}]}}