{"id":271496,"date":"2025-09-30T17:49:04","date_gmt":"2025-09-30T15:49:04","guid":{"rendered":"https:\/\/www.quicosenza.it\/news\/?p=271496"},"modified":"2025-09-30T18:43:22","modified_gmt":"2025-09-30T16:43:22","slug":"salvini-a-lamezia-investito-22-miliardi-in-calabria-il-ponte-dello-stretto-si-fara-e-non-ci-fermeranno","status":"publish","type":"post","link":"https:\/\/quicosenza.it\/news\/salvini-a-lamezia-investito-22-miliardi-in-calabria-il-ponte-dello-stretto-si-fara-e-non-ci-fermeranno\/","title":{"rendered":"Salvini a Lamezia &#8220;investito 22 miliardi in Calabria. Il ponte dello Stretto si far\u00e0 e non ci fermeranno&#8221;"},"content":{"rendered":"<p>LAMEZIA TERME (CZ) &#8211; &#8220;Le notizie delle ultime ore ci aprono il cuore e ci fanno ben sperare: <strong>contiamo che le prossime 48 ore siano quelle della pace tra Israele e i terroristi islamici di Hamas<\/strong> e che due popoli possano convivere pacificamente senza tenere ostaggi&#8221; n\u00e9 l\u00ec &#8220;n\u00e9 nelle nostre citt\u00e0, ce ne sono troppi&#8221;. Inizia cos\u00ec l&#8217;intervento del leader della Lega e ministro delle Infrastrutture <strong>Matteo Salvini<\/strong> parlando dal palco di Lamezia terme al comizio del centrodestra a sostegno di<a href=\"https:\/\/quicosenza.it\/news\/calabria\/occhiutocz-infiamma-la-piazza-di-lamezia-piu-noi-in-4-anni-che-in-40-non-dobbiamo-vincere-ma-stravincere\" target=\"_blank\" rel=\"noopener\"> Roberto Occhiuto<\/a> candidato presidente in Calabria.<\/p>\n<p>&#8220;Ho ascoltato Roberto con emozione &#8211; ha detto Salvini.<strong> In Calabria vedo lo stesso clima delle Marche<\/strong>. Parliamo di vita reale, di come migliorare le scuole, le strade e la vita dei nostri ragazzi. Non come fanno <strong>dall&#8217;altra parte dove si critica, o si attacca l&#8217;avversario o si parla di cose dal resto del mondo<\/strong>.\u00a0<strong>La politica usata come manganello<\/strong>. Capisco bene cosa dice Occhiuto. Io sono stato 4 anni a processo per bloccare gli sbarchi e i clandestini e la sinistra ci ha mandato a processo perch\u00e8 ho difeso il mio Paese. <strong>Difendere i confini \u00e8 un diritto ed un dovere, ma non ci fermeranno con i processi e con gli insulti&#8221;<\/strong><\/p>\n<p>&#8220;<strong>Abbiamo investito 32 miliardi in Calabria,<\/strong> cosa che nessuno ha mia fatto negli ultimi 50 anni. <strong>I miliardi per l&#8217;autostrada A2, l&#8217;alta velocit\u00e0, per la Statale 106, la trasversale delle Serre, per il porto di Gioia Tauro<\/strong> che diventer\u00e0 il pi\u00f9 grande Hub del Mediterraneo&#8221;.<\/p>\n<p>&#8220;<strong>Altro che Propal, qua siamo ProCalabria<\/strong>. Una di queste opere pubbliche di cui vorrei parlare<strong> \u00e8 un&#8217;opera su cui la sinistra sta facendo di tutto per boicottarla,<\/strong> affiancata dai sindacati dicono solo di no, andando in giro a imbrattare negozi e vetrine e danneggiare negozi pubblici. <strong>Il Ponte sullo Stretto si far\u00e0<\/strong> &#8211; attacca Salvini &#8211; che se lo mettano tutti in testa, altro che elemosine o mance del centrosinistra. Qualcuno ancora adesso mi dice no Salvini non farlo. <strong>Il Ponte non unit\u00e0 due coste ma due cosche<\/strong>, non puoi fare il Ponte perch\u00e8 in Calabria c&#8217;\u00e8 la &#8216;ndrangheta<strong>. Io mi vergogno di chi pensa cos\u00ec.<\/strong> Sar\u00e0 un&#8217;opera che porter\u00e0 posti di lavoro e a cui lavoreranno persone che la &#8216;ndrangheta la prendono a calci in culo&#8221;.<\/p>\n<p>&nbsp;<\/p>\n","protected":false},"excerpt":{"rendered":"<p>LAMEZIA TERME (CZ) &#8211; &#8220;Le notizie delle ultime ore ci aprono il cuore e ci fanno ben sperare: contiamo che le prossime 48 ore siano quelle della pace tra Israele e i terroristi islamici di Hamas e che due popoli possano convivere pacificamente senza tenere ostaggi&#8221; n\u00e9 l\u00ec &#8220;n\u00e9 nelle nostre citt\u00e0, ce ne sono [&hellip;]<\/p>\n","protected":false},"author":55,"featured_media":271499,"comment_status":"closed","ping_status":"closed","sticky":false,"template":"","format":"standard","meta":{"_acf_changed":false,"footnotes":"","jetpack_publicize_message":"","jetpack_publicize_feature_enabled":true,"jetpack_social_post_already_shared":false,"jetpack_social_options":{"image_generator_settings":{"template":"highway","default_image_id":0,"font":"","enabled":false},"version":2}},"categories":[17],"tags":[19],"class_list":["post-271496","post","type-post","status-publish","format-standard","has-post-thumbnail","hentry","category-calabria","tag-copertina"],"acf":[],"jetpack_publicize_connections":[],"_links":{"self":[{"href":"https:\/\/quicosenza.it\/news\/wp-json\/wp\/v2\/posts\/271496","targetHints":{"allow":["GET"]}}],"collection":[{"href":"https:\/\/quicosenza.it\/news\/wp-json\/wp\/v2\/posts"}],"about":[{"href":"https:\/\/quicosenza.it\/news\/wp-json\/wp\/v2\/types\/post"}],"author":[{"embeddable":true,"href":"https:\/\/quicosenza.it\/news\/wp-json\/wp\/v2\/users\/55"}],"replies":[{"embeddable":true,"href":"https:\/\/quicosenza.it\/news\/wp-json\/wp\/v2\/comments?post=271496"}],"version-history":[{"count":0,"href":"https:\/\/quicosenza.it\/news\/wp-json\/wp\/v2\/posts\/271496\/revisions"}],"wp:featuredmedia":[{"embeddable":true,"href":"https:\/\/quicosenza.it\/news\/wp-json\/wp\/v2\/media\/271499"}],"wp:attachment":[{"href":"https:\/\/quicosenza.it\/news\/wp-json\/wp\/v2\/media?parent=271496"}],"wp:term":[{"taxonomy":"category","embeddable":true,"href":"https:\/\/quicosenza.it\/news\/wp-json\/wp\/v2\/categories?post=271496"},{"taxonomy":"post_tag","embeddable":true,"href":"https:\/\/quicosenza.it\/news\/wp-json\/wp\/v2\/tags?post=271496"}],"curies":[{"name":"wp","href":"https:\/\/api.w.org\/{rel}","templated":true}]}}