{"id":271513,"date":"2025-09-30T19:26:47","date_gmt":"2025-09-30T17:26:47","guid":{"rendered":"https:\/\/www.quicosenza.it\/news\/?p=271513"},"modified":"2025-09-30T19:35:10","modified_gmt":"2025-09-30T17:35:10","slug":"la-promessa-di-meloni-in-calabria-addio-al-commissariamento-della-sanita-abbiamo-avviato-liter","status":"publish","type":"post","link":"https:\/\/quicosenza.it\/news\/la-promessa-di-meloni-in-calabria-addio-al-commissariamento-della-sanita-abbiamo-avviato-liter\/","title":{"rendered":"La promessa di Meloni in Calabria: \u00abAddio al commissariamento della sanit\u00e0, abbiamo avviato l&#8217;iter\u00bb"},"content":{"rendered":"<p>CATANZARO &#8211; &#8220;Sono felice di annunciare che <strong>abbiamo avviato l&#8217;iter per l&#8217;uscita della Calabria dalla gestione commissariale della sanit\u00e0<\/strong> perch\u00e9 se lo merita&#8221;. Cos\u00ec<strong> la premier <a href=\"https:\/\/quicosenza.it\/news\/calabria\/giorgia-meloni-spinge-occhiuto-e-attacca-la-sinistra-no-alla-paghetta-di-stato-la-calabria-vuole-competere\" target=\"_blank\" rel=\"noopener\">Giorgia Meloni<\/a> stasera a Lamezia Terme<\/strong> alla manifestazione del centrodestra a sostegno di Roberto Occhiuto insieme al\u00a0leader di Forza Italia e ministro degli esteri <strong>Antonio Tajani<\/strong>\u00a0e il segretario della Lega, vicepremier e ministro delle infrastrutture\u00a0<strong>Matteo Salvini.<\/strong><\/p>\n<p>\u00abVedere Elly Schlein fare campagna elettorale in Calabria certificando i fallimenti della sinistra fa sorridere, ma fa inorridire vedere Giuseppe Conte che ha nominato commissari imbarazzanti che hanno fatto vergognare l\u2019Italia intera\u00bb, ha dichiarato la premier Meloni. \u00abDopo i disastri causati da quei commissari, la Calabria ha ritrovato serenit\u00e0 penso ad Azienda Zero, sono stati centralizzati i bilanci mentre prima c\u2019era la contabilit\u00e0 orale, oltre 5.000 medici e infermieri sono entrati in servizio e i medici a gettoni \u2013 inventati dalla sinistra \u2013 sono stati azzerati\u00bb<\/p>\n<p>Anche il<strong> candidato Roberto Occhiuto<\/strong>, aprendo il<strong><a href=\"https:\/\/quicosenza.it\/news\/calabria\/occhiutocz-infiamma-la-piazza-di-lamezia-piu-noi-in-4-anni-che-in-40-non-dobbiamo-vincere-ma-stravincere\" target=\"_blank\" rel=\"noopener\"> comizio<\/a><\/strong> con i big nazionali, ha ribadito che &#8220;la sanit\u00e0 per troppi anni non \u00e8 stata riformata. Ho preso i medici cubani quando mi \u00e8 arrivata una delibera dell\u2019Asp di Reggio che prendeva medici a gettone che costano 10 volte in pi\u00f9. Tutti mi attaccavano ora tutti li vogliono. <strong>Usciremo dal Commissariamento e faremo la pi\u00f9 grande riforma della sanit\u00e0 mai vista.<\/strong> Metteremo sotto un\u2019unica azienda ospedaliera tutti i nosocomi\u201d.<\/p>\n<p>&nbsp;<\/p>\n","protected":false},"excerpt":{"rendered":"<p>CATANZARO &#8211; &#8220;Sono felice di annunciare che abbiamo avviato l&#8217;iter per l&#8217;uscita della Calabria dalla gestione commissariale della sanit\u00e0 perch\u00e9 se lo merita&#8221;. Cos\u00ec la premier Giorgia Meloni stasera a Lamezia Terme alla manifestazione del centrodestra a sostegno di Roberto Occhiuto insieme al\u00a0leader di Forza Italia e ministro degli esteri Antonio Tajani\u00a0e il segretario della [&hellip;]<\/p>\n","protected":false},"author":58,"featured_media":271505,"comment_status":"closed","ping_status":"closed","sticky":false,"template":"","format":"standard","meta":{"_acf_changed":false,"footnotes":"","jetpack_publicize_message":"","jetpack_publicize_feature_enabled":true,"jetpack_social_post_already_shared":false,"jetpack_social_options":{"image_generator_settings":{"template":"highway","default_image_id":0,"font":"","enabled":false},"version":2}},"categories":[17],"tags":[19],"class_list":["post-271513","post","type-post","status-publish","format-standard","has-post-thumbnail","hentry","category-calabria","tag-copertina"],"acf":[],"jetpack_publicize_connections":[],"_links":{"self":[{"href":"https:\/\/quicosenza.it\/news\/wp-json\/wp\/v2\/posts\/271513","targetHints":{"allow":["GET"]}}],"collection":[{"href":"https:\/\/quicosenza.it\/news\/wp-json\/wp\/v2\/posts"}],"about":[{"href":"https:\/\/quicosenza.it\/news\/wp-json\/wp\/v2\/types\/post"}],"author":[{"embeddable":true,"href":"https:\/\/quicosenza.it\/news\/wp-json\/wp\/v2\/users\/58"}],"replies":[{"embeddable":true,"href":"https:\/\/quicosenza.it\/news\/wp-json\/wp\/v2\/comments?post=271513"}],"version-history":[{"count":0,"href":"https:\/\/quicosenza.it\/news\/wp-json\/wp\/v2\/posts\/271513\/revisions"}],"wp:featuredmedia":[{"embeddable":true,"href":"https:\/\/quicosenza.it\/news\/wp-json\/wp\/v2\/media\/271505"}],"wp:attachment":[{"href":"https:\/\/quicosenza.it\/news\/wp-json\/wp\/v2\/media?parent=271513"}],"wp:term":[{"taxonomy":"category","embeddable":true,"href":"https:\/\/quicosenza.it\/news\/wp-json\/wp\/v2\/categories?post=271513"},{"taxonomy":"post_tag","embeddable":true,"href":"https:\/\/quicosenza.it\/news\/wp-json\/wp\/v2\/tags?post=271513"}],"curies":[{"name":"wp","href":"https:\/\/api.w.org\/{rel}","templated":true}]}}