{"id":271514,"date":"2025-09-30T19:47:03","date_gmt":"2025-09-30T17:47:03","guid":{"rendered":"https:\/\/www.quicosenza.it\/news\/?p=271514"},"modified":"2025-09-30T23:38:52","modified_gmt":"2025-09-30T21:38:52","slug":"bonelli-e-fratoianni-a-cosenza-per-tridico-per-cambiare-la-politica-bisogna-essere-uniti","status":"publish","type":"post","link":"https:\/\/quicosenza.it\/news\/bonelli-e-fratoianni-a-cosenza-per-tridico-per-cambiare-la-politica-bisogna-essere-uniti\/","title":{"rendered":"Bonelli e Fratoianni a Cosenza per Tridico: \u00abPer cambiare la politica bisogna essere uniti\u00bb"},"content":{"rendered":"<p>COSENZA &#8211; &#8220;Per cambiare politica bisogna continuare ad essere uniti. Non abbiamo altra alternativa che il &#8216;campo largo&#8217;, che deve ulteriormente allargarsi&#8221;. Cos\u00ec <strong>a Cosenza<\/strong>, nel corso di una manifestazione elettorale, <strong>Angelo Bonelli, deputato di Avs e co-portavoce di Europa Verde<\/strong> insieme al <strong>segretario nazionale di Sinistra italiana Nicola Fratoianni, di Avs.<\/strong><\/p>\n<p>&#8220;La Calabria &#8211; ha aggiunto Bonelli &#8211; \u00e8 una regione meravigliosa che per\u00f2 deve cambiare. <strong>Una regione che non ha una sanit\u00e0 pubblica<\/strong> <strong>e che ha visto il suo presidente Roberto Occhiuto farsi scippare tre miliardi di euro di fondi<\/strong> di sviluppo e coesione che erano destinati a scuole e sanit\u00e0 per fare il ponte sullo Stretto. \u00c8 una regione che \u00e8 stata diretta da Salvini e penso che abbia bisogno di un sussulto di dignit\u00e0 per fare in modo che decida sul suo territorio e si riprenda i soldi che le sono stati rubati&#8221;.<\/p>\n<h3><strong>Fratoianni: &#8220;Ai calabresi dico di non rassegnarsi&#8221;<\/strong><\/h3>\n<div id=\"txt_cont\">&#8220;Il mio appello ai calabresi \u00e8 a non rassegnarsi. Non vi rassegnate all&#8217;idea che non possa cambiare niente perch\u00e9 tutto pu\u00f2 cambiare. <strong>Bisogna solo scegliere di cambiare<\/strong> e questa volta si pu\u00f2 fare anche molto semplicemente entrando nel seggio elettorale e scegliendo Pasquale Tridico&#8221;. Cos\u00ec a Catanzaro il<strong> leader di Sinistra Italiana, Nicola Fratoianni.<\/strong> &#8220;I leader della maggioranza di governo &#8211; ha aggiunto &#8211; si dicono sicuri di vincere? Vedremo il 6 di ottobre. Noi lavoriamo per vincere e dargli un dispiacere. La destra italiana \u00e8 sempre pi\u00f9 arrogante: lo \u00e8 nelle campagne elettorali e lo \u00e8 nel modo in cui governa questo Paese. Si allarga l&#8217;area della povert\u00e0 nonostante Giorgia Meloni strombazzi ad ogni pi\u00e8 sospinto i risultati formidabili del suo Governo che per\u00f2 si scontrano drammaticamente con le condizione di vita della maggioranza dei cittadini&#8221;<\/div>\n","protected":false},"excerpt":{"rendered":"<p>COSENZA &#8211; &#8220;Per cambiare politica bisogna continuare ad essere uniti. Non abbiamo altra alternativa che il &#8216;campo largo&#8217;, che deve ulteriormente allargarsi&#8221;. Cos\u00ec a Cosenza, nel corso di una manifestazione elettorale, Angelo Bonelli, deputato di Avs e co-portavoce di Europa Verde insieme al segretario nazionale di Sinistra italiana Nicola Fratoianni, di Avs. &#8220;La Calabria &#8211; [&hellip;]<\/p>\n","protected":false},"author":58,"featured_media":271516,"comment_status":"closed","ping_status":"closed","sticky":false,"template":"","format":"standard","meta":{"_acf_changed":false,"footnotes":"","jetpack_publicize_message":"","jetpack_publicize_feature_enabled":true,"jetpack_social_post_already_shared":false,"jetpack_social_options":{"image_generator_settings":{"template":"highway","default_image_id":0,"font":"","enabled":false},"version":2}},"categories":[17],"tags":[19],"class_list":["post-271514","post","type-post","status-publish","format-standard","has-post-thumbnail","hentry","category-calabria","tag-copertina"],"acf":[],"jetpack_publicize_connections":[],"_links":{"self":[{"href":"https:\/\/quicosenza.it\/news\/wp-json\/wp\/v2\/posts\/271514","targetHints":{"allow":["GET"]}}],"collection":[{"href":"https:\/\/quicosenza.it\/news\/wp-json\/wp\/v2\/posts"}],"about":[{"href":"https:\/\/quicosenza.it\/news\/wp-json\/wp\/v2\/types\/post"}],"author":[{"embeddable":true,"href":"https:\/\/quicosenza.it\/news\/wp-json\/wp\/v2\/users\/58"}],"replies":[{"embeddable":true,"href":"https:\/\/quicosenza.it\/news\/wp-json\/wp\/v2\/comments?post=271514"}],"version-history":[{"count":0,"href":"https:\/\/quicosenza.it\/news\/wp-json\/wp\/v2\/posts\/271514\/revisions"}],"wp:featuredmedia":[{"embeddable":true,"href":"https:\/\/quicosenza.it\/news\/wp-json\/wp\/v2\/media\/271516"}],"wp:attachment":[{"href":"https:\/\/quicosenza.it\/news\/wp-json\/wp\/v2\/media?parent=271514"}],"wp:term":[{"taxonomy":"category","embeddable":true,"href":"https:\/\/quicosenza.it\/news\/wp-json\/wp\/v2\/categories?post=271514"},{"taxonomy":"post_tag","embeddable":true,"href":"https:\/\/quicosenza.it\/news\/wp-json\/wp\/v2\/tags?post=271514"}],"curies":[{"name":"wp","href":"https:\/\/api.w.org\/{rel}","templated":true}]}}