{"id":271545,"date":"2025-10-01T10:30:32","date_gmt":"2025-10-01T08:30:32","guid":{"rendered":"https:\/\/www.quicosenza.it\/news\/?p=271545"},"modified":"2025-10-01T10:30:48","modified_gmt":"2025-10-01T08:30:48","slug":"ospedale-arcavacata-bresciani-ai-candidati-cosenza-deve-forse-diventare-archeologia-urbana","status":"publish","type":"post","link":"https:\/\/quicosenza.it\/news\/ospedale-arcavacata-bresciani-ai-candidati-cosenza-deve-forse-diventare-archeologia-urbana\/","title":{"rendered":"Ospedale ad Arcavacata, Bresciani ai candidati \u00abCosenza deve forse diventare archeologia urbana?\u00bb"},"content":{"rendered":"<p>COSENZA &#8211; &#8220;<strong>Cosenza spogliata<\/strong>&#8220;. Ultimi giorni campagna elettorale per le Regionali in Calabria e da Cosenza si alza la voce contro il rischio di un progressivo svuotamento dell&#8217;Ospedale &#8220;Annunziata&#8221;. Con una lettera aperta, firmata dalla consigliera comunale Alessandra Bresciani e dal Circolo &#8220;Giuseppe Saragat&#8221; sezione &#8220;Gaspare Conforti&#8221;, l&#8217;appello all&#8217;ex presidente regionale Roberto Occhiuto e a <strong>tutti i candidati in corsa<\/strong>, in particolare a quelli che \u201cda generazioni ricevono il consenso dei cosentini, sia di destra che di sinistra\u201d.<\/p>\n<p>&#8220;A voi domandiamo: com&#8217;\u00e8 possibile programmare e assistere alla sottrazione dell&#8217;Ospedale Annunziata di Cosenza senza pensare a cosa ne sar\u00e0 della citt\u00e0, della sua comunit\u00e0, fra vent&#8217;anni? Cosenza \u2014 e non solo il suo centro storico \u2014 deve forse diventare archeologia urbana? I suoi cittadini devono avere un&#8217;altra ragione per emigrare?&#8221;.<\/p>\n<p>&#8220;\u00c8 per questo che <strong>chiediamo a voi tutti<\/strong>, candidati alle elezioni regionali, che sul consenso dei cittadini di Cosenza avete costruito il vostro successo politico, di scendere in campo, s\u00ec, con le vostre &#8220;casacche&#8221;, ma <strong>nell&#8217;interesse comune della citt\u00e0 di Cosenza<\/strong>. Chiediamo che <strong>assicuriate agli elettori il vostro impegno affinch\u00e9 tale spoliazione non avvenga<\/strong>, e che vi adoperiate affinch\u00e9 la citt\u00e0 di Cosenza possa pretendere una sanit\u00e0 migliore, senza vedersi portar via il proprio ospedale&#8221;.<\/p>\n","protected":false},"excerpt":{"rendered":"<p>COSENZA &#8211; &#8220;Cosenza spogliata&#8220;. Ultimi giorni campagna elettorale per le Regionali in Calabria e da Cosenza si alza la voce contro il rischio di un progressivo svuotamento dell&#8217;Ospedale &#8220;Annunziata&#8221;. Con una lettera aperta, firmata dalla consigliera comunale Alessandra Bresciani e dal Circolo &#8220;Giuseppe Saragat&#8221; sezione &#8220;Gaspare Conforti&#8221;, l&#8217;appello all&#8217;ex presidente regionale Roberto Occhiuto e a [&hellip;]<\/p>\n","protected":false},"author":42,"featured_media":271546,"comment_status":"closed","ping_status":"closed","sticky":false,"template":"","format":"standard","meta":{"_acf_changed":false,"footnotes":"","jetpack_publicize_message":"","jetpack_publicize_feature_enabled":true,"jetpack_social_post_already_shared":false,"jetpack_social_options":{"image_generator_settings":{"template":"highway","default_image_id":0,"font":"","enabled":false},"version":2}},"categories":[563,42],"tags":[19],"class_list":["post-271545","post","type-post","status-publish","format-standard","has-post-thumbnail","hentry","category-area-urbana","category-cosenza","tag-copertina"],"acf":[],"jetpack_publicize_connections":[],"_links":{"self":[{"href":"https:\/\/quicosenza.it\/news\/wp-json\/wp\/v2\/posts\/271545","targetHints":{"allow":["GET"]}}],"collection":[{"href":"https:\/\/quicosenza.it\/news\/wp-json\/wp\/v2\/posts"}],"about":[{"href":"https:\/\/quicosenza.it\/news\/wp-json\/wp\/v2\/types\/post"}],"author":[{"embeddable":true,"href":"https:\/\/quicosenza.it\/news\/wp-json\/wp\/v2\/users\/42"}],"replies":[{"embeddable":true,"href":"https:\/\/quicosenza.it\/news\/wp-json\/wp\/v2\/comments?post=271545"}],"version-history":[{"count":0,"href":"https:\/\/quicosenza.it\/news\/wp-json\/wp\/v2\/posts\/271545\/revisions"}],"wp:featuredmedia":[{"embeddable":true,"href":"https:\/\/quicosenza.it\/news\/wp-json\/wp\/v2\/media\/271546"}],"wp:attachment":[{"href":"https:\/\/quicosenza.it\/news\/wp-json\/wp\/v2\/media?parent=271545"}],"wp:term":[{"taxonomy":"category","embeddable":true,"href":"https:\/\/quicosenza.it\/news\/wp-json\/wp\/v2\/categories?post=271545"},{"taxonomy":"post_tag","embeddable":true,"href":"https:\/\/quicosenza.it\/news\/wp-json\/wp\/v2\/tags?post=271545"}],"curies":[{"name":"wp","href":"https:\/\/api.w.org\/{rel}","templated":true}]}}