{"id":271553,"date":"2025-10-02T13:30:58","date_gmt":"2025-10-02T11:30:58","guid":{"rendered":"https:\/\/www.quicosenza.it\/news\/?p=271553"},"modified":"2025-10-02T11:48:44","modified_gmt":"2025-10-02T09:48:44","slug":"alla-scoperta-della-storia-di-castrolibero-con-il-castrotour-un-viaggio-speciale-in-11-tappe","status":"publish","type":"post","link":"https:\/\/quicosenza.it\/news\/alla-scoperta-della-storia-di-castrolibero-con-il-castrotour-un-viaggio-speciale-in-11-tappe\/","title":{"rendered":"Alla scoperta della storia di Castrolibero con il &#8220;Castrotour&#8221;, un viaggio speciale in 11 tappe"},"content":{"rendered":"<p>CASTROLIBERO (CS) &#8211; Partir\u00e0 domani, <strong>venerd\u00ec 3 ottobre<\/strong> un <strong>viaggio speciale<\/strong>, fatto di passi curiosi, sorrisi, domande e meraviglia. \u00c8 il CastroTour, il nuovo progetto promosso dal <strong>Comune di Castrolibero e dedicato ai bambini delle classi quinte<\/strong> della scuola primaria dell&#8217;Istituto Comprensivo di Castrolibero. Un <strong>viaggio vero e proprio<\/strong>, su uno scuolabus speciale, che accompagner\u00e0 gli alunni in una visita guidata tra i luoghi pi\u00f9 suggestivi, significativi e identitari del nostro territorio. Un percorso pensato non solo per conoscere Castrolibero, ma per sentirlo proprio, per riconoscere in ogni angolo una storia, un valore, un&#8217;eredit\u00e0. A renderlo noto \u00e8 Raffaella Ricchio, assessore del Comune di Castrolibero con deleghe alla Pubblica Istruzione e ai Servizi Demografici.<\/p>\n<h3>11 tappe del Castrotour<\/h3>\n<p>I <strong>piccoli esploratori<\/strong>, guidati dai loro <strong>insegnanti<\/strong> e accolti da chi ogni giorno lavora per valorizzare la nostra terra, visiteranno ben <strong>undici tappe simboliche<\/strong>: chiese antiche, edifici storici, contrade ricche di fascino, luoghi della memoria e dell&#8217;identit\u00e0. Ma il <strong>CastroTour non \u00e8 solo una gita<\/strong>: \u00e8 una <strong>narrazione collettiva<\/strong>, un racconto appassionante fatto di aneddoti, nomi, eventi, voci e silenzi che hanno reso grande la nostra comunit\u00e0.\u00a0In un tempo in cui tutto corre veloce, abbiamo scelto di fermarci per guardare da vicino il luogo in cui viviamo, perch\u00e9 conoscere la propria storia \u00e8 il primo passo per diventarne custodi. Perch\u00e9 sapere da dove veniamo ci aiuta a costruire con pi\u00f9 consapevolezza dove vogliamo andare.<\/p>\n<p>Al termine del percorso, <strong>ogni alunno ricever\u00e0 un Attestato di &#8220;Cittadinanza Consapevole di Castrolibero&#8221;:<\/strong> un simbolo, certo, ma anche un impegno morale a rispettare, valorizzare e amare il proprio territorio.\u00a0Il <strong>progetto si concluder\u00e0 con un pomeriggio speciale<\/strong>, in cui saranno invitate anche le famiglie degli studenti. Un momento di festa, ma anche di restituzione, durante il quale verranno consegnati ufficialmente gli attestati e sar\u00e0 condivisa l&#8217;esperienza vissuta.\u00a0Castrolibero ha tanto da raccontare, e lo far\u00e0 con la voce dei suoi figli pi\u00f9 giovani. Perch\u00e9 educare alla storia significa formare cittadini pi\u00f9 attenti, pi\u00f9 liberi, pi\u00f9 forti.<\/p>\n<p>&nbsp;<\/p>\n","protected":false},"excerpt":{"rendered":"<p>CASTROLIBERO (CS) &#8211; Partir\u00e0 domani, venerd\u00ec 3 ottobre un viaggio speciale, fatto di passi curiosi, sorrisi, domande e meraviglia. \u00c8 il CastroTour, il nuovo progetto promosso dal Comune di Castrolibero e dedicato ai bambini delle classi quinte della scuola primaria dell&#8217;Istituto Comprensivo di Castrolibero. Un viaggio vero e proprio, su uno scuolabus speciale, che accompagner\u00e0 [&hellip;]<\/p>\n","protected":false},"author":42,"featured_media":271556,"comment_status":"closed","ping_status":"closed","sticky":false,"template":"","format":"standard","meta":{"_acf_changed":false,"footnotes":"","jetpack_publicize_message":"","jetpack_publicize_feature_enabled":true,"jetpack_social_post_already_shared":false,"jetpack_social_options":{"image_generator_settings":{"template":"highway","default_image_id":0,"font":"","enabled":false},"version":2}},"categories":[563,564],"tags":[19],"class_list":["post-271553","post","type-post","status-publish","format-standard","has-post-thumbnail","hentry","category-area-urbana","category-castrolibero","tag-copertina"],"acf":[],"jetpack_publicize_connections":[],"_links":{"self":[{"href":"https:\/\/quicosenza.it\/news\/wp-json\/wp\/v2\/posts\/271553","targetHints":{"allow":["GET"]}}],"collection":[{"href":"https:\/\/quicosenza.it\/news\/wp-json\/wp\/v2\/posts"}],"about":[{"href":"https:\/\/quicosenza.it\/news\/wp-json\/wp\/v2\/types\/post"}],"author":[{"embeddable":true,"href":"https:\/\/quicosenza.it\/news\/wp-json\/wp\/v2\/users\/42"}],"replies":[{"embeddable":true,"href":"https:\/\/quicosenza.it\/news\/wp-json\/wp\/v2\/comments?post=271553"}],"version-history":[{"count":0,"href":"https:\/\/quicosenza.it\/news\/wp-json\/wp\/v2\/posts\/271553\/revisions"}],"wp:featuredmedia":[{"embeddable":true,"href":"https:\/\/quicosenza.it\/news\/wp-json\/wp\/v2\/media\/271556"}],"wp:attachment":[{"href":"https:\/\/quicosenza.it\/news\/wp-json\/wp\/v2\/media?parent=271553"}],"wp:term":[{"taxonomy":"category","embeddable":true,"href":"https:\/\/quicosenza.it\/news\/wp-json\/wp\/v2\/categories?post=271553"},{"taxonomy":"post_tag","embeddable":true,"href":"https:\/\/quicosenza.it\/news\/wp-json\/wp\/v2\/tags?post=271553"}],"curies":[{"name":"wp","href":"https:\/\/api.w.org\/{rel}","templated":true}]}}