{"id":271555,"date":"2025-10-01T12:00:55","date_gmt":"2025-10-01T10:00:55","guid":{"rendered":"https:\/\/www.quicosenza.it\/news\/?p=271555"},"modified":"2025-10-17T17:50:18","modified_gmt":"2025-10-17T15:50:18","slug":"cosenza-la-nuova-flotta-busitalia-per-collegamenti-a-lunga-percorrenza-comodi-come-in-treno-foto","status":"publish","type":"post","link":"https:\/\/quicosenza.it\/news\/cosenza-la-nuova-flotta-busitalia-per-collegamenti-a-lunga-percorrenza-comodi-come-in-treno-foto\/","title":{"rendered":"Cosenza, la nuova flotta BusItalia per collegamenti a lunga percorrenza. Comodi come in treno &#8211; FOTO"},"content":{"rendered":"<p>COSENZA &#8211; Un investimento da<strong> 44 milioni di euro per un totale di 111 nuovi autobus BusItalia, 18 dei quali destinati ai collegamenti da e per la Calabria<\/strong>: \u00e8 questo il cuore del piano presentato oggi a Cosenza dalla societ\u00e0 del Gruppo Ferrovie dello Stato Italiane, per il <strong>rinnovo della propria flotta su gomma<\/strong> entro la fine del 2025, con un\u2019attenzione particolare rivolta alla nostra regione e alla citt\u00e0 di Cosenza.<\/p>\n<h3>Busitalia collegamenti diretti verso alcune tra le principali citt\u00e0 italiane<\/h3>\n<p><strong>Mezzi nuovi, moderni e confortevoli<\/strong> per collegamenti a lunga percorrenza da e per la Calabria che interessa<strong>no le direttrici di Milano, Torino e Verona<\/strong>. I servizi, gestiti da <a href=\"https:\/\/www.fsbusitalia.it\/\" target=\"_blank\" rel=\"noopener\"><strong><em>Busitalia Rail Service<\/em><\/strong>,<\/a> assicurano collegamenti diretti verso alcune tra le principali citt\u00e0 italiane del Centro e Nord Italia, tra cui Milano, Torino, Verona, Genova, Bologna, Parma, Padova, Roma e Firenze.<\/p>\n<p><img loading=\"lazy\" decoding=\"async\" class=\"wp-image-271561 aligncenter\" src=\"https:\/\/quicosenza.it\/news\/wp-content\/uploads\/2025\/10\/Bus-Italia03.jpg\" alt=\"\" width=\"542\" height=\"349\" title=\"\" srcset=\"https:\/\/quicosenza.it\/news\/wp-content\/uploads\/2025\/10\/Bus-Italia03.jpg 970w, https:\/\/quicosenza.it\/news\/wp-content\/uploads\/2025\/10\/Bus-Italia03-300x193.jpg 300w, https:\/\/quicosenza.it\/news\/wp-content\/uploads\/2025\/10\/Bus-Italia03-768x494.jpg 768w, https:\/\/quicosenza.it\/news\/wp-content\/uploads\/2025\/10\/Bus-Italia03-653x420.jpg 653w, https:\/\/quicosenza.it\/news\/wp-content\/uploads\/2025\/10\/Bus-Italia03-150x96.jpg 150w, https:\/\/quicosenza.it\/news\/wp-content\/uploads\/2025\/10\/Bus-Italia03-696x448.jpg 696w\" sizes=\"auto, (max-width: 542px) 100vw, 542px\" \/><\/p>\n<p>I nuovi mezzi andranno<strong> progressivamente a rinnovare la vecchia la flotta<\/strong> sul territorio nazionale. La presentazione si \u00e8 svolta <strong>questa mattina in piazza XV marzo<\/strong> dove hanno partecipato il sindaco di Cosenza<strong> Franz Caruso<\/strong>, il ministro dei trasporti <a href=\"https:\/\/quicosenza.it\/news\/calabria\/salvini-a-lamezia-investito-22-miliardi-in-calabria-il-ponte-dello-stretto-si-fara-e-non-ci-fermeranno\" target=\"_blank\" rel=\"noopener\">Matteo Salvini<\/a> l&#8217;Amministratore Delegato di Busitalia <strong>Serafino Lo Piano<\/strong>, <strong>Flavio Nogara<\/strong>,\u00a0Presidente Busitalia, <strong>Gianluca Gallo<\/strong> Assessore ai trasporti della Calabria e <strong>Rosaria Succurro<\/strong> Presidente ella Provincia di Cosenza.<\/p>\n<h3>La nuova flotta di BusItalia: mezzi moderni e confortevoli<\/h3>\n<p>I nuovi autobus sono <strong>Mercedes Benz Tourismo 16RHD<\/strong> con <strong>motorizzazione Euro 6:<\/strong> hanno una<strong> capienza di 53 posti a sedere<\/strong>, sono tutti d<strong>otati di pedana per l\u2019accesso delle persone a ridotta mobilit\u00e0 (PRM)<\/strong>, presentano<strong> elevati standard di qualit\u00e0 per rendere confortevole il viaggio<\/strong> e sono dotati dei<strong> pi\u00f9 evoluti sistemi di ausilio alla guida<\/strong>.<\/p>\n<p>Tra le principali caratteristiche:<strong> WIFI, prese USB e posti numerati, sistemi di assistenza elettronica alla guida ADAS<\/strong> (Advanced Driver Assistance Systems) per garantire standard elevati di sicurezza. Ed ancora <strong>sedili reclinabili con poggiapiedi regolabili, tavolini individuali, illuminazione personale, monitor informativi<\/strong>, impianto di climatizzazione e toilette.<\/p>\n<p><img loading=\"lazy\" decoding=\"async\" class=\"wp-image-271562 aligncenter\" src=\"https:\/\/quicosenza.it\/news\/wp-content\/uploads\/2025\/10\/BusItalia-Cosenza1.jpg\" alt=\"\" width=\"500\" height=\"318\" title=\"\" srcset=\"https:\/\/quicosenza.it\/news\/wp-content\/uploads\/2025\/10\/BusItalia-Cosenza1.jpg 970w, https:\/\/quicosenza.it\/news\/wp-content\/uploads\/2025\/10\/BusItalia-Cosenza1-300x191.jpg 300w, https:\/\/quicosenza.it\/news\/wp-content\/uploads\/2025\/10\/BusItalia-Cosenza1-768x489.jpg 768w, https:\/\/quicosenza.it\/news\/wp-content\/uploads\/2025\/10\/BusItalia-Cosenza1-659x420.jpg 659w, https:\/\/quicosenza.it\/news\/wp-content\/uploads\/2025\/10\/BusItalia-Cosenza1-150x96.jpg 150w, https:\/\/quicosenza.it\/news\/wp-content\/uploads\/2025\/10\/BusItalia-Cosenza1-696x443.jpg 696w\" sizes=\"auto, (max-width: 500px) 100vw, 500px\" \/><\/p>\n<p data-start=\"150\" data-end=\"425\">Secondo l\u2019Amministratore Delegato di Busitalia, <strong data-start=\"198\" data-end=\"219\">Serafino Lo Piano<\/strong>, nel 2024 la Calabria ha accolto oltre <strong data-start=\"259\" data-end=\"283\">1 milione di turisti<\/strong>, di cui il <strong data-start=\"295\" data-end=\"329\">46% nella provincia di Cosenza<\/strong>, con una prevalenza di visitatori stranieri, e si prevede un incremento del <strong data-start=\"406\" data-end=\"422\">10% nel 2025<\/strong>.<\/p>\n<p data-start=\"427\" data-end=\"871\">Lo Piano ha sottolineato l\u2019importanza di <strong data-start=\"468\" data-end=\"496\">analizzare il territorio<\/strong> e di investire in infrastrutture turistiche, promuovendo la Calabria attraverso i canali di <strong data-start=\"589\" data-end=\"615\">Busitalia e Trenitalia<\/strong>, tra cui sito e app, che contano fino a un milione di visitatori al giorno. L\u2019obiettivo non \u00e8 solo <strong data-start=\"715\" data-end=\"736\">vendere biglietti<\/strong>, ma valorizzare il territorio, migliorare <strong data-start=\"779\" data-end=\"798\">l\u2019accessibilit\u00e0<\/strong> e sviluppare il turismo, considerato la <strong data-start=\"839\" data-end=\"868\">prima industria del Paese<\/strong>.<\/p>\n<p data-start=\"873\" data-end=\"1116\">Ha inoltre evidenziato la necessit\u00e0 di <strong data-start=\"912\" data-end=\"952\">integrare diversi mezzi di trasporto<\/strong> \u2014 treni, autobus e aerei \u2014 per offrire un\u2019esperienza di viaggio completa e confortevole, puntando a una mobilit\u00e0 coordinata e funzionale per cittadini e turisti.<\/p>\n\n\t\t<style>\n\t\t\t#gallery-1 {\n\t\t\t\tmargin: auto;\n\t\t\t}\n\t\t\t#gallery-1 .gallery-item {\n\t\t\t\tfloat: left;\n\t\t\t\tmargin-top: 10px;\n\t\t\t\ttext-align: center;\n\t\t\t\twidth: 33%;\n\t\t\t}\n\t\t\t#gallery-1 img {\n\t\t\t\tborder: 2px solid #cfcfcf;\n\t\t\t}\n\t\t\t#gallery-1 .gallery-caption {\n\t\t\t\tmargin-left: 0;\n\t\t\t}\n\t\t\t\/* see gallery_shortcode() in wp-includes\/media.php *\/\n\t\t<\/style>\n\t\t<div id='gallery-1' class='gallery galleryid-271555 gallery-columns-3 gallery-size-medium'><dl class='gallery-item'>\n\t\t\t<dt class='gallery-icon landscape'>\n\t\t\t\t<a href=\"https:\/\/quicosenza.it\/news\/cosenza-la-nuova-flotta-busitalia-per-collegamenti-a-lunga-percorrenza-comodi-come-in-treno-foto\/bus-italia-salvini1\/\"><img loading=\"lazy\" decoding=\"async\" width=\"300\" height=\"190\" src=\"https:\/\/quicosenza.it\/news\/wp-content\/uploads\/2025\/10\/Bus-Italia-Salvini1-300x190.jpg\" class=\"attachment-medium size-medium\" alt=\"\" srcset=\"https:\/\/quicosenza.it\/news\/wp-content\/uploads\/2025\/10\/Bus-Italia-Salvini1-300x190.jpg 300w, https:\/\/quicosenza.it\/news\/wp-content\/uploads\/2025\/10\/Bus-Italia-Salvini1-768x487.jpg 768w, https:\/\/quicosenza.it\/news\/wp-content\/uploads\/2025\/10\/Bus-Italia-Salvini1-662x420.jpg 662w, https:\/\/quicosenza.it\/news\/wp-content\/uploads\/2025\/10\/Bus-Italia-Salvini1-150x95.jpg 150w, https:\/\/quicosenza.it\/news\/wp-content\/uploads\/2025\/10\/Bus-Italia-Salvini1-696x441.jpg 696w, https:\/\/quicosenza.it\/news\/wp-content\/uploads\/2025\/10\/Bus-Italia-Salvini1.jpg 970w\" sizes=\"auto, (max-width: 300px) 100vw, 300px\" title=\"\"><\/a>\n\t\t\t<\/dt><\/dl><dl class='gallery-item'>\n\t\t\t<dt class='gallery-icon landscape'>\n\t\t\t\t<a href=\"https:\/\/quicosenza.it\/news\/cosenza-la-nuova-flotta-busitalia-per-collegamenti-a-lunga-percorrenza-comodi-come-in-treno-foto\/bus-italia_01\/\"><img loading=\"lazy\" decoding=\"async\" width=\"300\" height=\"189\" src=\"https:\/\/quicosenza.it\/news\/wp-content\/uploads\/2025\/10\/Bus-Italia_01-300x189.jpg\" class=\"attachment-medium size-medium\" alt=\"\" srcset=\"https:\/\/quicosenza.it\/news\/wp-content\/uploads\/2025\/10\/Bus-Italia_01-300x189.jpg 300w, https:\/\/quicosenza.it\/news\/wp-content\/uploads\/2025\/10\/Bus-Italia_01-768x485.jpg 768w, https:\/\/quicosenza.it\/news\/wp-content\/uploads\/2025\/10\/Bus-Italia_01-666x420.jpg 666w, https:\/\/quicosenza.it\/news\/wp-content\/uploads\/2025\/10\/Bus-Italia_01-150x95.jpg 150w, https:\/\/quicosenza.it\/news\/wp-content\/uploads\/2025\/10\/Bus-Italia_01-696x439.jpg 696w, https:\/\/quicosenza.it\/news\/wp-content\/uploads\/2025\/10\/Bus-Italia_01.jpg 970w\" sizes=\"auto, (max-width: 300px) 100vw, 300px\" title=\"\"><\/a>\n\t\t\t<\/dt><\/dl><dl class='gallery-item'>\n\t\t\t<dt class='gallery-icon landscape'>\n\t\t\t\t<a href=\"https:\/\/quicosenza.it\/news\/cosenza-la-nuova-flotta-busitalia-per-collegamenti-a-lunga-percorrenza-comodi-come-in-treno-foto\/bus-italia_03\/\"><img loading=\"lazy\" decoding=\"async\" width=\"300\" height=\"191\" src=\"https:\/\/quicosenza.it\/news\/wp-content\/uploads\/2025\/10\/Bus-Italia_03-300x191.jpg\" class=\"attachment-medium size-medium\" alt=\"Bus talia Cosenza presentazione autobus\" srcset=\"https:\/\/quicosenza.it\/news\/wp-content\/uploads\/2025\/10\/Bus-Italia_03-300x191.jpg 300w, https:\/\/quicosenza.it\/news\/wp-content\/uploads\/2025\/10\/Bus-Italia_03-768x488.jpg 768w, https:\/\/quicosenza.it\/news\/wp-content\/uploads\/2025\/10\/Bus-Italia_03-661x420.jpg 661w, https:\/\/quicosenza.it\/news\/wp-content\/uploads\/2025\/10\/Bus-Italia_03-150x95.jpg 150w, https:\/\/quicosenza.it\/news\/wp-content\/uploads\/2025\/10\/Bus-Italia_03-696x442.jpg 696w, https:\/\/quicosenza.it\/news\/wp-content\/uploads\/2025\/10\/Bus-Italia_03.jpg 970w\" sizes=\"auto, (max-width: 300px) 100vw, 300px\" title=\"\"><\/a>\n\t\t\t<\/dt><\/dl><br style=\"clear: both\" \/>\n\t\t<\/div>\n\n<h3>Flavio Nogara &#8220;Un investimento strategico per la Calabria&#8221;<\/h3>\n<p>Ad illustrare i dettagli \u00e8 stato il <strong>presidente di Busitalia, Flavio Nogara<\/strong>, che ha sottolineato come il progetto si inserisca in una visione pi\u00f9 ampia di integrazione tra trasporto su gomma e ferro, una delle priorit\u00e0 del Gruppo FS. \u201c<em>Il gruppo Ferrovie dello Stato, di cui Busitalia fa parte, punta a <strong>un\u2019integrazione sempre pi\u00f9 forte tra i servizi di trasporto su gomma e ferro<\/strong><\/em> \u2013 ha dichiarato Nogara \u2013. <em>Abbiamo avviato un investimento di 44 milioni di euro per 111 nuovi bus, con un<strong> focus particolare sulla Calabria<\/strong><\/em>. <em><strong>Una parte significativa dei mezzi sar\u00e0 destinata proprio alla Calabria,<\/strong> con l\u2019obiettivo di <strong>rafforzare i collegamenti verso il Centro e il Nord Italia<\/strong>. <\/em><\/p>\n<p><em>&#8220;Riteniamo fondamentale accorciare le distanze del Paese &#8211; ha agguinto &#8211; Vogliamo g<strong>arantire ai cittadini e ai turisti la possibilit\u00e0 di muoversi in tempi sempre pi\u00f9 rapidi e in condizioni di massimo comfort<\/strong>. Con questo investimento, Busitalia conferma la volont\u00e0 di giocare un ruolo di primo piano nel trasporto integrato, sostenibile e orientato alle persone, contribuendo a rendere gli spostamenti non solo pi\u00f9 efficienti, ma anche pi\u00f9 piacevoli e inclusivi&#8221;.<\/em><\/p>\n<p>Nogara ha evidenziato come l\u2019obiettivo non sia solo quello di rinnovare i mezzi, ma di <strong>costruire un servizio di trasporto sempre pi\u00f9 vicino alle esigenze del territorio<\/strong>. \u201c<em>Non siamo una societ\u00e0 che offre servizi standard<\/em> \u2013 ha aggiunto \u2013 <em>ma un<strong> operatore che dialoga con gli enti locali per rispondere in modo sartoriale alle necessit\u00e0 del territorio<\/strong>. Valutiamo nuove soluzioni in base alle richieste, con l\u2019obiettivo di garantire sempre pi\u00f9 efficienza e rapidit\u00e0 negli spostamenti<\/em>\u201d.<\/p>\n\n\t\t<style>\n\t\t\t#gallery-2 {\n\t\t\t\tmargin: auto;\n\t\t\t}\n\t\t\t#gallery-2 .gallery-item {\n\t\t\t\tfloat: left;\n\t\t\t\tmargin-top: 10px;\n\t\t\t\ttext-align: center;\n\t\t\t\twidth: 33%;\n\t\t\t}\n\t\t\t#gallery-2 img {\n\t\t\t\tborder: 2px solid #cfcfcf;\n\t\t\t}\n\t\t\t#gallery-2 .gallery-caption {\n\t\t\t\tmargin-left: 0;\n\t\t\t}\n\t\t\t\/* see gallery_shortcode() in wp-includes\/media.php *\/\n\t\t<\/style>\n\t\t<div id='gallery-2' class='gallery galleryid-271555 gallery-columns-3 gallery-size-medium'><dl class='gallery-item'>\n\t\t\t<dt class='gallery-icon landscape'>\n\t\t\t\t<a href=\"https:\/\/quicosenza.it\/news\/cosenza-la-nuova-flotta-busitalia-per-collegamenti-a-lunga-percorrenza-comodi-come-in-treno-foto\/busitalia-fanzcarusocosenza1\/\"><img loading=\"lazy\" decoding=\"async\" width=\"300\" height=\"192\" src=\"https:\/\/quicosenza.it\/news\/wp-content\/uploads\/2025\/10\/BusItalia-FanzcarusoCosenza1-300x192.jpg\" class=\"attachment-medium size-medium\" alt=\"BusItalia Fanzcaruso Cosenza1\" srcset=\"https:\/\/quicosenza.it\/news\/wp-content\/uploads\/2025\/10\/BusItalia-FanzcarusoCosenza1-300x192.jpg 300w, https:\/\/quicosenza.it\/news\/wp-content\/uploads\/2025\/10\/BusItalia-FanzcarusoCosenza1-768x492.jpg 768w, https:\/\/quicosenza.it\/news\/wp-content\/uploads\/2025\/10\/BusItalia-FanzcarusoCosenza1-656x420.jpg 656w, https:\/\/quicosenza.it\/news\/wp-content\/uploads\/2025\/10\/BusItalia-FanzcarusoCosenza1-150x96.jpg 150w, https:\/\/quicosenza.it\/news\/wp-content\/uploads\/2025\/10\/BusItalia-FanzcarusoCosenza1-696x446.jpg 696w, https:\/\/quicosenza.it\/news\/wp-content\/uploads\/2025\/10\/BusItalia-FanzcarusoCosenza1.jpg 970w\" sizes=\"auto, (max-width: 300px) 100vw, 300px\" title=\"\"><\/a>\n\t\t\t<\/dt><\/dl><dl class='gallery-item'>\n\t\t\t<dt class='gallery-icon landscape'>\n\t\t\t\t<a href=\"https:\/\/quicosenza.it\/news\/cosenza-la-nuova-flotta-busitalia-per-collegamenti-a-lunga-percorrenza-comodi-come-in-treno-foto\/bus-italia04\/\"><img loading=\"lazy\" decoding=\"async\" width=\"300\" height=\"191\" src=\"https:\/\/quicosenza.it\/news\/wp-content\/uploads\/2025\/10\/Bus-Italia04-300x191.jpg\" class=\"attachment-medium size-medium\" alt=\"Bus talia Cosenza presentazione autobus\" srcset=\"https:\/\/quicosenza.it\/news\/wp-content\/uploads\/2025\/10\/Bus-Italia04-300x191.jpg 300w, https:\/\/quicosenza.it\/news\/wp-content\/uploads\/2025\/10\/Bus-Italia04-768x489.jpg 768w, https:\/\/quicosenza.it\/news\/wp-content\/uploads\/2025\/10\/Bus-Italia04-659x420.jpg 659w, https:\/\/quicosenza.it\/news\/wp-content\/uploads\/2025\/10\/Bus-Italia04-150x96.jpg 150w, https:\/\/quicosenza.it\/news\/wp-content\/uploads\/2025\/10\/Bus-Italia04-696x443.jpg 696w, https:\/\/quicosenza.it\/news\/wp-content\/uploads\/2025\/10\/Bus-Italia04.jpg 970w\" sizes=\"auto, (max-width: 300px) 100vw, 300px\" title=\"\"><\/a>\n\t\t\t<\/dt><\/dl><dl class='gallery-item'>\n\t\t\t<dt class='gallery-icon landscape'>\n\t\t\t\t<a href=\"https:\/\/quicosenza.it\/news\/cosenza-la-nuova-flotta-busitalia-per-collegamenti-a-lunga-percorrenza-comodi-come-in-treno-foto\/bus-italia2\/\"><img loading=\"lazy\" decoding=\"async\" width=\"300\" height=\"193\" src=\"https:\/\/quicosenza.it\/news\/wp-content\/uploads\/2025\/10\/Bus-Italia2-300x193.jpg\" class=\"attachment-medium size-medium\" alt=\"Bus talia Cosenza presentazione autobus\" srcset=\"https:\/\/quicosenza.it\/news\/wp-content\/uploads\/2025\/10\/Bus-Italia2-300x193.jpg 300w, https:\/\/quicosenza.it\/news\/wp-content\/uploads\/2025\/10\/Bus-Italia2-768x495.jpg 768w, https:\/\/quicosenza.it\/news\/wp-content\/uploads\/2025\/10\/Bus-Italia2-652x420.jpg 652w, https:\/\/quicosenza.it\/news\/wp-content\/uploads\/2025\/10\/Bus-Italia2-150x97.jpg 150w, https:\/\/quicosenza.it\/news\/wp-content\/uploads\/2025\/10\/Bus-Italia2-696x448.jpg 696w, https:\/\/quicosenza.it\/news\/wp-content\/uploads\/2025\/10\/Bus-Italia2.jpg 970w\" sizes=\"auto, (max-width: 300px) 100vw, 300px\" title=\"\"><\/a>\n\t\t\t<\/dt><\/dl><br style=\"clear: both\" \/>\n\t\t<\/div>\n\n<h3>Comfort e accessibilit\u00e0 al centro del viaggio<\/h3>\n<p>La nuova flotta \u00e8 stata progettata pensando non solo all\u2019efficienza, ma anche alla qualit\u00e0 dell\u2019esperienza di viaggio.<strong> I bus, infatti, sono stati realizzati riducendo il numero dei posti a favore di spazi pi\u00f9 ampi e confortevoli<\/strong>.<\/p>\n<p>\u201c<strong><em>Un viaggio di<\/em>\u00a0<em>unga percorrenza non pu\u00f2 trasformarsi in un disagio per l\u2019utente<\/em>.<\/strong>\u00a0 &#8211; <em>\u2013 <\/em>ha spiegato Nogara<em>. Per questo i<strong> nuovi bus privilegiano il comfort rispetto all\u2019ottimizzazione dei posti<\/strong>. Il nostro obiettivo \u00e8 rendere ogni spostamento il pi\u00f9 piacevole<\/em>.\u00a0Oltre al comfort, gr<strong>ande attenzione \u00e8 stata rivolta a sostenibilit\u00e0 e inclusione<\/strong><em>: &#8220;i nuovi mezzi sono dotati di motori a ridotte emissioni, pedane per persone con ridotta mobilit\u00e0, connessione Wi-Fi e prese USB per ricaricare i dispositivi elettronici&#8221;.<\/em><\/p>\n<p><img loading=\"lazy\" decoding=\"async\" class=\"wp-image-271570 aligncenter\" src=\"https:\/\/quicosenza.it\/news\/wp-content\/uploads\/2025\/10\/BusItalia.jpg\" alt=\"BusItalia\" width=\"481\" height=\"311\" title=\"\" srcset=\"https:\/\/quicosenza.it\/news\/wp-content\/uploads\/2025\/10\/BusItalia.jpg 970w, https:\/\/quicosenza.it\/news\/wp-content\/uploads\/2025\/10\/BusItalia-300x194.jpg 300w, https:\/\/quicosenza.it\/news\/wp-content\/uploads\/2025\/10\/BusItalia-768x496.jpg 768w, https:\/\/quicosenza.it\/news\/wp-content\/uploads\/2025\/10\/BusItalia-650x420.jpg 650w, https:\/\/quicosenza.it\/news\/wp-content\/uploads\/2025\/10\/BusItalia-150x97.jpg 150w, https:\/\/quicosenza.it\/news\/wp-content\/uploads\/2025\/10\/BusItalia-696x450.jpg 696w\" sizes=\"auto, (max-width: 481px) 100vw, 481px\" \/><\/p>\n<h3>Salvini &#8220;alternativa pubblica all&#8217;offerta che fino a oggi era solo privata&#8221;<\/h3>\n<p>&#8220;Grazie ad un investimento di 44 milioni di euro di BusItalia, dipendente da Ferrovie dello Stato, ent<strong>ro dicembre di quest&#8217;anno ci saranno 111 autobus nuovi, pubblici<\/strong>, a prezzi contenuti, che<strong> collegheranno Cosenza e la Calabria con Milano, Bologna, Firenze, Verona, Genova, Pisa<\/strong> e quindi ci sar\u00e0 finalmente un&#8217;alternativa pubblica all&#8217;offerta che fino a oggi era solo privata&#8221;. ha detto il vicepremier e ministro delle Infrastrutture Matteo Salvini arrivato in piazza dopo il suo primo appuntamento a Trebisacce.<\/p>\n<div id=\"attachment_271559\" style=\"width: 505px\" class=\"wp-caption aligncenter\"><img loading=\"lazy\" decoding=\"async\" aria-describedby=\"caption-attachment-271559\" class=\"wp-image-271559\" src=\"https:\/\/quicosenza.it\/news\/wp-content\/uploads\/2025\/10\/BusItalia-Cosenza11.jpg\" alt=\"\" width=\"495\" height=\"316\" title=\"\" srcset=\"https:\/\/quicosenza.it\/news\/wp-content\/uploads\/2025\/10\/BusItalia-Cosenza11.jpg 970w, https:\/\/quicosenza.it\/news\/wp-content\/uploads\/2025\/10\/BusItalia-Cosenza11-300x191.jpg 300w, https:\/\/quicosenza.it\/news\/wp-content\/uploads\/2025\/10\/BusItalia-Cosenza11-768x490.jpg 768w, https:\/\/quicosenza.it\/news\/wp-content\/uploads\/2025\/10\/BusItalia-Cosenza11-658x420.jpg 658w, https:\/\/quicosenza.it\/news\/wp-content\/uploads\/2025\/10\/BusItalia-Cosenza11-150x96.jpg 150w, https:\/\/quicosenza.it\/news\/wp-content\/uploads\/2025\/10\/BusItalia-Cosenza11-696x444.jpg 696w\" sizes=\"auto, (max-width: 495px) 100vw, 495px\" \/><p id=\"caption-attachment-271559\" class=\"wp-caption-text\">Foto Marco Belmonte<\/p><\/div>\n<h3>Caruso &#8220;istituire collegamenti da Cosenza all&#8217;aeroporto d Lamezia&#8221;<\/h3>\n<p data-start=\"194\" data-end=\"585\">Il sindaco di Cosenza, <strong data-start=\"217\" data-end=\"233\">Franz Caruso<\/strong>, ha sottolineato l\u2019importanza della presentazione della nuova flotta di <strong data-start=\"306\" data-end=\"319\">Busitalia<\/strong>, definendola un<strong> riconoscimento per la citt\u00e0 e un passo avanti nello sviluppo dei trasporti locali<\/strong>. I nuovi autobus, moderni e confortevoli, sostituiranno i mezzi esistenti e sono considerati essenziali per attrarre passeggeri e migliorare la qualit\u00e0 del servizio.<\/p>\n<p data-start=\"194\" data-end=\"585\"><img loading=\"lazy\" decoding=\"async\" class=\"wp-image-271569 aligncenter\" src=\"https:\/\/quicosenza.it\/news\/wp-content\/uploads\/2025\/10\/BusItalia10.jpg\" alt=\"\" width=\"577\" height=\"367\" title=\"\" srcset=\"https:\/\/quicosenza.it\/news\/wp-content\/uploads\/2025\/10\/BusItalia10.jpg 970w, https:\/\/quicosenza.it\/news\/wp-content\/uploads\/2025\/10\/BusItalia10-300x191.jpg 300w, https:\/\/quicosenza.it\/news\/wp-content\/uploads\/2025\/10\/BusItalia10-768x489.jpg 768w, https:\/\/quicosenza.it\/news\/wp-content\/uploads\/2025\/10\/BusItalia10-659x420.jpg 659w, https:\/\/quicosenza.it\/news\/wp-content\/uploads\/2025\/10\/BusItalia10-150x96.jpg 150w, https:\/\/quicosenza.it\/news\/wp-content\/uploads\/2025\/10\/BusItalia10-696x443.jpg 696w\" sizes=\"auto, (max-width: 577px) 100vw, 577px\" \/><\/p>\n<p data-start=\"194\" data-end=\"585\">Caruso ha evidenziato la <strong data-start=\"612\" data-end=\"661\">necessit\u00e0 di collegare Cosenza agli aeroporti<\/strong>, in particolare con quello di <strong data-start=\"678\" data-end=\"695\">Lamezia Terme<\/strong>, attualmente sprovvisti di un servizio stabile di trasporto pubblico. Ha invitato Busitalia a valutare la creazione di una strategia dedicata, sottolineando l\u2019importanza di servizi <strong data-start=\"877\" data-end=\"899\">smart e innovativi<\/strong>, coerenti con la visione della citt\u00e0 come futura <strong data-start=\"949\" data-end=\"963\">Smart City<\/strong>, e capaci di ridurre l\u2019uso del mezzo privato. \u201c<em>La nostra provincia, la seconda pi\u00f9 estesa della Calabria, ha bisogno di collegamenti efficienti sia interni sia con il resto del Paese. La disponibilit\u00e0 di una societ\u00e0 come Busitalia \u00e8 fondamentale per rispondere a queste esigenze<\/em>\u201d, ha dichiarato il sindaco.<\/p>\n<blockquote data-start=\"1013\" data-end=\"1279\">\n<p data-start=\"1015\" data-end=\"1279\">\n<\/blockquote>\n","protected":false},"excerpt":{"rendered":"<p>Busitalia ha confermato il proprio impegno nella mobilit\u00e0 integrata in Calabria con l&#8217;utilizzo di 18 nuovi autobus presentati oggi a Cosenza<\/p>\n","protected":false},"author":23,"featured_media":271560,"comment_status":"closed","ping_status":"closed","sticky":false,"template":"","format":"standard","meta":{"_acf_changed":false,"footnotes":"","jetpack_publicize_message":"","jetpack_publicize_feature_enabled":true,"jetpack_social_post_already_shared":false,"jetpack_social_options":{"image_generator_settings":{"template":"highway","default_image_id":0,"font":"","enabled":false},"version":2}},"categories":[563,42],"tags":[19],"class_list":["post-271555","post","type-post","status-publish","format-standard","has-post-thumbnail","hentry","category-area-urbana","category-cosenza","tag-copertina"],"acf":[],"jetpack_publicize_connections":[],"_links":{"self":[{"href":"https:\/\/quicosenza.it\/news\/wp-json\/wp\/v2\/posts\/271555","targetHints":{"allow":["GET"]}}],"collection":[{"href":"https:\/\/quicosenza.it\/news\/wp-json\/wp\/v2\/posts"}],"about":[{"href":"https:\/\/quicosenza.it\/news\/wp-json\/wp\/v2\/types\/post"}],"author":[{"embeddable":true,"href":"https:\/\/quicosenza.it\/news\/wp-json\/wp\/v2\/users\/23"}],"replies":[{"embeddable":true,"href":"https:\/\/quicosenza.it\/news\/wp-json\/wp\/v2\/comments?post=271555"}],"version-history":[{"count":0,"href":"https:\/\/quicosenza.it\/news\/wp-json\/wp\/v2\/posts\/271555\/revisions"}],"wp:featuredmedia":[{"embeddable":true,"href":"https:\/\/quicosenza.it\/news\/wp-json\/wp\/v2\/media\/271560"}],"wp:attachment":[{"href":"https:\/\/quicosenza.it\/news\/wp-json\/wp\/v2\/media?parent=271555"}],"wp:term":[{"taxonomy":"category","embeddable":true,"href":"https:\/\/quicosenza.it\/news\/wp-json\/wp\/v2\/categories?post=271555"},{"taxonomy":"post_tag","embeddable":true,"href":"https:\/\/quicosenza.it\/news\/wp-json\/wp\/v2\/tags?post=271555"}],"curies":[{"name":"wp","href":"https:\/\/api.w.org\/{rel}","templated":true}]}}