{"id":271647,"date":"2025-10-02T09:00:49","date_gmt":"2025-10-02T07:00:49","guid":{"rendered":"https:\/\/www.quicosenza.it\/news\/?p=271647"},"modified":"2025-10-02T08:39:12","modified_gmt":"2025-10-02T06:39:12","slug":"regionali-del-giudice-rinuncio-a-meta-dello-stipendio-da-consigliere-fondi-alle-associazioni-oncologiche","status":"publish","type":"post","link":"https:\/\/quicosenza.it\/news\/regionali-del-giudice-rinuncio-a-meta-dello-stipendio-da-consigliere-fondi-alle-associazioni-oncologiche\/","title":{"rendered":"Regionali: Del Giudice \u00abrinuncio a met\u00e0 dello stipendio da consigliere, fondi alle associazioni oncologiche\u00bb"},"content":{"rendered":"<p>COSENZA &#8211; &#8220;In un tempo in cui la politica troppo spesso appare distante, autoreferenziale e priva di sensibilit\u00e0 umana, c&#8217;\u00e8 chi sceglie di andare controcorrente&#8221;. Cos\u00ec Sergio Giannino Del Giudice, candidato alle prossime Regionali nella lista Noi Moderati con Roberto Occhiuto Presidente, ha annunciato pubblicamente, attraverso un video sui social, che <strong>rinuncer\u00e0 alla met\u00e0 della sua retribuzione<\/strong> da <strong>consigliere regionale per destinarla alle Associazioni che ogni giorno si prendono cura dei malati oncologici e delle loro famiglie.<\/strong><\/p>\n<p data-start=\"847\" data-end=\"1172\">Una scelta comunicata attraverso un <strong>video sui social<\/strong>, senza toni trionfalistici, ma con la forza di chi parla con sincerit\u00e0. I fondi saranno destinati alle associazioni che si occupano ogni giorno di malati oncologici e delle loro famiglie: una rete silenziosa ma vitale che opera tra le pieghe del dolore e della speranza. <strong>La sua decisione nasce da una storia personale di sofferenza, di lotta contro il cancro<\/strong>, di contatto diretto con la paura e la fragilit\u00e0. E proprio da l\u00ec, dalla consapevolezza maturata sulla propria pelle, sceglie di trasformare l\u2019esperienza individuale in un impegno pubblico.\u00a0\u201c<strong>Non \u00e8 solo una questione di soldi <\/strong>\u2013 ha spiegato \u2013<strong> ma di valori.<\/strong> La politica deve tornare ad ascoltare, a farsi carico della vita reale delle persone\u201d.<\/p>\n","protected":false},"excerpt":{"rendered":"<p>COSENZA &#8211; &#8220;In un tempo in cui la politica troppo spesso appare distante, autoreferenziale e priva di sensibilit\u00e0 umana, c&#8217;\u00e8 chi sceglie di andare controcorrente&#8221;. Cos\u00ec Sergio Giannino Del Giudice, candidato alle prossime Regionali nella lista Noi Moderati con Roberto Occhiuto Presidente, ha annunciato pubblicamente, attraverso un video sui social, che rinuncer\u00e0 alla met\u00e0 della [&hellip;]<\/p>\n","protected":false},"author":42,"featured_media":271648,"comment_status":"closed","ping_status":"closed","sticky":false,"template":"","format":"standard","meta":{"_acf_changed":false,"footnotes":"","jetpack_publicize_message":"","jetpack_publicize_feature_enabled":true,"jetpack_social_post_already_shared":false,"jetpack_social_options":{"image_generator_settings":{"template":"highway","default_image_id":0,"font":"","enabled":false},"version":2}},"categories":[563,42],"tags":[19],"class_list":["post-271647","post","type-post","status-publish","format-standard","has-post-thumbnail","hentry","category-area-urbana","category-cosenza","tag-copertina"],"acf":[],"jetpack_publicize_connections":[],"_links":{"self":[{"href":"https:\/\/quicosenza.it\/news\/wp-json\/wp\/v2\/posts\/271647","targetHints":{"allow":["GET"]}}],"collection":[{"href":"https:\/\/quicosenza.it\/news\/wp-json\/wp\/v2\/posts"}],"about":[{"href":"https:\/\/quicosenza.it\/news\/wp-json\/wp\/v2\/types\/post"}],"author":[{"embeddable":true,"href":"https:\/\/quicosenza.it\/news\/wp-json\/wp\/v2\/users\/42"}],"replies":[{"embeddable":true,"href":"https:\/\/quicosenza.it\/news\/wp-json\/wp\/v2\/comments?post=271647"}],"version-history":[{"count":0,"href":"https:\/\/quicosenza.it\/news\/wp-json\/wp\/v2\/posts\/271647\/revisions"}],"wp:featuredmedia":[{"embeddable":true,"href":"https:\/\/quicosenza.it\/news\/wp-json\/wp\/v2\/media\/271648"}],"wp:attachment":[{"href":"https:\/\/quicosenza.it\/news\/wp-json\/wp\/v2\/media?parent=271647"}],"wp:term":[{"taxonomy":"category","embeddable":true,"href":"https:\/\/quicosenza.it\/news\/wp-json\/wp\/v2\/categories?post=271647"},{"taxonomy":"post_tag","embeddable":true,"href":"https:\/\/quicosenza.it\/news\/wp-json\/wp\/v2\/tags?post=271647"}],"curies":[{"name":"wp","href":"https:\/\/api.w.org\/{rel}","templated":true}]}}