{"id":271737,"date":"2025-10-04T08:56:35","date_gmt":"2025-10-04T06:56:35","guid":{"rendered":"https:\/\/www.quicosenza.it\/news\/?p=271737"},"modified":"2025-10-13T07:39:43","modified_gmt":"2025-10-13T05:39:43","slug":"inquinamento-a-rende-come-sono-scomparsi-i-laghi-della-legnochimica-video","status":"publish","type":"post","link":"https:\/\/quicosenza.it\/news\/inquinamento-a-rende-come-sono-scomparsi-i-laghi-della-legnochimica-video\/","title":{"rendered":"Inquinamento a Rende: come sono \u201cscomparsi\u201d i laghi della Legnochimica &#8211; VIDEO"},"content":{"rendered":"<p>COSENZA \u2013 Inquinamento a <strong>Rende<\/strong>, nell\u2019area dell\u2019ex Legnochimica. La fabbrica di propriet\u00e0 della famiglia Battaglia di Mondov\u00ec, dal 1968 al 2002 ha estratto tannino per produrre pannelli in contrada Lecco ed ha lasciato in eredit\u00e0, una lunga scia di morti sospette. Decessi registrati non solo tra i suoi<a href=\"https:\/\/quicosenza.it\/news\/area-urbana\/rende\/68414-ex-operaio-legnochimica-svuotavamo-le-vasche-nel-crati-i-pesci-morivano-ed-era-vietato-parlare-di-inquinamento\">\u00a0400 operai<\/a>, dei quali ormai si contano pochi superstiti, ma anche tra <strong>i residenti della zona industriale che ancora oggi chiedono a gran voce la bonifica delle vasche<\/strong> di decantazione nelle quali l\u2019impresa sversava reflui industriali.<\/p>\n<h3>Inquinamento e disastro ambientale dell\u2019ex Legnochimica<\/h3>\n<p>La contaminazione dell\u2019area \u00e8 certificata dall\u2019unica perizia ad oggi disponibile, quella stilata nel 2011 dall\u2019ex rettore dell\u2019Universit\u00e0 della Calabria Gino Mirocle Crisci. Il noto biologo denunci\u00f2 con dati scientifici come fossero presenti, in alcuni casi 100.000 volte in pi\u00f9 del valore consentito per legge, sostanze cancerogene quali<strong>: alluminio, ferro, manganese, arsenico, berillo, cromo, nichel e mercurio.<\/strong><\/p>\n<p>La Procura di Cosenza \u00e8 intervenuta in pi\u00f9 occasioni sequestrando terreni e pozzi. Le indagini della magistratura, per disastro ambientale e omessa bonifica, hanno portato alla condanna dell\u2019ex liquidatore Pasquale Bilotta a 9 mesi di reclusione. Si attende ora l\u2019esito della <a href=\"https:\/\/quicosenza.it\/news\/area-urbana\/ex-legnochimica-e-malattie-sospette-rende-attende-bonifica-e-sentenza-dappello\">sentenza della Corte d\u2019Appello<\/a> di Catanzaro.<\/p>\n<p>Nonostante ci\u00f2, in oltre 20 anni, <strong>n\u00e9 il Comune di Rende n\u00e9 la Regione Calabria<\/strong> (e tantomeno la Provincia di Cosenza che autorizz\u00f2 lo scarico di rifiuti nel Crati), hanno inteso mettere in sicurezza l\u2019area, pur avendo l\u2019opportunit\u00e0 di accedere a finanziamenti destinati alle bonifiche.<\/p>\n<h3>I laghi chimici della zona industriale di Rende<\/h3>\n<p>Nel frattempo <strong>incendi<\/strong> e fenomeni di <strong>autocombustione<\/strong> negli anni sono diventati <strong>l\u2019incubo dei rendesi<\/strong> che abitano quel fazzoletto di territorio che costeggia il Crati. In alcune estati come quella del 2008 o quella del 2015 per diversi giorni i Vigili del Fuoco hanno lavorato nell\u2019area dell\u2019ex Legnochimica per domare le fiamme. <strong>Oggi degli 8 laghetti artificiali<\/strong> creati dal continuo sversamento dei liquami industriali <a href=\"https:\/\/quicosenza.it\/news\/area-urbana\/nellarea-ex-legnochimica-calabra-maceri-aprira-un-nuovo-impianto-i-timori-dei-residenti-foto\">dell\u2019ex Legnochimica<\/a> ne resta <strong>solo uno.<\/strong><\/p>\n<p>Non sono per\u00f2 stati decontaminati, ma banalmente <strong>coperti, senza alcun tipo di bonifica<\/strong>. Imprenditori \u201c<strong>ingenui<\/strong>\u201d si sono spinti sino a costruire anche dei capannoni sui laghi chimici frutto dello sviluppo industriale voluto da Cecchino Principe (all\u2019epoca sindaco di Rende e sottosegretario al Ministero dell\u2019Agricoltura) che sollecit\u00f2 la costruzione della Legnochimica sui terreni del barone Giorcelli.<\/p>\n<h3>Come sono scomparsi i laghi dell\u2019ex Legnochimica<\/h3>\n<p>Non \u00e8 stata smantellata la rete di canali sotterranei che sembrerebbe collegassero gli 8 laghi chimici al Crati attraverso una <strong>saracinesca che veniva sollevata dall\u2019interno degli stabilimenti dell\u2019ex Legnochimica.<\/strong> \u00c8 caduta nel dimenticatoio, mentre la famiglia Battaglia pur dichiarando di avere <a href=\"https:\/\/quicosenza.it\/news\/area-urbana\/rende\/137081-lex-legnochimica-solo-venti-euro-cassa-bonificare-rende\">solo 20 euro<\/a> nel conto corrente della fallita Legnochimica ha inaugurato nella stessa struttura una fabbrica di peptina:<a href=\"https:\/\/www.silvateam.it\/\" rel=\"noopener\"> la Silvateam<\/a>.<\/p>\n<p>Parte dei terreni sono stati venduti al gruppo Falck che ha colto l\u2019occasione per inaugurare (nel 2003) la centrale a biomasse dell\u2019Ecosesto, alimentata dal legname prelevato soprattutto dalle floride foreste della Sila.<\/p>\n<p>Calabra Maceri \u00e8 l\u2019azienda che pi\u00f9 ha beneficiato della svendita degli immobili dell\u2019ex fabbrica di tannino estendendosi sulle sue ceneri. Tra i suoi pi\u00f9 recenti interventi vi sono nel 2018 il taglio del nastro della bioraffineria e nel 2024 del nuovo impianto di pretrattamento dei rifiuti (250 tonnellate al giorno) da bruciare negli inceneritori (Combustibile Solido Secondario).<\/p>\n<p><strong>La nuova amministrazione guidata da Sandro<\/strong> <strong>Principe<\/strong> (gi\u00e0 sindaco di Rende dal 1980 al 1987 e dal 1999 al 2005, nonch\u00e9 consigliere regionale dal 2005 al 2015) <strong>sta analizzando lo stato dell\u2019arte<\/strong>. Poi cercher\u00e0 di capire l\u2019eventuale tipo di bonifica da attuare. <strong>Intanto le immagini storiche di Google Earth in timelaps rivelano come i laghi chimici siano \u201cscomparsi\u201d negli ultimi 20 anni. E come i capannoni si siano ampliati.<\/strong><\/p>\n","protected":false},"excerpt":{"rendered":"<p>COSENZA \u2013 Inquinamento a Rende, nell\u2019area dell\u2019ex Legnochimica. La fabbrica di propriet\u00e0 della famiglia Battaglia di Mondov\u00ec, dal 1968 al 2002 ha estratto tannino per produrre pannelli in contrada Lecco ed ha lasciato in eredit\u00e0, una lunga scia di morti sospette. Decessi registrati non solo tra i suoi\u00a0400 operai, dei quali ormai si contano pochi [&hellip;]<\/p>\n","protected":false},"author":18,"featured_media":271750,"comment_status":"closed","ping_status":"closed","sticky":false,"template":"","format":"video","meta":{"_acf_changed":false,"footnotes":"","jetpack_publicize_message":"","jetpack_publicize_feature_enabled":true,"jetpack_social_post_already_shared":false,"jetpack_social_options":{"image_generator_settings":{"template":"highway","default_image_id":0,"font":"","enabled":false},"version":2}},"categories":[563,573],"tags":[19,135],"class_list":["post-271737","post","type-post","status-publish","format-video","has-post-thumbnail","hentry","category-area-urbana","category-focus","tag-copertina","tag-video","post_format-post-format-video"],"acf":[],"jetpack_publicize_connections":[],"_links":{"self":[{"href":"https:\/\/quicosenza.it\/news\/wp-json\/wp\/v2\/posts\/271737","targetHints":{"allow":["GET"]}}],"collection":[{"href":"https:\/\/quicosenza.it\/news\/wp-json\/wp\/v2\/posts"}],"about":[{"href":"https:\/\/quicosenza.it\/news\/wp-json\/wp\/v2\/types\/post"}],"author":[{"embeddable":true,"href":"https:\/\/quicosenza.it\/news\/wp-json\/wp\/v2\/users\/18"}],"replies":[{"embeddable":true,"href":"https:\/\/quicosenza.it\/news\/wp-json\/wp\/v2\/comments?post=271737"}],"version-history":[{"count":0,"href":"https:\/\/quicosenza.it\/news\/wp-json\/wp\/v2\/posts\/271737\/revisions"}],"wp:featuredmedia":[{"embeddable":true,"href":"https:\/\/quicosenza.it\/news\/wp-json\/wp\/v2\/media\/271750"}],"wp:attachment":[{"href":"https:\/\/quicosenza.it\/news\/wp-json\/wp\/v2\/media?parent=271737"}],"wp:term":[{"taxonomy":"category","embeddable":true,"href":"https:\/\/quicosenza.it\/news\/wp-json\/wp\/v2\/categories?post=271737"},{"taxonomy":"post_tag","embeddable":true,"href":"https:\/\/quicosenza.it\/news\/wp-json\/wp\/v2\/tags?post=271737"}],"curies":[{"name":"wp","href":"https:\/\/api.w.org\/{rel}","templated":true}]}}