{"id":271755,"date":"2025-10-03T10:11:44","date_gmt":"2025-10-03T08:11:44","guid":{"rendered":"https:\/\/www.quicosenza.it\/news\/?p=271755"},"modified":"2025-10-03T11:37:00","modified_gmt":"2025-10-03T09:37:00","slug":"sciopero-generale-cosenza-piazza-per-gaza-non-restiamo-in-silenzio-davanti-al-genocidio","status":"publish","type":"post","link":"https:\/\/quicosenza.it\/news\/sciopero-generale-cosenza-piazza-per-gaza-non-restiamo-in-silenzio-davanti-al-genocidio\/","title":{"rendered":"Sciopero generale a Cosenza, in piazza per Gaza: \u00abNon restiamo in silenzio davanti al genocidio\u00bb"},"content":{"rendered":"<p>COSENZA &#8211; Anche <strong>Cosenza<\/strong> si unisce alla <strong>mobilitazione nazionale per la Palestina<\/strong>. Dopo la grande partecipazione alla manifestazione a<a href=\"https:\/\/quicosenza.it\/news\/area-urbana\/cosenza-in-piazza-contro-il-massacro-del-popolo-palestinese-non-puo-avvenire-nel-silenzio-e-nellindifferenza\">\u00a0settembre<\/a>, che ha visto oltre mezzo milione di persone in piazza in tutta Italia, e il corteo di <a href=\"https:\/\/quicosenza.it\/news\/area-urbana\/cosenza-dal-flash-mob-allannunziata-al-corteo-contro-il-genocidio-oggi-lo-sciopero-generale-nazionale\">ieri sera<\/a>, ancora una volta la citt\u00e0 dei Bruzi risponde &#8216;presente&#8217; con una manifestazione<strong> che attraversa le strade del centro in direzione del Comune per poi risalire verso via Roma.<\/strong><\/p>\n<p><img loading=\"lazy\" decoding=\"async\" class=\"wp-image-271780 aligncenter\" src=\"https:\/\/quicosenza.it\/news\/wp-content\/uploads\/2025\/10\/Manifetazione-ProPal.jpg\" alt=\"Manifestazione ProPal Cosenza\" width=\"503\" height=\"319\" title=\"\" srcset=\"https:\/\/quicosenza.it\/news\/wp-content\/uploads\/2025\/10\/Manifetazione-ProPal.jpg 970w, https:\/\/quicosenza.it\/news\/wp-content\/uploads\/2025\/10\/Manifetazione-ProPal-300x191.jpg 300w, https:\/\/quicosenza.it\/news\/wp-content\/uploads\/2025\/10\/Manifetazione-ProPal-768x488.jpg 768w, https:\/\/quicosenza.it\/news\/wp-content\/uploads\/2025\/10\/Manifetazione-ProPal-661x420.jpg 661w, https:\/\/quicosenza.it\/news\/wp-content\/uploads\/2025\/10\/Manifetazione-ProPal-150x95.jpg 150w, https:\/\/quicosenza.it\/news\/wp-content\/uploads\/2025\/10\/Manifetazione-ProPal-696x442.jpg 696w\" sizes=\"auto, (max-width: 503px) 100vw, 503px\" \/><\/p>\n<p>Stamattina il raduno in piazza Kennedy di <strong>studenti, lavoratori, sindacalisti e cittadini<\/strong>, non solo per esprimere vicinanza al popolo palestinese e denunciare le violenze nella Striscia di Gaza, ma anche per <strong>condannare l\u2019attacco alla flotta umanitaria \u201cGlobal Sumud Flotilla\u201d,<\/strong> sequestrata dalle autorit\u00e0 israeliana mentre tentava di consegnare aiuti a Gaza. \u00ab\u00c8 un genocidio sostenuto da potenze occidentali \u2013 denunciano gli organizzatori \u2013 e la fame \u00e8 usata come arma. <strong>Non possiamo pi\u00f9 restare a guardare<\/strong>\u00bb.<\/p>\n\n\t\t<style>\n\t\t\t#gallery-1 {\n\t\t\t\tmargin: auto;\n\t\t\t}\n\t\t\t#gallery-1 .gallery-item {\n\t\t\t\tfloat: left;\n\t\t\t\tmargin-top: 10px;\n\t\t\t\ttext-align: center;\n\t\t\t\twidth: 50%;\n\t\t\t}\n\t\t\t#gallery-1 img {\n\t\t\t\tborder: 2px solid #cfcfcf;\n\t\t\t}\n\t\t\t#gallery-1 .gallery-caption {\n\t\t\t\tmargin-left: 0;\n\t\t\t}\n\t\t\t\/* see gallery_shortcode() in wp-includes\/media.php *\/\n\t\t<\/style>\n\t\t<div id='gallery-1' class='gallery galleryid-271755 gallery-columns-2 gallery-size-medium'><dl class='gallery-item'>\n\t\t\t<dt class='gallery-icon landscape'>\n\t\t\t\t<a href='https:\/\/quicosenza.it\/news\/sciopero-generale-cosenza-piazza-per-gaza-non-restiamo-in-silenzio-davanti-al-genocidio\/piazza-kennedy-sciopero-generale-cosenza-gaza-03-ottobre-04\/'><img loading=\"lazy\" decoding=\"async\" width=\"300\" height=\"186\" src=\"https:\/\/quicosenza.it\/news\/wp-content\/uploads\/2025\/10\/piazza-kennedy-sciopero-generale-cosenza-gaza-03-ottobre-04-300x186.jpg\" class=\"attachment-medium size-medium\" alt=\"\" srcset=\"https:\/\/quicosenza.it\/news\/wp-content\/uploads\/2025\/10\/piazza-kennedy-sciopero-generale-cosenza-gaza-03-ottobre-04-300x186.jpg 300w, https:\/\/quicosenza.it\/news\/wp-content\/uploads\/2025\/10\/piazza-kennedy-sciopero-generale-cosenza-gaza-03-ottobre-04-768x475.jpg 768w, https:\/\/quicosenza.it\/news\/wp-content\/uploads\/2025\/10\/piazza-kennedy-sciopero-generale-cosenza-gaza-03-ottobre-04-679x420.jpg 679w, https:\/\/quicosenza.it\/news\/wp-content\/uploads\/2025\/10\/piazza-kennedy-sciopero-generale-cosenza-gaza-03-ottobre-04-150x93.jpg 150w, https:\/\/quicosenza.it\/news\/wp-content\/uploads\/2025\/10\/piazza-kennedy-sciopero-generale-cosenza-gaza-03-ottobre-04-696x431.jpg 696w, https:\/\/quicosenza.it\/news\/wp-content\/uploads\/2025\/10\/piazza-kennedy-sciopero-generale-cosenza-gaza-03-ottobre-04-356x220.jpg 356w, https:\/\/quicosenza.it\/news\/wp-content\/uploads\/2025\/10\/piazza-kennedy-sciopero-generale-cosenza-gaza-03-ottobre-04.jpg 970w\" sizes=\"auto, (max-width: 300px) 100vw, 300px\" title=\"\"><\/a>\n\t\t\t<\/dt><\/dl><dl class='gallery-item'>\n\t\t\t<dt class='gallery-icon landscape'>\n\t\t\t\t<a href='https:\/\/quicosenza.it\/news\/sciopero-generale-cosenza-piazza-per-gaza-non-restiamo-in-silenzio-davanti-al-genocidio\/piazza-kennedy-sciopero-generale-cosenza-gaza-03-ottobre-06\/'><img loading=\"lazy\" decoding=\"async\" width=\"300\" height=\"186\" src=\"https:\/\/quicosenza.it\/news\/wp-content\/uploads\/2025\/10\/piazza-kennedy-sciopero-generale-cosenza-gaza-03-ottobre-06-300x186.jpg\" class=\"attachment-medium size-medium\" alt=\"\" srcset=\"https:\/\/quicosenza.it\/news\/wp-content\/uploads\/2025\/10\/piazza-kennedy-sciopero-generale-cosenza-gaza-03-ottobre-06-300x186.jpg 300w, https:\/\/quicosenza.it\/news\/wp-content\/uploads\/2025\/10\/piazza-kennedy-sciopero-generale-cosenza-gaza-03-ottobre-06-768x475.jpg 768w, https:\/\/quicosenza.it\/news\/wp-content\/uploads\/2025\/10\/piazza-kennedy-sciopero-generale-cosenza-gaza-03-ottobre-06-679x420.jpg 679w, https:\/\/quicosenza.it\/news\/wp-content\/uploads\/2025\/10\/piazza-kennedy-sciopero-generale-cosenza-gaza-03-ottobre-06-150x93.jpg 150w, https:\/\/quicosenza.it\/news\/wp-content\/uploads\/2025\/10\/piazza-kennedy-sciopero-generale-cosenza-gaza-03-ottobre-06-696x431.jpg 696w, https:\/\/quicosenza.it\/news\/wp-content\/uploads\/2025\/10\/piazza-kennedy-sciopero-generale-cosenza-gaza-03-ottobre-06-356x220.jpg 356w, https:\/\/quicosenza.it\/news\/wp-content\/uploads\/2025\/10\/piazza-kennedy-sciopero-generale-cosenza-gaza-03-ottobre-06.jpg 970w\" sizes=\"auto, (max-width: 300px) 100vw, 300px\" title=\"\"><\/a>\n\t\t\t<\/dt><\/dl><br style=\"clear: both\" \/><dl class='gallery-item'>\n\t\t\t<dt class='gallery-icon landscape'>\n\t\t\t\t<a href='https:\/\/quicosenza.it\/news\/sciopero-generale-cosenza-piazza-per-gaza-non-restiamo-in-silenzio-davanti-al-genocidio\/piazza-kennedy-sciopero-generale-cosenza-gaza-03-ottobre-07\/'><img loading=\"lazy\" decoding=\"async\" width=\"300\" height=\"186\" src=\"https:\/\/quicosenza.it\/news\/wp-content\/uploads\/2025\/10\/piazza-kennedy-sciopero-generale-cosenza-gaza-03-ottobre-07-300x186.jpg\" class=\"attachment-medium size-medium\" alt=\"\" srcset=\"https:\/\/quicosenza.it\/news\/wp-content\/uploads\/2025\/10\/piazza-kennedy-sciopero-generale-cosenza-gaza-03-ottobre-07-300x186.jpg 300w, https:\/\/quicosenza.it\/news\/wp-content\/uploads\/2025\/10\/piazza-kennedy-sciopero-generale-cosenza-gaza-03-ottobre-07-768x475.jpg 768w, https:\/\/quicosenza.it\/news\/wp-content\/uploads\/2025\/10\/piazza-kennedy-sciopero-generale-cosenza-gaza-03-ottobre-07-679x420.jpg 679w, https:\/\/quicosenza.it\/news\/wp-content\/uploads\/2025\/10\/piazza-kennedy-sciopero-generale-cosenza-gaza-03-ottobre-07-150x93.jpg 150w, https:\/\/quicosenza.it\/news\/wp-content\/uploads\/2025\/10\/piazza-kennedy-sciopero-generale-cosenza-gaza-03-ottobre-07-696x431.jpg 696w, https:\/\/quicosenza.it\/news\/wp-content\/uploads\/2025\/10\/piazza-kennedy-sciopero-generale-cosenza-gaza-03-ottobre-07-356x220.jpg 356w, https:\/\/quicosenza.it\/news\/wp-content\/uploads\/2025\/10\/piazza-kennedy-sciopero-generale-cosenza-gaza-03-ottobre-07.jpg 970w\" sizes=\"auto, (max-width: 300px) 100vw, 300px\" title=\"\"><\/a>\n\t\t\t<\/dt><\/dl><dl class='gallery-item'>\n\t\t\t<dt class='gallery-icon landscape'>\n\t\t\t\t<a href='https:\/\/quicosenza.it\/news\/sciopero-generale-cosenza-piazza-per-gaza-non-restiamo-in-silenzio-davanti-al-genocidio\/piazza-kennedy-sciopero-generale-cosenza-gaza-03-ottobre-078\/'><img loading=\"lazy\" decoding=\"async\" width=\"300\" height=\"186\" src=\"https:\/\/quicosenza.it\/news\/wp-content\/uploads\/2025\/10\/piazza-kennedy-sciopero-generale-cosenza-gaza-03-ottobre-078-300x186.jpg\" class=\"attachment-medium size-medium\" alt=\"\" srcset=\"https:\/\/quicosenza.it\/news\/wp-content\/uploads\/2025\/10\/piazza-kennedy-sciopero-generale-cosenza-gaza-03-ottobre-078-300x186.jpg 300w, https:\/\/quicosenza.it\/news\/wp-content\/uploads\/2025\/10\/piazza-kennedy-sciopero-generale-cosenza-gaza-03-ottobre-078-768x475.jpg 768w, https:\/\/quicosenza.it\/news\/wp-content\/uploads\/2025\/10\/piazza-kennedy-sciopero-generale-cosenza-gaza-03-ottobre-078-679x420.jpg 679w, https:\/\/quicosenza.it\/news\/wp-content\/uploads\/2025\/10\/piazza-kennedy-sciopero-generale-cosenza-gaza-03-ottobre-078-150x93.jpg 150w, https:\/\/quicosenza.it\/news\/wp-content\/uploads\/2025\/10\/piazza-kennedy-sciopero-generale-cosenza-gaza-03-ottobre-078-696x431.jpg 696w, https:\/\/quicosenza.it\/news\/wp-content\/uploads\/2025\/10\/piazza-kennedy-sciopero-generale-cosenza-gaza-03-ottobre-078-356x220.jpg 356w, https:\/\/quicosenza.it\/news\/wp-content\/uploads\/2025\/10\/piazza-kennedy-sciopero-generale-cosenza-gaza-03-ottobre-078.jpg 970w\" sizes=\"auto, (max-width: 300px) 100vw, 300px\" title=\"\"><\/a>\n\t\t\t<\/dt><\/dl><br style=\"clear: both\" \/>\n\t\t<\/div>\n\n<h3>&#8220;Blocchiamo il genocidio&#8221;<\/h3>\n<p>E&#8217; la frase sullo striscione che guida il corteo e a spiegare il senso della mobilitazione \u00e8 Stefano Catanzariti che punta il dito contro il governo in materia di <strong>politiche estere e spesa militare<\/strong>, reclamando invece <strong>investimenti concreti sul territorio<\/strong>. \u00abI manifestanti chiedono a gran voce la fine della complicit\u00e0 italiana nei conflitti internazionali e la riconversione delle enormi risorse destinate agli armamenti verso infrastrutture e servizi pubblici (sanit\u00e0, istruzione, rete idrica e trasporti)\u00bb. Settori che \u2014 secondo i partecipanti \u2014 devono essere priorit\u00e0 per garantire dignit\u00e0 e futuro alla Calabria e al Paese. Il corteo si muova tra interventi al megafono, striscioni e cittadini che intonano cori di solidariet\u00e0 e di protesta.<\/p>\n<p><img loading=\"lazy\" decoding=\"async\" class=\" wp-image-271759 aligncenter\" src=\"https:\/\/quicosenza.it\/news\/wp-content\/uploads\/2025\/10\/piazza-kennedy-sciopero-generale-cosenza-gaza-03-ottobre-01-1.jpg\" alt=\"\" width=\"565\" height=\"350\" title=\"\" srcset=\"https:\/\/quicosenza.it\/news\/wp-content\/uploads\/2025\/10\/piazza-kennedy-sciopero-generale-cosenza-gaza-03-ottobre-01-1.jpg 970w, https:\/\/quicosenza.it\/news\/wp-content\/uploads\/2025\/10\/piazza-kennedy-sciopero-generale-cosenza-gaza-03-ottobre-01-1-300x186.jpg 300w, https:\/\/quicosenza.it\/news\/wp-content\/uploads\/2025\/10\/piazza-kennedy-sciopero-generale-cosenza-gaza-03-ottobre-01-1-768x475.jpg 768w, https:\/\/quicosenza.it\/news\/wp-content\/uploads\/2025\/10\/piazza-kennedy-sciopero-generale-cosenza-gaza-03-ottobre-01-1-679x420.jpg 679w, https:\/\/quicosenza.it\/news\/wp-content\/uploads\/2025\/10\/piazza-kennedy-sciopero-generale-cosenza-gaza-03-ottobre-01-1-150x93.jpg 150w, https:\/\/quicosenza.it\/news\/wp-content\/uploads\/2025\/10\/piazza-kennedy-sciopero-generale-cosenza-gaza-03-ottobre-01-1-696x431.jpg 696w, https:\/\/quicosenza.it\/news\/wp-content\/uploads\/2025\/10\/piazza-kennedy-sciopero-generale-cosenza-gaza-03-ottobre-01-1-356x220.jpg 356w\" sizes=\"auto, (max-width: 565px) 100vw, 565px\" \/><\/p>\n<p>\u00abLa mobilitazione di questa mattina &#8211; spiega <strong>Jessica Cosenza<\/strong>, del comitato La Base &#8211; \u00e8 rivolta soprattutto al Governo, siamo stanchi di una narrazione di parte e faziosa rispetto alla questione del riarmo e del genocidio. L<strong>a maggior parte di questo Paese \u00e8 contraria all&#8217;aumento delle spese per il riarmo e agli accordi con Israele. Il segnale di questa mattina \u00e8 rivolto anche alla societ\u00e0:<\/strong> chi \u00e8 partito con la Global Sumud Flotilla lo ha fatto per portare aiuti umanitari, e rompere un blocco navale illegale fatto da Israele in acque internazionali, che il nostro governo continua a sostenere. Un governo fatto si sovranisti, nazionalisti e patrioti dovrebbere mettere al centro la volont\u00e0 dei cittadini italiani che non vogliono un genocidio nei confronti del popolo palestinese\u00bb.<\/p>\n<p><img loading=\"lazy\" decoding=\"async\" class=\" wp-image-271764 aligncenter\" src=\"https:\/\/quicosenza.it\/news\/wp-content\/uploads\/2025\/10\/piazza-kennedy-sciopero-generale-cosenza-gaza-03-ottobre-05.jpg\" alt=\"\" width=\"580\" height=\"359\" title=\"\" srcset=\"https:\/\/quicosenza.it\/news\/wp-content\/uploads\/2025\/10\/piazza-kennedy-sciopero-generale-cosenza-gaza-03-ottobre-05.jpg 970w, https:\/\/quicosenza.it\/news\/wp-content\/uploads\/2025\/10\/piazza-kennedy-sciopero-generale-cosenza-gaza-03-ottobre-05-300x186.jpg 300w, https:\/\/quicosenza.it\/news\/wp-content\/uploads\/2025\/10\/piazza-kennedy-sciopero-generale-cosenza-gaza-03-ottobre-05-768x475.jpg 768w, https:\/\/quicosenza.it\/news\/wp-content\/uploads\/2025\/10\/piazza-kennedy-sciopero-generale-cosenza-gaza-03-ottobre-05-679x420.jpg 679w, https:\/\/quicosenza.it\/news\/wp-content\/uploads\/2025\/10\/piazza-kennedy-sciopero-generale-cosenza-gaza-03-ottobre-05-150x93.jpg 150w, https:\/\/quicosenza.it\/news\/wp-content\/uploads\/2025\/10\/piazza-kennedy-sciopero-generale-cosenza-gaza-03-ottobre-05-696x431.jpg 696w, https:\/\/quicosenza.it\/news\/wp-content\/uploads\/2025\/10\/piazza-kennedy-sciopero-generale-cosenza-gaza-03-ottobre-05-356x220.jpg 356w\" sizes=\"auto, (max-width: 580px) 100vw, 580px\" \/><\/p>\n<p><strong>Eugenio de Fazio<\/strong>, rappresentante del comitato &#8216;<strong>Cosenza e Unical per la Palestina<\/strong>&#8216;, spiega che questa mobilitazione rappresenta una \u00ab<strong>risposta compatta ad un genocidio<\/strong> in corso contro il popolo palestinese, accentuato dagli eventi delle ultime 24 ore\u00bb. Gli attivisti protestano contro il governo Meloni, sostenendo che \u00ab<strong>il governo non pu\u00f2 salvare il popolo, ma che \u00e8 solo il popolo stesso a poterlo fare<\/strong>\u00bb. La manifestazione ha l&#8217;obiettivo di &#8220;bloccare&#8221; le ingiustizie e punta ad unire le forze per una causa comune. \u00abStudenti universitari ma anche tantissimi delle scuole superiori: siamo tutti qui per cercare di &#8220;bloccare&#8221; il genocidio del popolo palestinese. Anche e soprattutto in virt\u00f9 di ci\u00f2 che \u00e8 successo nelle ultime 24 ore, ovvero il blocco della Global Sumud Flotilla\u00bb.<\/p>\n<p><img loading=\"lazy\" decoding=\"async\" class=\" wp-image-271761 aligncenter\" src=\"https:\/\/quicosenza.it\/news\/wp-content\/uploads\/2025\/10\/piazza-kennedy-sciopero-generale-cosenza-gaza-03-ottobre-03.jpg\" alt=\"piazza kennedy sciopero generale cosenza gaza 03 ottobre 03\" width=\"568\" height=\"351\" title=\"\" srcset=\"https:\/\/quicosenza.it\/news\/wp-content\/uploads\/2025\/10\/piazza-kennedy-sciopero-generale-cosenza-gaza-03-ottobre-03.jpg 970w, https:\/\/quicosenza.it\/news\/wp-content\/uploads\/2025\/10\/piazza-kennedy-sciopero-generale-cosenza-gaza-03-ottobre-03-300x186.jpg 300w, https:\/\/quicosenza.it\/news\/wp-content\/uploads\/2025\/10\/piazza-kennedy-sciopero-generale-cosenza-gaza-03-ottobre-03-768x475.jpg 768w, https:\/\/quicosenza.it\/news\/wp-content\/uploads\/2025\/10\/piazza-kennedy-sciopero-generale-cosenza-gaza-03-ottobre-03-679x420.jpg 679w, https:\/\/quicosenza.it\/news\/wp-content\/uploads\/2025\/10\/piazza-kennedy-sciopero-generale-cosenza-gaza-03-ottobre-03-150x93.jpg 150w, https:\/\/quicosenza.it\/news\/wp-content\/uploads\/2025\/10\/piazza-kennedy-sciopero-generale-cosenza-gaza-03-ottobre-03-696x431.jpg 696w, https:\/\/quicosenza.it\/news\/wp-content\/uploads\/2025\/10\/piazza-kennedy-sciopero-generale-cosenza-gaza-03-ottobre-03-356x220.jpg 356w\" sizes=\"auto, (max-width: 568px) 100vw, 568px\" \/><\/p>\n<p>&nbsp;<\/p>\n<p style=\"text-align: right;\"><em>Foto: Marco Belmonte<\/em><\/p>\n","protected":false},"excerpt":{"rendered":"<p>COSENZA &#8211; Anche Cosenza si unisce alla mobilitazione nazionale per la Palestina. Dopo la grande partecipazione alla manifestazione a\u00a0settembre, che ha visto oltre mezzo milione di persone in piazza in tutta Italia, e il corteo di ieri sera, ancora una volta la citt\u00e0 dei Bruzi risponde &#8216;presente&#8217; con una manifestazione che attraversa le strade del [&hellip;]<\/p>\n","protected":false},"author":42,"featured_media":271769,"comment_status":"closed","ping_status":"closed","sticky":false,"template":"","format":"standard","meta":{"_acf_changed":false,"footnotes":"","jetpack_publicize_message":"","jetpack_publicize_feature_enabled":true,"jetpack_social_post_already_shared":false,"jetpack_social_options":{"image_generator_settings":{"template":"highway","default_image_id":0,"font":"","enabled":false},"version":2}},"categories":[563,42],"tags":[19],"class_list":["post-271755","post","type-post","status-publish","format-standard","has-post-thumbnail","hentry","category-area-urbana","category-cosenza","tag-copertina"],"acf":[],"jetpack_publicize_connections":[],"_links":{"self":[{"href":"https:\/\/quicosenza.it\/news\/wp-json\/wp\/v2\/posts\/271755","targetHints":{"allow":["GET"]}}],"collection":[{"href":"https:\/\/quicosenza.it\/news\/wp-json\/wp\/v2\/posts"}],"about":[{"href":"https:\/\/quicosenza.it\/news\/wp-json\/wp\/v2\/types\/post"}],"author":[{"embeddable":true,"href":"https:\/\/quicosenza.it\/news\/wp-json\/wp\/v2\/users\/42"}],"replies":[{"embeddable":true,"href":"https:\/\/quicosenza.it\/news\/wp-json\/wp\/v2\/comments?post=271755"}],"version-history":[{"count":0,"href":"https:\/\/quicosenza.it\/news\/wp-json\/wp\/v2\/posts\/271755\/revisions"}],"wp:featuredmedia":[{"embeddable":true,"href":"https:\/\/quicosenza.it\/news\/wp-json\/wp\/v2\/media\/271769"}],"wp:attachment":[{"href":"https:\/\/quicosenza.it\/news\/wp-json\/wp\/v2\/media?parent=271755"}],"wp:term":[{"taxonomy":"category","embeddable":true,"href":"https:\/\/quicosenza.it\/news\/wp-json\/wp\/v2\/categories?post=271755"},{"taxonomy":"post_tag","embeddable":true,"href":"https:\/\/quicosenza.it\/news\/wp-json\/wp\/v2\/tags?post=271755"}],"curies":[{"name":"wp","href":"https:\/\/api.w.org\/{rel}","templated":true}]}}